{"id":2231,"date":"2016-04-12T16:53:26","date_gmt":"2016-04-12T15:53:26","guid":{"rendered":"http:\/\/www.mimiryudo.com\/blog\/?p=2231"},"modified":"2016-04-13T00:11:47","modified_gmt":"2016-04-12T23:11:47","slug":"ecn-ministere-sante","status":"publish","type":"post","link":"https:\/\/www.mimiryudo.com\/blog\/2016\/04\/ecn-ministere-sante\/","title":{"rendered":"ECN et minist\u00e8re de la sant\u00e9"},"content":{"rendered":"<p>Un jour je vous raconterai vraiment\u00a0les ECN 2011 et le retour du come-back de la LCA foir\u00e9e. J&rsquo;ai abord\u00e9 le sujet plusieurs fois, mais jamais en fond. Ca sera\u00a0ma psychoth\u00e9rapie.<\/p>\n<p>Pour rappel, pour ceux qui l&rsquo;ignorent, voil\u00e0 (parodiquement) ce qui s&rsquo;est pass\u00e9 et a entra\u00een\u00e9 le repassage d&rsquo;une \u00e9preuve 15 jours plus tard :<\/p>\n<p><span class=\"embed-youtube\" style=\"text-align:center; display: block;\"><iframe loading=\"lazy\" class=\"youtube-player\" width=\"640\" height=\"360\" src=\"https:\/\/www.youtube.com\/embed\/4I71YPTU2E0?version=3&#038;rel=1&#038;showsearch=0&#038;showinfo=1&#038;iv_load_policy=1&#038;fs=1&#038;hl=fr-FR&#038;autohide=2&#038;wmode=transparent\" allowfullscreen=\"true\" style=\"border:0;\" sandbox=\"allow-scripts allow-same-origin allow-popups allow-presentation allow-popups-to-escape-sandbox\"><\/iframe><\/span><\/p>\n<p>En attendant, je vais revenir juste en\u00a0d\u00e9cembre 2015, avec le fiasco des ECNi test. J&rsquo;avais fait une petite s\u00e9rie de tweets \u00e0 ce moment-l\u00e0.<\/p>\n<p><!--more--><\/p>\n<blockquote class=\"twitter-tweet\" data-lang=\"fr\">\n<p dir=\"ltr\" lang=\"fr\">Les <a href=\"https:\/\/twitter.com\/hashtag\/ECNiTest?src=hash\">#ECNiTest<\/a> testent pour la 1\u00e8re fois la connexion sur iPad de 8000 \u00e9tudiants en France sur (6 dossiers x 15 QCM sur 3h) x 3 demi-journ\u00e9es<\/p>\n<p>\u2014 Micha\u00ebl (@mimiryudo) <a href=\"https:\/\/twitter.com\/mimiryudo\/status\/674167124181557249\">8 d\u00e9cembre 2015<\/a><\/p><\/blockquote>\n<blockquote class=\"twitter-tweet\" data-lang=\"fr\">\n<p dir=\"ltr\" lang=\"fr\">Il reste un test en mars puis le vrai concours est en juin. Il classera les 8000 \u00e9tudiants qui pourront choisir leur sp\u00e9cialit\u00e9, leur ville.<\/p>\n<p>\u2014 Micha\u00ebl (@mimiryudo) <a href=\"https:\/\/twitter.com\/mimiryudo\/status\/674167924630925312\">8 d\u00e9cembre 2015<\/a><\/p><\/blockquote>\n<p><script src=\"\/\/platform.twitter.com\/widgets.js\" async=\"\" charset=\"utf-8\"><\/script><\/p>\n<blockquote class=\"twitter-tweet\" data-lang=\"fr\"><p>\nS&rsquo;il faut donner un seul exemple : presque tous sont inscrits en \u00ab\u00a0conf\u00a0\u00bb facultative payante (18h-22h30 1 \u00e0 2 fois par semaine pendant 3 ans) \u2014 Micha\u00ebl (@mimiryudo) <a href=\"https:\/\/twitter.com\/mimiryudo\/status\/674169002407653377\">8 d\u00e9cembre 2015<\/a>\n<\/p><\/blockquote>\n<blockquote class=\"twitter-tweet\" data-lang=\"fr\"><p>\n3 ans pour pondre un truc potable techniquement. C&rsquo;est compliqu\u00e9, c&rsquo;est nouveau mais c&rsquo;est faisable ou pas faisable. <a href=\"https:\/\/t.co\/DFFsDoCrHF\">https:\/\/t.co\/DFFsDoCrHF<\/a> \u2014 Micha\u00ebl (@mimiryudo) <a href=\"https:\/\/twitter.com\/mimiryudo\/status\/674170580413915136\">8 d\u00e9cembre 2015<\/a>\n<\/p><\/blockquote>\n<p><script src=\"\/\/platform.twitter.com\/widgets.js\" async=\"\" charset=\"utf-8\"><\/script><\/p>\n<blockquote class=\"twitter-tweet\" data-lang=\"fr\">\n<p dir=\"ltr\" lang=\"fr\">Je n&rsquo;ai plus celui du <a href=\"https:\/\/twitter.com\/sup_recherche\">@sup_recherche<\/a> mais je vais vous le spoiler : c&rsquo;\u00e9tait administratif, sans compassion, avec ZERO excuse. <a href=\"https:\/\/twitter.com\/hashtag\/PasGraveLol?src=hash\">#PasGraveLol<\/a><\/p>\n<p>\u2014 Micha\u00ebl (@mimiryudo) <a href=\"https:\/\/twitter.com\/mimiryudo\/status\/674172799100043264\">8 d\u00e9cembre 2015<\/a><\/p><\/blockquote>\n<blockquote class=\"twitter-tweet\" data-lang=\"fr\">\n<p dir=\"ltr\" lang=\"fr\">Les facs ont jou\u00e9 le jeu, investi dans les tablettes, chang\u00e9 les examens&#8230; Mais au CNG, il n&rsquo;y a que le YOLO qui compte. Voil\u00e0. <a href=\"https:\/\/twitter.com\/hashtag\/FinDuFlood?src=hash\">#FinDuFlood<\/a><\/p>\n<p>\u2014 Micha\u00ebl (@mimiryudo) <a href=\"https:\/\/twitter.com\/mimiryudo\/status\/674173475775467520\">8 d\u00e9cembre 2015<\/a><\/p><\/blockquote>\n<p><script src=\"\/\/platform.twitter.com\/widgets.js\" async=\"\" charset=\"utf-8\"><\/script><\/p>\n<blockquote class=\"twitter-tweet\" data-lang=\"fr\"><p>\nAh je savais que j&rsquo;avais revu cette lettre par Elliot \\o\/ AUCUN \u00ab\u00a0pardon\u00a0\u00bb, \u00ab\u00a0d\u00e9sol\u00e9\u00a0\u00bb de <a href=\"https:\/\/twitter.com\/vpecresse\">@vpecresse<\/a> et <a href=\"https:\/\/twitter.com\/xavierbertrand\">@xavierbertrand<\/a>. <a href=\"https:\/\/t.co\/9WHACFZq2O\">https:\/\/t.co\/9WHACFZq2O<\/a> \u2014 Micha\u00ebl (@mimiryudo) <a href=\"https:\/\/twitter.com\/mimiryudo\/status\/674177279224848384\">8 d\u00e9cembre 2015<\/a>\n<\/p><\/blockquote>\n<p>Alors je rappelle que c&rsquo;\u00e9tait bien <a href=\"http:\/\/www.letudiant.fr\/educpros\/actualite\/etudes-de-medecine-le-test-grandeur-nature-des-ecni-du-jour-annule.html\" target=\"_blank\">un fiasco<\/a> hein, \u00e9videmment\u00a0<a href=\"http:\/\/www.letudiant.fr\/etudes\/medecine-sante\/echec-du-test-des-ecni-les-etudiants-se-surnomment-la-promocrashtest.html\" target=\"_blank\">mal v\u00e9cu<\/a> par les \u00e9tudiants (dont certains ont repris la <a href=\"https:\/\/www.youtube.com\/watch?v=NFB-BLejXYQ\" target=\"_blank\">parodie sur la Chute<\/a> d&rsquo;ailleurs)&#8230; Il n&rsquo;y a (encore une fois) pas eu d&rsquo;excuses officielles, mais au moins un soutien tr\u00e8s appuy\u00e9 des <a href=\"http:\/\/www.cpu.fr\/actualite\/epreuves-classantes-nationales-message-a-lattention-des-etudiants-de-medecine\/\" target=\"_blank\">pr\u00e9sidents d&rsquo;universit\u00e9s<\/a> qui faisaient plaisir \u00e0 lire (une petite rancoeur contre le CNG de ma part ? Je ne sais pas&#8230;)\u00a0 J&rsquo;avais aussi retweet\u00e9 quelques\u00a0remarques d&rsquo;\u00e9tudiants dans le bain :<\/p>\n<blockquote class=\"twitter-tweet\" data-lang=\"fr\"><p>\nT&rsquo;es sur l&rsquo;\u00e9preuve que \u00e7a bug. On te dis d&rsquo;actualiser et que tu te retrouve face avec le bandeau bleu <a href=\"https:\/\/twitter.com\/hashtag\/ECNi2016?src=hash\">#ECNi2016<\/a> <a href=\"https:\/\/t.co\/xfhrRC1nkC\">pic.twitter.com\/xfhrRC1nkC<\/a> \u2014 Chlo\u00e9 \u26a1\ufe0f (@Clouchka) <a href=\"https:\/\/twitter.com\/Clouchka\/status\/674165425979133952\">8 d\u00e9cembre 2015<\/a>\n<\/p><\/blockquote>\n<p><script src=\"\/\/platform.twitter.com\/widgets.js\" async=\"\" charset=\"utf-8\"><\/script><\/p>\n<blockquote class=\"twitter-tweet\" data-lang=\"fr\">\n<p dir=\"ltr\" lang=\"fr\">Les prochaines QI pour l&rsquo;<a href=\"https:\/\/twitter.com\/hashtag\/ECNi?src=hash\">#ECNi<\/a> <a href=\"https:\/\/twitter.com\/hashtag\/ECNi2016?src=hash\">#ECNi2016<\/a> <a href=\"https:\/\/twitter.com\/hashtag\/CNG?src=hash\">#CNG<\/a> <a href=\"https:\/\/twitter.com\/hashtag\/histoiredelapsychiatrie?src=hash\">#histoiredelapsychiatrie<\/a> <a href=\"https:\/\/twitter.com\/hashtag\/AnnArbor?src=hash\">#AnnArbor<\/a> <a href=\"https:\/\/t.co\/dCG2YLECwt\">pic.twitter.com\/dCG2YLECwt<\/a><\/p>\n<p>\u2014 Franz KafKanye West (@marechaljuillet) <a href=\"https:\/\/twitter.com\/marechaljuillet\/status\/674281540701036544\">8 d\u00e9cembre 2015<\/a><\/p><\/blockquote>\n<blockquote class=\"twitter-tweet\" data-lang=\"fr\">\n<p dir=\"ltr\" lang=\"fr\">Quand on voit le site du <a href=\"https:\/\/twitter.com\/hashtag\/CNCI?src=hash\">#CNCI<\/a>, on ne s&rsquo;y attendait pas &#8230; <a href=\"https:\/\/twitter.com\/hashtag\/CNG?src=hash\">#CNG<\/a> <a href=\"https:\/\/twitter.com\/CabTouraine\">@CabTouraine<\/a> <a href=\"https:\/\/twitter.com\/MarisolTouraine\">@MarisolTouraine<\/a> <a href=\"https:\/\/twitter.com\/mandonthierry\">@mandonthierry<\/a> <a href=\"https:\/\/t.co\/95btg3gnMU\">pic.twitter.com\/95btg3gnMU<\/a><\/p>\n<p>\u2014 Mathieu Levaillant (@MatLevaillant) <a href=\"https:\/\/twitter.com\/MatLevaillant\/status\/674167624813699072\">8 d\u00e9cembre 2015<\/a><\/p><\/blockquote>\n<p><script src=\"\/\/platform.twitter.com\/widgets.js\" async=\"\" charset=\"utf-8\"><\/script>Vous voyez ce dernier tweet ? Il interpelle la ministre des Affaires Sociales et de la Sant\u00e9. <strong>Sa r\u00e9ponse ? Aucune.<\/strong><\/p>\n<div id=\"attachment_2233\" style=\"width: 680px\" class=\"wp-caption aligncenter\"><a href=\"http:\/\/www.mimiryudo.com\/blog\/wp-content\/uploads\/2016\/04\/Capture-d\u2019\u00e9cran-2016-04-12-\u00e0-17.06.08.png\"><img loading=\"lazy\" decoding=\"async\" aria-describedby=\"caption-attachment-2233\" data-attachment-id=\"2233\" data-permalink=\"https:\/\/www.mimiryudo.com\/blog\/2016\/04\/ecn-ministere-sante\/capture-decran-2016-04-12-a-17-06-08\/\" data-orig-file=\"https:\/\/www.mimiryudo.com\/blog\/wp-content\/uploads\/2016\/04\/Capture-d\u2019\u00e9cran-2016-04-12-\u00e0-17.06.08.png\" data-orig-size=\"1384,1262\" data-comments-opened=\"1\" data-image-meta=\"{&quot;aperture&quot;:&quot;0&quot;,&quot;credit&quot;:&quot;&quot;,&quot;camera&quot;:&quot;&quot;,&quot;caption&quot;:&quot;&quot;,&quot;created_timestamp&quot;:&quot;0&quot;,&quot;copyright&quot;:&quot;&quot;,&quot;focal_length&quot;:&quot;0&quot;,&quot;iso&quot;:&quot;0&quot;,&quot;shutter_speed&quot;:&quot;0&quot;,&quot;title&quot;:&quot;&quot;,&quot;orientation&quot;:&quot;0&quot;}\" data-image-title=\"Marisol\" data-image-description=\"\" data-image-caption=\"&lt;p&gt;Attention, cette image peut contenir du rien\u00e0foutrisme concernant les \u00e9l\u00e9ments suivants : ECNi, 8000 \u00e9tudiants.&lt;\/p&gt;\n\" data-large-file=\"https:\/\/www.mimiryudo.com\/blog\/wp-content\/uploads\/2016\/04\/Capture-d\u2019\u00e9cran-2016-04-12-\u00e0-17.06.08-1024x934.png\" class=\"size-large wp-image-2233\" src=\"http:\/\/www.mimiryudo.com\/blog\/wp-content\/uploads\/2016\/04\/Capture-d\u2019\u00e9cran-2016-04-12-\u00e0-17.06.08-1024x934.png\" alt=\"Attention, cette image peut contenir du rien\u00e0foutrisme concernant les \u00e9l\u00e9ments suivants : ECNi, 8000 \u00e9tudiants.\" width=\"670\" height=\"611\" srcset=\"https:\/\/www.mimiryudo.com\/blog\/wp-content\/uploads\/2016\/04\/Capture-d\u2019\u00e9cran-2016-04-12-\u00e0-17.06.08-1024x934.png 1024w, https:\/\/www.mimiryudo.com\/blog\/wp-content\/uploads\/2016\/04\/Capture-d\u2019\u00e9cran-2016-04-12-\u00e0-17.06.08-300x274.png 300w, https:\/\/www.mimiryudo.com\/blog\/wp-content\/uploads\/2016\/04\/Capture-d\u2019\u00e9cran-2016-04-12-\u00e0-17.06.08.png 1384w\" sizes=\"auto, (max-width: 670px) 100vw, 670px\" \/><\/a><p id=\"caption-attachment-2233\" class=\"wp-caption-text\">Attention, cette image peut contenir du rien\u00e0foutrisme concernant les \u00e9l\u00e9ments suivants : ECNi, 8000 \u00e9tudiants.<\/p><\/div>\n<p>&nbsp;<\/p>\n<p>Par contre, r\u00e9cemment, il y a eu une\u00a0pol\u00e9mique\u00a0\u00e0 propos d&rsquo;un examen blanc parisien (qui touche donc moins de 1000 \u00e9tudiants), \u00e0 cause de ce QCM.<\/p>\n<blockquote class=\"twitter-tweet\" data-lang=\"fr\"><p>Le harc\u00e8lement sexuel au travail fait beaucoup rire les m\u00e9decins qui r\u00e9digent les examens blancs de ma fac. Honteux <a href=\"https:\/\/t.co\/HGenXbveBy\">pic.twitter.com\/HGenXbveBy<\/a> \u2014 Pauline(tte) (@pziou) <a href=\"https:\/\/twitter.com\/pziou\/status\/718442229187100672\">8 avril 2016<\/a><\/p><\/blockquote>\n<p>(L&rsquo;\u00e9tudiante qui l&rsquo;a relay\u00e9 a expliqu\u00e9 son v\u00e9cu sur le sexisme dans les \u00e9tudes m\u00e9dicales et la m\u00e9decine en g\u00e9n\u00e9ral <a href=\"http:\/\/leplus.nouvelobs.com\/contribution\/1504945-envoyer-au-coin-une-patiente-ayant-recu-une-fessee-je-n-accepte-pas-ce-sexisme-ordinaire.html\" target=\"_blank\">dans ce billet<\/a>.) Je ne sais pas si ce QCM est dr\u00f4le ou pas (on va dire que \u00e7a d\u00e9pend &#8211; j&rsquo;ai pas ri si vous voulez savoir, mais je ne suis pas un ma\u00eetre-\u00e9talon de l&rsquo;humour), sexiste ou pas&#8230;<\/p>\n<p>Dans mon imagination, il s&rsquo;agit surtout d&rsquo;un item r\u00e9dig\u00e9 en d\u00e9sespoir de cause par un r\u00e9dacteur de QCM qui ne trouve pas de 5\u00e8me proposition cr\u00e9dible, craque parce qu&rsquo;il est tard, trouve un truc amusant sur le coup, l&rsquo;\u00e9crit et basta. Alors certes, c&rsquo;est gras et pas bienvenu dans un examen touchant un public pas venu pour se fendre la poire&#8230; Mais des blagues (c&rsquo;est \u00e9videmment \u00e7a \u00e0 la base !) qu&rsquo;on \u00e9crit et qui ne sont finalement pas dr\u00f4les, \u00e7a arrive, non ? Vous qui lisez ce blog, en tout cas, vous le savez : \u00e7a arrive.<\/p>\n<p>Il parait m\u00eame que l&rsquo;erreur est humaine et que quand on est le CNG ou ministre, on peut se dispenser de s&rsquo;excuser. Les gens du minist\u00e8re, rompus \u00e0 l&rsquo;exercice, savent d&rsquo;ailleurs garder leur retenue. Rien \u00e0 voir avec cette personne qui &#8211; sans qu&rsquo;on ne l&rsquo;interpelle &#8211; est intervenue\u00a0avec le hashtag\u00a0#ECNi<\/p>\n<div id=\"attachment_2234\" style=\"width: 680px\" class=\"wp-caption aligncenter\"><a href=\"http:\/\/www.mimiryudo.com\/blog\/wp-content\/uploads\/2016\/04\/Capture-d\u2019\u00e9cran-2016-04-12-\u00e0-17.33.09.png\"><img loading=\"lazy\" decoding=\"async\" aria-describedby=\"caption-attachment-2234\" data-attachment-id=\"2234\" data-permalink=\"https:\/\/www.mimiryudo.com\/blog\/2016\/04\/ecn-ministere-sante\/capture-decran-2016-04-12-a-17-33-09\/\" data-orig-file=\"https:\/\/www.mimiryudo.com\/blog\/wp-content\/uploads\/2016\/04\/Capture-d\u2019\u00e9cran-2016-04-12-\u00e0-17.33.09.png\" data-orig-size=\"1504,798\" data-comments-opened=\"1\" data-image-meta=\"{&quot;aperture&quot;:&quot;0&quot;,&quot;credit&quot;:&quot;&quot;,&quot;camera&quot;:&quot;&quot;,&quot;caption&quot;:&quot;&quot;,&quot;created_timestamp&quot;:&quot;0&quot;,&quot;copyright&quot;:&quot;&quot;,&quot;focal_length&quot;:&quot;0&quot;,&quot;iso&quot;:&quot;0&quot;,&quot;shutter_speed&quot;:&quot;0&quot;,&quot;title&quot;:&quot;&quot;,&quot;orientation&quot;:&quot;0&quot;}\" data-image-title=\"Capture d\u2019\u00e9cran 2016-04-12 \u00e0 17.33.09\" data-image-description=\"\" data-image-caption=\"&lt;p&gt;\u00ab\u00a0Les ECNi, mais c&amp;rsquo;est mon projet de coeur, voyons ! Je suis tout ce qui se fait l\u00e0-dessus\u00a0\u00bb. &lt;\/p&gt;\n\" data-large-file=\"https:\/\/www.mimiryudo.com\/blog\/wp-content\/uploads\/2016\/04\/Capture-d\u2019\u00e9cran-2016-04-12-\u00e0-17.33.09-1024x543.png\" class=\"size-large wp-image-2234\" src=\"http:\/\/www.mimiryudo.com\/blog\/wp-content\/uploads\/2016\/04\/Capture-d\u2019\u00e9cran-2016-04-12-\u00e0-17.33.09-1024x543.png\" alt=\"&quot;Les ECNi, mais c'est mon projet de coeur, voyons ! Je suis tout ce qui se fait l\u00e0-dessus&quot;. \" width=\"670\" height=\"355\" srcset=\"https:\/\/www.mimiryudo.com\/blog\/wp-content\/uploads\/2016\/04\/Capture-d\u2019\u00e9cran-2016-04-12-\u00e0-17.33.09-1024x543.png 1024w, https:\/\/www.mimiryudo.com\/blog\/wp-content\/uploads\/2016\/04\/Capture-d\u2019\u00e9cran-2016-04-12-\u00e0-17.33.09-300x159.png 300w, https:\/\/www.mimiryudo.com\/blog\/wp-content\/uploads\/2016\/04\/Capture-d\u2019\u00e9cran-2016-04-12-\u00e0-17.33.09.png 1504w\" sizes=\"auto, (max-width: 670px) 100vw, 670px\" \/><\/a><p id=\"caption-attachment-2234\" class=\"wp-caption-text\">\u00ab\u00a0Les ECNi, mais c&rsquo;est mon projet de coeur, voyons ! Je suis tout ce qui se fait l\u00e0-dessus\u00a0\u00bb.<\/p><\/div>\n<p>C&rsquo;est peut-\u00eatre de la r\u00e9cup\u00e9ration ou de la communication.*<\/p>\n<p>En tout cas, \u00e7a n&rsquo;a pas l&rsquo;air tr\u00e8s chevaleresque comme comportement envers le concepteur du QCM (dont on n&rsquo;a pas demand\u00e9 son avis sur la question depuis \u00e0 ma connaissance), de la part de quelqu&rsquo;un qui s&rsquo;est quand m\u00eame assise sur la d\u00e9moralisation de 8000 \u00e9tudiants 4 mois plus t\u00f4t.<em>\u00a0<\/em><\/p>\n<p>&nbsp;<\/p>\n<p>*Quelques discussions sur Twitter m&rsquo;incitent \u00e0 pr\u00e9ciser certains points tr\u00e8s clairement :<\/p>\n<ul>\n<li><strong>est-ce que je trouve ce QCM sexiste ?<\/strong> Oui, \u00e9videmment. Il n&rsquo;aurait pas d\u00fb passer le conseil p\u00e9dagogique et atterrir en examen&#8230;<\/li>\n<li><strong>est-ce que je pense que le concepteur du QCM est sexiste ?<\/strong> <span style=\"text-decoration: underline;\">Je ne sais pas.<\/span> (C&rsquo;est l\u00e0 l&rsquo;objet de quasi tous les d\u00e9bats que j&rsquo;ai eu sur Twitter). J&rsquo;aime bien croire que non : d&rsquo;une part, la r\u00e9ponse \u00e9tait bien n\u00e9gative (ouf !), d&rsquo;autre part, c&rsquo;est un enseignant qui fait justement un QCM de \u00ab\u00a0coups et blessures\u00a0\u00bb sur une situation de harc\u00e8lement sexuel au travail, ce qui est plut\u00f4t rare et original (comme sujet de QCM j&rsquo;entends)&#8230;<\/li>\n<li><strong>est-ce que je pense qu&rsquo;on aurait d\u00fb interroger la facult\u00e9 et avoir son avis dans la presse ?<\/strong> Oui.<\/li>\n<li><strong>est-ce que ce QCM doit \u00eatre critiqu\u00e9 ?<\/strong> Oui.<\/li>\n<li><strong>est-ce que ce QCM doit devenir un symbole du sexisme en m\u00e9decine ?<\/strong> Non. Pas \u00ab\u00a0parce qu&rsquo;il y a pire\u00a0\u00bb, mais parce que l\u00e0 \u00e7a PEUT \u00eatre une simple erreur, d&rsquo;un concepteur qui l&rsquo;a regrett\u00e9 entre son envoi et son impression (peut-\u00eatre hein, j&rsquo;insiste : peut-\u00eatre !).<\/li>\n<li><strong>est-ce que je pense que la ministre aurait d\u00fb intervenir ?<\/strong> Je trouve que \u00e7a va un peu loin. J&rsquo;aurais pr\u00e9f\u00e9r\u00e9 avoir l&rsquo;avis du concepteur, du conseil p\u00e9dagogique, de la fac, un sondage d&rsquo;\u00e9tudiants&#8230; Il y avait des \u00e9l\u00e9ments \u00ab\u00a0de terrain\u00a0\u00bb bien plus int\u00e9ressants. Mais je suis sensible aux arguments qui disent que son intervention est un \u00ab\u00a0poids\u00a0\u00bb pour faire bouger les choses et \u00e9voquer le sexisme de fa\u00e7on g\u00e9n\u00e9rale dans les \u00e9tudes de m\u00e9decine. Alors \u00ab\u00a0mouiiii\u00a0\u00bb, sa remarque a du sens&#8230; Elle garde quand m\u00eame \u00e0 mes yeux un c\u00f4t\u00e9 aga\u00e7ant par sa r\u00e9daction tr\u00e8s \u00ab\u00a0donneuse de le\u00e7ons\u00a0\u00bb, alors qu&rsquo;elle ne fait que donner un coup suppl\u00e9mentaire dans un \u00ab\u00a0QCM\u00a0\u00bb (et son concepteur \u00e0 travers lui ?) d\u00e9j\u00e0 \u00e0 terre et rou\u00e9 de toutes parts. Mais disons qu&rsquo;elle est intervenue l\u00e0, et qu&rsquo;on ne peut pas lui reprocher le fond.<\/li>\n<li><strong>est-ce que la ministre aurait d\u00fb intervenir en d\u00e9cembre ?<\/strong> Je ne savais pas avant aujourd&rsquo;hui&#8230; J&rsquo;aurais bien dit que c&rsquo;\u00e9tait surtout au minist\u00e8re de l&rsquo;enseignement sup\u00e9rieur et de la recherche de se mouiller. Mais puisqu&rsquo;elle parle des #ECNi maintenant (avec le bon hashtag et tout), alors il devient inadmissible qu&rsquo;elle n&rsquo;ait pas dit quelque chose en d\u00e9cembre.<\/li>\n<\/ul>\n<p>Sur ce, bonne nuit&#8230;<\/p>\n<!-- templates\/buttons-placeholder.php -->\n<div class=\"da-reactions-outer TpostID2231\">\n\t    <div class=\"da-reactions-data da-reactions-container-async center\"\n         data-type=\"post\"\n         data-id=\"2231\"\n         id=\"da-reactions-slot-post-2231\">\n        <div class=\"da-reactions-exposed\">\n\t\t\t<img src=\"https:\/\/www.mimiryudo.com\/blog\/wp-content\/plugins\/da-reactions\/assets\/dist\/loading.svg\" alt=\"Loading spinner\" width=\"64\" height=\"64\" style=\"width:64px\" \/>\n        <\/div>\n    <\/div>\n<\/div>\n","protected":false},"excerpt":{"rendered":"<p>Un jour je vous raconterai vraiment\u00a0les ECN 2011 et le retour du come-back de la LCA foir\u00e9e. J&rsquo;ai abord\u00e9 le sujet plusieurs fois, mais jamais en fond. Ca sera\u00a0ma psychoth\u00e9rapie. Pour rappel, pour ceux qui l&rsquo;ignorent, voil\u00e0 (parodiquement) ce qui &hellip; <a href=\"https:\/\/www.mimiryudo.com\/blog\/2016\/04\/ecn-ministere-sante\/\">Continuer la lecture <span class=\"meta-nav\">&rarr;<\/span><\/a><\/p>\n<!-- templates\/buttons-placeholder.php -->\n<div class=\"da-reactions-outer TpostID2231\">\n\t    <div class=\"da-reactions-data da-reactions-container-async center\"\n         data-type=\"post\"\n         data-id=\"2231\"\n         id=\"da-reactions-slot-post-2231\">\n        <div class=\"da-reactions-exposed\">\n\t\t\t<img src=\"https:\/\/www.mimiryudo.com\/blog\/wp-content\/plugins\/da-reactions\/assets\/dist\/loading.svg\" alt=\"Loading spinner\" width=\"64\" height=\"64\" style=\"width:64px\" \/>\n        <\/div>\n    <\/div>\n<\/div>\n","protected":false},"author":1,"featured_media":0,"comment_status":"open","ping_status":"open","sticky":false,"template":"","format":"standard","meta":{"jetpack_post_was_ever_published":false,"_jetpack_newsletter_access":"","_jetpack_dont_email_post_to_subs":false,"_jetpack_newsletter_tier_id":0,"_jetpack_memberships_contains_paywalled_content":false,"_jetpack_memberships_contains_paid_content":false,"footnotes":"","jetpack_publicize_message":"","jetpack_publicize_feature_enabled":true,"jetpack_social_post_already_shared":true,"jetpack_social_options":{"image_generator_settings":{"template":"highway","default_image_id":0,"font":"","enabled":false},"version":2}},"categories":[15],"tags":[438,223,437,439,225,441,440,442],"class_list":["post-2231","post","type-post","status-publish","format-standard","hentry","category-faites-medecine-quils-disaient","tag-438","tag-ecn","tag-ecni","tag-ecni-test","tag-lca","tag-ministere-de-la-sante","tag-ministre-de-la-sante","tag-sexisme"],"jetpack_publicize_connections":[],"jetpack_featured_media_url":"","jetpack_shortlink":"https:\/\/wp.me\/p33dWC-zZ","jetpack_sharing_enabled":true,"jetpack-related-posts":[],"_links":{"self":[{"href":"https:\/\/www.mimiryudo.com\/blog\/wp-json\/wp\/v2\/posts\/2231","targetHints":{"allow":["GET"]}}],"collection":[{"href":"https:\/\/www.mimiryudo.com\/blog\/wp-json\/wp\/v2\/posts"}],"about":[{"href":"https:\/\/www.mimiryudo.com\/blog\/wp-json\/wp\/v2\/types\/post"}],"author":[{"embeddable":true,"href":"https:\/\/www.mimiryudo.com\/blog\/wp-json\/wp\/v2\/users\/1"}],"replies":[{"embeddable":true,"href":"https:\/\/www.mimiryudo.com\/blog\/wp-json\/wp\/v2\/comments?post=2231"}],"version-history":[{"count":5,"href":"https:\/\/www.mimiryudo.com\/blog\/wp-json\/wp\/v2\/posts\/2231\/revisions"}],"predecessor-version":[{"id":2238,"href":"https:\/\/www.mimiryudo.com\/blog\/wp-json\/wp\/v2\/posts\/2231\/revisions\/2238"}],"wp:attachment":[{"href":"https:\/\/www.mimiryudo.com\/blog\/wp-json\/wp\/v2\/media?parent=2231"}],"wp:term":[{"taxonomy":"category","embeddable":true,"href":"https:\/\/www.mimiryudo.com\/blog\/wp-json\/wp\/v2\/categories?post=2231"},{"taxonomy":"post_tag","embeddable":true,"href":"https:\/\/www.mimiryudo.com\/blog\/wp-json\/wp\/v2\/tags?post=2231"}],"curies":[{"name":"wp","href":"https:\/\/api.w.org\/{rel}","templated":true}]}}