{"id":2383,"date":"2017-07-03T21:00:52","date_gmt":"2017-07-03T20:00:52","guid":{"rendered":"http:\/\/www.mimiryudo.com\/blog\/?p=2383"},"modified":"2017-07-03T21:00:52","modified_gmt":"2017-07-03T20:00:52","slug":"le-cout-des-etudiants-en-finir-avec-les-idees-folles","status":"publish","type":"post","link":"https:\/\/www.mimiryudo.com\/blog\/2017\/07\/le-cout-des-etudiants-en-finir-avec-les-idees-folles\/","title":{"rendered":"Le co\u00fbt des \u00e9tudiants : en finir avec les id\u00e9es folles"},"content":{"rendered":"<p>Je vais traiter un marronnier : le co\u00fbt des \u00e9tudiants.<\/p>\n<p>En m\u00e9decine, on l&rsquo;entend r\u00e9guli\u00e8rement quand il est question de la libert\u00e9 d&rsquo;installation, sur le mode \u00ab\u00a0ouiiii mais l&rsquo;Etat vous a pay\u00e9, blablabla, vous avez co\u00fbt\u00e9 cher, vous nous devez bien \u00e7aaaa\u00a0\u00bb. A quoi les \u00e9tudiants r\u00e9pondent : nous avons travaill\u00e9 comme externe pendant 3 ans \u00e0 mi-temps sous-pay\u00e9 (150\u20ac\/mois, avec 1 trimestre de cotis\u00e9 pour la retraite\u00a0par an), sans compter l&rsquo;internat o\u00f9 nous ne croulons pas non plus sous les diamants. D&rsquo;autres r\u00e9pondent d&rsquo;ailleurs mieux avec un thread complet sur les \u00e9tudes m\u00e9dicales&#8230;<\/p>\n<blockquote class=\"twitter-tweet\" data-lang=\"fr\">\n<p dir=\"ltr\" lang=\"fr\">Apr\u00e8s le cauchemar des <a href=\"https:\/\/twitter.com\/hashtag\/ECNi2017?src=hash\">#ECNi2017<\/a>, c&rsquo;est le bon moment pour faire un thread sur ce que sont les \u00e9tudes de m\u00e9decine en France en 2017.<\/p>\n<p>\u2014 B. (@Belharraa) <a href=\"https:\/\/twitter.com\/Belharraa\/status\/879392254921777153\">26 juin 2017<\/a><\/p><\/blockquote>\n<p><script src=\"\/\/platform.twitter.com\/widgets.js\" async=\"\" charset=\"utf-8\"><\/script><br \/>\nBref, le co\u00fbt des \u00e9tudiants, \u00e7a revient comme le rhume en hiver, et c&rsquo;est souvent \u00e0 peu pr\u00e8s aussi sympathique. Quelques chiffres sont r\u00e9guli\u00e8rement repris par les uns et les autres, sur les r\u00e9seaux sociaux, dans la presse financi\u00e8re (Challenges, Capital&#8230;) ou grand public, et ils peuvent donner un peu le tournis quand ils sont pris isol\u00e9ment. Par exemple, voici quelques titres :<\/p>\n<ul>\n<li><a href=\"http:\/\/www.capital.fr\/votre-carriere\/un-etudiant-a-l-universite-coute-8-000-euros-par-an-a-l-etat-848921\">Capital, 2013<\/a> : \u00ab\u00a0Un \u00e9tudiant \u00e0 l&rsquo;universit\u00e9 co\u00fbte 8000 euros par an \u00e0 l&rsquo;Etat\u00a0\u00bb (&#8230; chiffre \u00e0 prendre avec pr\u00e9caution, lit-on dans l&rsquo;article)<\/li>\n<li><a href=\"https:\/\/www.challenges.fr\/emploi\/combien-coute-un-etudiant-a-l-etat_40375\">Challenges, 2013<\/a> : \u00ab\u00a0Combien co\u00fbte un \u00e9tudiant \u00e0 l&rsquo;Etat ? (&#8230;) 8000 euros en moyenne, dans la moyenne des pays de l&rsquo;OCDE\u00a0\u00bb<\/li>\n<li><a href=\"http:\/\/bfmbusiness.bfmtv.com\/monde\/13-000-euros-le-cout-d-un-an-d-etudes-en-france-pour-un-etudiant-etranger-833231.html\">BFMTV, 2014<\/a>, toujours dans la subtilit\u00e9 : \u00ab\u00a013000 euros : le co\u00fbt d&rsquo;un an d&rsquo;\u00e9tudes en France pour un \u00e9tudiant \u00e9tranger\u00a0\u00bb<\/li>\n<li><a href=\"http:\/\/www.lemonde.fr\/campus\/article\/2016\/02\/24\/un-etudiant-coute-13-873-euros-par-an_4870631_4401467.html\">Le Monde, 2016<\/a> : \u00ab\u00a0Un \u00e9tudiant fran\u00e7ais co\u00fbte 13873 euros par an\u00a0\u00bb (encore une fois dans la moyenne)<\/li>\n<\/ul>\n<p>La France est <a href=\"http:\/\/cache.media.education.gouv.fr\/file\/2014\/86\/7\/DEPP_NI_2014_01_depense_enseignement-scolaire_superieur_296867.pdf\">globalement dans la moyenne europ\u00e9enne<\/a>\u00a0des d\u00e9penses pour l&rsquo;\u00e9ducation de ses t\u00eates blondes, brunes et grisonnantes (DEPP, 2014) : 31 % en-dessous de la moyenne de l&rsquo;OCDE pour les \u00e9tudes primaires, 26 % au-dessus pour les \u00e9tudes secondaires et 5 % au-dessus pour l&rsquo;enseignement sup\u00e9rieur.<\/p>\n<p>Quand on regarde <a href=\"http:\/\/www.journaldunet.com\/economie\/magazine\/cout-d-un-etudiant\/\">au fil de la scolarit\u00e9<\/a>\u00a0(Journal du Net, 2008), les co\u00fbts annuels par \u00e9l\u00e8ve sont les suivants : 4970\u20ac en maternelle, 5440\u20ac en primaire, 7930\u20ac au coll\u00e8ge, 10240\u20ac au lyc\u00e9e, 10740\u20ac en BEP-CAP, 9020\u20ac en IUT, 13360\u20ac en BTS, 13880\u20ac en classe pr\u00e9paratoire&#8230; et 8790\u20ac en universit\u00e9 (moindre co\u00fbt car les universit\u00e9s regroupent pr\u00e8s d&rsquo;1,5 millions d&rsquo;\u00e9tudiants contre 81 000 en pr\u00e9pa par exemple) ! <strong>Un \u00e9tudiant en fac co\u00fbte donc moins cher qu&rsquo;un lyc\u00e9en.<\/strong><\/p>\n<p>Au sein des universit\u00e9s et grandes \u00e9coles, <a href=\"https:\/\/www.challenges.fr\/economie\/un-eleve-de-l-ena-coute-11-fois-plus-cher-a-l-etat-qu-un-etudiant-a-assas_2702\">il y a \u00e9galement des disparit\u00e9s<\/a>\u00a0(Challenges, 2012) : 6 572\u20ac en moyenne par an pour la facult\u00e9 de droit Paris-2 contre 83 300\u20ac en moyenne pour l&rsquo;ENA (je vous vois venir avec vos commentaires et le sourire en coin, mais c&rsquo;est parce que <a href=\"https:\/\/www.ena.fr\/Formation-initiale\/Recrutement-en-formation-initiale\/statut-eleve\">les \u00e9tudiants de l&rsquo;ENA sont r\u00e9mun\u00e9r\u00e9s par l&rsquo;Etat<\/a> en \u00e9change d&rsquo;un engagement de service de 10 ans).<\/p>\n<p>Quand on continue de zoomer sur ces d\u00e9penses, avec l&rsquo;<a href=\"https:\/\/assets.kpmg.com\/content\/dam\/kpmg\/pdf\/2016\/07\/fr-observatoire-des-universites-et-%C3%A9coles-2015-kpmg.pdf\">Observatoire 2015 des Universit\u00e9s et des Ecoles<\/a>, on constate que :<\/p>\n<ul>\n<li>les Universit\u00e9s sont financ\u00e9es \u00e0 82 % par l&rsquo;Etat,<\/li>\n<li>79 % des d\u00e9penses concernent la \u00ab\u00a0masse salariale\u00a0\u00bb (dont 4,5 enseignants pour 100 \u00e9tudiants)<\/li>\n<li>la d\u00e9pense moyenne par \u00e9tudiant est de 7201\u20ac, mais avec des disparit\u00e9s (5390\u20ac en lettres, 9214\u20ac en pluridisciplinaires avec sant\u00e9) ;<\/li>\n<li><strong>hors \u00ab\u00a0masse salariale\u00a0\u00bb, les d\u00e9penses par \u00e9tudiant sont de 964\u20ac par an en moyenne (avec des frais d&rsquo;inscription qui en couvrent le tiers environ).\u00a0<\/strong><\/li>\n<li>les Ecoles d\u00e9pensent davantage : 26 694\u20ac par \u00e9tudiant ou 6723\u20ac hors \u00ab\u00a0masse salariale\u00a0\u00bb, elle-m\u00eame plus \u00e9lev\u00e9e avec 12,5 enseignants pour 100 \u00e9tudiants.<\/li>\n<\/ul>\n<p><strong>Finalement, ce qui co\u00fbte cher, \u00e7a n&rsquo;est pas l&rsquo;\u00e9tudiant mais tout ceux qui gravitent autour.<\/strong> Nous comptons dans un \u00ab\u00a0co\u00fbt par \u00e9tudiant\u00a0\u00bb le financement d&rsquo;enseignants, qui sont aussi chercheurs ; nous y int\u00e9grons des frais \u00ab\u00a0tr\u00e8s\u00a0\u00bb administratifs, avec des secr\u00e9tariats \u00e0 tous les \u00e9tages, qui ne servent pas toujours directement les \u00e9tudiants (par exemple les services comptabilit\u00e9 pour r\u00e9mun\u00e9rer le personnel&#8230;) Et plus l&rsquo;universit\u00e9 \u00ab\u00a0grossit\u00a0\u00bb, plus les frais se diluent vers des services \u00ab\u00a0administratifs\u00a0\u00bb ou de \u00ab\u00a0maintien de la structure\u00a0\u00bb ; par exemple il y a 2,8 fois plus d&rsquo;enseignant\/\u00e9tudiant en pr\u00e9pa par rapport \u00e0 l&rsquo;universit\u00e9, pour un co\u00fbt par \u00e9tudiant 1,6 fois sup\u00e9rieur.<\/p>\n<p><strong>Enfin, le \u00ab\u00a0co\u00fbt d&rsquo;un \u00e9tudiant\u00a0\u00bb c&rsquo;est bien beau, mais si \u00e7a n&rsquo;est pas \u00e0 former des gens pour travailler demain, \u00e0 quoi sert l&rsquo;argent du pays ?<\/strong><\/p>\n<!-- templates\/buttons-placeholder.php -->\n<div class=\"da-reactions-outer TpostID2383\">\n\t    <div class=\"da-reactions-data da-reactions-container-async center\"\n         data-type=\"post\"\n         data-id=\"2383\"\n         id=\"da-reactions-slot-post-2383\">\n        <div class=\"da-reactions-exposed\">\n\t\t\t<img src=\"https:\/\/www.mimiryudo.com\/blog\/wp-content\/plugins\/da-reactions\/assets\/dist\/loading.svg\" alt=\"Loading spinner\" width=\"64\" height=\"64\" style=\"width:64px\" \/>\n        <\/div>\n    <\/div>\n<\/div>\n","protected":false},"excerpt":{"rendered":"<p>Je vais traiter un marronnier : le co\u00fbt des \u00e9tudiants. En m\u00e9decine, on l&rsquo;entend r\u00e9guli\u00e8rement quand il est question de la libert\u00e9 d&rsquo;installation, sur le mode \u00ab\u00a0ouiiii mais l&rsquo;Etat vous a pay\u00e9, blablabla, vous avez co\u00fbt\u00e9 cher, vous nous devez &hellip; <a href=\"https:\/\/www.mimiryudo.com\/blog\/2017\/07\/le-cout-des-etudiants-en-finir-avec-les-idees-folles\/\">Continuer la lecture <span class=\"meta-nav\">&rarr;<\/span><\/a><\/p>\n<!-- templates\/buttons-placeholder.php -->\n<div class=\"da-reactions-outer TpostID2383\">\n\t    <div class=\"da-reactions-data da-reactions-container-async center\"\n         data-type=\"post\"\n         data-id=\"2383\"\n         id=\"da-reactions-slot-post-2383\">\n        <div class=\"da-reactions-exposed\">\n\t\t\t<img src=\"https:\/\/www.mimiryudo.com\/blog\/wp-content\/plugins\/da-reactions\/assets\/dist\/loading.svg\" alt=\"Loading spinner\" width=\"64\" height=\"64\" style=\"width:64px\" \/>\n        <\/div>\n    <\/div>\n<\/div>\n","protected":false},"author":1,"featured_media":0,"comment_status":"open","ping_status":"open","sticky":false,"template":"","format":"standard","meta":{"jetpack_post_was_ever_published":false,"_jetpack_newsletter_access":"","_jetpack_dont_email_post_to_subs":false,"_jetpack_newsletter_tier_id":0,"_jetpack_memberships_contains_paywalled_content":false,"_jetpack_memberships_contains_paid_content":false,"footnotes":"","jetpack_publicize_message":"","jetpack_publicize_feature_enabled":true,"jetpack_social_post_already_shared":true,"jetpack_social_options":{"image_generator_settings":{"template":"highway","default_image_id":0,"font":"","enabled":false},"version":2}},"categories":[247],"tags":[485,487,486,488],"class_list":["post-2383","post","type-post","status-publish","format-standard","hentry","category-une-idee-de-la-medecine","tag-cout","tag-enseignant","tag-etudiant","tag-universite"],"jetpack_publicize_connections":[],"jetpack_featured_media_url":"","jetpack_shortlink":"https:\/\/wp.me\/p33dWC-Cr","jetpack_sharing_enabled":true,"jetpack-related-posts":[],"_links":{"self":[{"href":"https:\/\/www.mimiryudo.com\/blog\/wp-json\/wp\/v2\/posts\/2383","targetHints":{"allow":["GET"]}}],"collection":[{"href":"https:\/\/www.mimiryudo.com\/blog\/wp-json\/wp\/v2\/posts"}],"about":[{"href":"https:\/\/www.mimiryudo.com\/blog\/wp-json\/wp\/v2\/types\/post"}],"author":[{"embeddable":true,"href":"https:\/\/www.mimiryudo.com\/blog\/wp-json\/wp\/v2\/users\/1"}],"replies":[{"embeddable":true,"href":"https:\/\/www.mimiryudo.com\/blog\/wp-json\/wp\/v2\/comments?post=2383"}],"version-history":[{"count":2,"href":"https:\/\/www.mimiryudo.com\/blog\/wp-json\/wp\/v2\/posts\/2383\/revisions"}],"predecessor-version":[{"id":2385,"href":"https:\/\/www.mimiryudo.com\/blog\/wp-json\/wp\/v2\/posts\/2383\/revisions\/2385"}],"wp:attachment":[{"href":"https:\/\/www.mimiryudo.com\/blog\/wp-json\/wp\/v2\/media?parent=2383"}],"wp:term":[{"taxonomy":"category","embeddable":true,"href":"https:\/\/www.mimiryudo.com\/blog\/wp-json\/wp\/v2\/categories?post=2383"},{"taxonomy":"post_tag","embeddable":true,"href":"https:\/\/www.mimiryudo.com\/blog\/wp-json\/wp\/v2\/tags?post=2383"}],"curies":[{"name":"wp","href":"https:\/\/api.w.org\/{rel}","templated":true}]}}