{"id":2762,"date":"2018-12-09T13:04:46","date_gmt":"2018-12-09T12:04:46","guid":{"rendered":"http:\/\/www.mimiryudo.com\/blog\/?p=2762"},"modified":"2018-12-10T18:49:20","modified_gmt":"2018-12-10T17:49:20","slug":"vaccination-anti-hpv-lettre-fermee-aux-senateurs-appeles-par-la-lettre-ouverte-precedente","status":"publish","type":"post","link":"https:\/\/www.mimiryudo.com\/blog\/2018\/12\/vaccination-anti-hpv-lettre-fermee-aux-senateurs-appeles-par-la-lettre-ouverte-precedente\/","title":{"rendered":"Vaccination anti-HPV : lettre ferm\u00e9e aux s\u00e9nateurs appel\u00e9s par la lettre ouverte pr\u00e9c\u00e9dente"},"content":{"rendered":"<blockquote class=\"twitter-tweet\" data-lang=\"fr\">\n<p dir=\"ltr\" lang=\"fr\">Y\u2019a des sources fiables l\u00e0 dessus ? Ou c\u2019est WTF?<br \/>\nMa crainte a tjs \u00e9t\u00e9 que les femmes ne fassent plus de frottis apr\u00e8s ce vaccin. <a href=\"https:\/\/t.co\/hhDIfJQOAc\">https:\/\/t.co\/hhDIfJQOAc<\/a><\/p>\n<p>\u2014 docisa \u2014 no #fakemed\u2014 (@docisa33) <a href=\"https:\/\/twitter.com\/docisa33\/status\/1071670304945135616?ref_src=twsrc%5Etfw\">9 d\u00e9cembre 2018<\/a><\/p><\/blockquote>\n<p><script src=\"https:\/\/platform.twitter.com\/widgets.js\" async=\"\" charset=\"utf-8\"><\/script><\/p>\n<p>Bon, mes commentaires\u00a0me d\u00e9testent d\u00e9j\u00e0, mais je vais faire un court billet sur la vaccination anti-HPV, \u00e0 partir de la <a href=\"http:\/\/docteur.nicoledelepine.fr\/lettre-ouverte-a-tous-les-deputes-senateurs-et-citoyens-concernant-gardasil-et-desinformation\/\">lettre ouverte de Nicole Del\u00e9pine<\/a>. Je ne la connaissais pas avant de voir ce RT de @docisa d&rsquo;un tweet du Dr Claudina Michal-Teitelbaum&#8230;<\/p>\n<p><strong>Donc premier r\u00e9flexe, quand on a affaire \u00e0 quelqu&rsquo;un qui semble \u00ab\u00a0vaccino-\u00ab\u00a0, \u00ab\u00a0climato-\u00a0\u00bb ou autre \u00ab\u00a0-sceptique\u00a0\u00bb : qui c&rsquo;est ?\u00a0<\/strong><\/p>\n<p>Nicole Del\u00e9pine\u00a0est\u00a0p\u00e9diatre oncologue, \u00ab\u00a0m\u00e9decin engag\u00e9e\u00a0\u00bb, \u00ab\u00a0auteur d&rsquo;une centaine d&rsquo;articles originaux\u00a0\u00bb, \u00ab\u00a0inspirant des protocoles th\u00e9rapeutiques internationaux\u00a0\u00bb d&rsquo;apr\u00e8s <a href=\"http:\/\/docteur.nicoledelepine.fr\/biographie\/\">sa page biographie<\/a>.\u00a0Sur PubMed, on retrouve\u00a0<a href=\"https:\/\/www.ncbi.nlm.nih.gov\/pubmed\/?term=delepine+n\">64 r\u00e9f\u00e9rences entre 1979 et 2003<\/a>\u00a0; sur LiSSa, <a href=\"https:\/\/www.lissa.fr\/dc\/#env=lissa&amp;q=delepine%20n\">78 articles<\/a>\u00a0; quasi toutes sont partag\u00e9es avec son mari G\u00e9rard Del\u00e9pine, chirurgien orthop\u00e9dique et oncologue, sur la th\u00e9matique des sarcomes et leur prise en charge chirurgicale.\u00a0Dans la page \u00ab\u00a0publications\u00a0\u00bb, on trouve une possible\u00a0explication sur le passage de 78 \u00e0 \u00ab\u00a0centaine d&rsquo;articles originaux\u00a0\u00bb puisqu&rsquo;elle y int\u00e8gre ses powerpoints ^^<\/p>\n<p><a href=\"http:\/\/www.mimiryudo.com\/blog\/wp-content\/uploads\/2018\/12\/Capture-d\u2019\u00e9cran-2018-12-09-\u00e0-10.11.14.png\"><img loading=\"lazy\" decoding=\"async\" data-attachment-id=\"2763\" data-permalink=\"https:\/\/www.mimiryudo.com\/blog\/2018\/12\/vaccination-anti-hpv-lettre-fermee-aux-senateurs-appeles-par-la-lettre-ouverte-precedente\/capture-decran-2018-12-09-a-10-11-14\/\" data-orig-file=\"https:\/\/www.mimiryudo.com\/blog\/wp-content\/uploads\/2018\/12\/Capture-d\u2019\u00e9cran-2018-12-09-\u00e0-10.11.14.png\" data-orig-size=\"2310,196\" data-comments-opened=\"1\" data-image-meta=\"{&quot;aperture&quot;:&quot;0&quot;,&quot;credit&quot;:&quot;&quot;,&quot;camera&quot;:&quot;&quot;,&quot;caption&quot;:&quot;&quot;,&quot;created_timestamp&quot;:&quot;0&quot;,&quot;copyright&quot;:&quot;&quot;,&quot;focal_length&quot;:&quot;0&quot;,&quot;iso&quot;:&quot;0&quot;,&quot;shutter_speed&quot;:&quot;0&quot;,&quot;title&quot;:&quot;&quot;,&quot;orientation&quot;:&quot;0&quot;}\" data-image-title=\"Capture d\u2019\u00e9cran 2018-12-09 \u00e0 10.11.14\" data-image-description=\"\" data-image-caption=\"\" data-large-file=\"https:\/\/www.mimiryudo.com\/blog\/wp-content\/uploads\/2018\/12\/Capture-d\u2019\u00e9cran-2018-12-09-\u00e0-10.11.14-1024x87.png\" class=\"aligncenter size-large wp-image-2763\" src=\"http:\/\/www.mimiryudo.com\/blog\/wp-content\/uploads\/2018\/12\/Capture-d\u2019\u00e9cran-2018-12-09-\u00e0-10.11.14-1024x87.png\" alt=\"Capture d\u2019\u00e9cran 2018-12-09 \u00e0 10.11.14\" width=\"670\" height=\"57\" srcset=\"https:\/\/www.mimiryudo.com\/blog\/wp-content\/uploads\/2018\/12\/Capture-d\u2019\u00e9cran-2018-12-09-\u00e0-10.11.14-1024x87.png 1024w, https:\/\/www.mimiryudo.com\/blog\/wp-content\/uploads\/2018\/12\/Capture-d\u2019\u00e9cran-2018-12-09-\u00e0-10.11.14-300x25.png 300w, https:\/\/www.mimiryudo.com\/blog\/wp-content\/uploads\/2018\/12\/Capture-d\u2019\u00e9cran-2018-12-09-\u00e0-10.11.14-768x65.png 768w\" sizes=\"auto, (max-width: 670px) 100vw, 670px\" \/><\/a><\/p>\n<p>Mais si \u00ab\u00a0auteur d&rsquo;une centaine d&rsquo;articles\u00a0\u00bb pourrait \u00eatre plut\u00f4t \u00ab\u00a0co-auteur de pr\u00e8s de 80\u00a0articles et abstracts de congr\u00e8s, quasi exclusivement sur l&rsquo;ost\u00e9osarcome\u00a0\u00bb, force est quand m\u00eame de reconna\u00eetre que c&rsquo;est effectivement\u00a0quelqu&rsquo;un qui a fait de la recherche, sait publier, mais ne publie plus d&rsquo;articles scientifiques&#8230;<\/p>\n<p>Par contre, elle publie des livres pour le public.<\/p>\n<p><a href=\"http:\/\/www.mimiryudo.com\/blog\/wp-content\/uploads\/2018\/12\/Capture-d\u2019\u00e9cran-2018-12-09-\u00e0-10.24.04.png\"><img loading=\"lazy\" decoding=\"async\" data-attachment-id=\"2764\" data-permalink=\"https:\/\/www.mimiryudo.com\/blog\/2018\/12\/vaccination-anti-hpv-lettre-fermee-aux-senateurs-appeles-par-la-lettre-ouverte-precedente\/capture-decran-2018-12-09-a-10-24-04\/\" data-orig-file=\"https:\/\/www.mimiryudo.com\/blog\/wp-content\/uploads\/2018\/12\/Capture-d\u2019\u00e9cran-2018-12-09-\u00e0-10.24.04.png\" data-orig-size=\"774,1208\" data-comments-opened=\"1\" data-image-meta=\"{&quot;aperture&quot;:&quot;0&quot;,&quot;credit&quot;:&quot;&quot;,&quot;camera&quot;:&quot;&quot;,&quot;caption&quot;:&quot;&quot;,&quot;created_timestamp&quot;:&quot;0&quot;,&quot;copyright&quot;:&quot;&quot;,&quot;focal_length&quot;:&quot;0&quot;,&quot;iso&quot;:&quot;0&quot;,&quot;shutter_speed&quot;:&quot;0&quot;,&quot;title&quot;:&quot;&quot;,&quot;orientation&quot;:&quot;0&quot;}\" data-image-title=\"Capture d\u2019\u00e9cran 2018-12-09 \u00e0 10.24.04\" data-image-description=\"\" data-image-caption=\"\" data-large-file=\"https:\/\/www.mimiryudo.com\/blog\/wp-content\/uploads\/2018\/12\/Capture-d\u2019\u00e9cran-2018-12-09-\u00e0-10.24.04-656x1024.png\" class=\"aligncenter wp-image-2764\" src=\"http:\/\/www.mimiryudo.com\/blog\/wp-content\/uploads\/2018\/12\/Capture-d\u2019\u00e9cran-2018-12-09-\u00e0-10.24.04-656x1024.png\" alt=\"Capture d\u2019\u00e9cran 2018-12-09 \u00e0 10.24.04\" width=\"379\" height=\"591\" srcset=\"https:\/\/www.mimiryudo.com\/blog\/wp-content\/uploads\/2018\/12\/Capture-d\u2019\u00e9cran-2018-12-09-\u00e0-10.24.04-656x1024.png 656w, https:\/\/www.mimiryudo.com\/blog\/wp-content\/uploads\/2018\/12\/Capture-d\u2019\u00e9cran-2018-12-09-\u00e0-10.24.04-192x300.png 192w, https:\/\/www.mimiryudo.com\/blog\/wp-content\/uploads\/2018\/12\/Capture-d\u2019\u00e9cran-2018-12-09-\u00e0-10.24.04-768x1199.png 768w, https:\/\/www.mimiryudo.com\/blog\/wp-content\/uploads\/2018\/12\/Capture-d\u2019\u00e9cran-2018-12-09-\u00e0-10.24.04.png 774w\" sizes=\"auto, (max-width: 379px) 100vw, 379px\" \/><\/a><\/p>\n<p>Sur Google enfin, en page 1, outre son site, Amazon, Twitter, Facebook, on la retrouve dans <strong>Alternative Sant\u00e9<\/strong> (le magazine qui explique <a href=\"https:\/\/www.alternativesante.fr\/ondes-electromagnetiques\/pourquoi-il-faut-refuser-linky-le-nouveau-compteur-d-edf\">pourquoi il faut refuser les compteurs Linky<\/a>\u00a0et <a href=\"https:\/\/www.alternativesante.fr\/medecine\/et-si-l-on-developpait-la-naturosophie\">rapidement d\u00e9velopper la naturosophie<\/a>), <strong>l&rsquo;Observatoire du R\u00e9el<\/strong> (o\u00f9 on apprend <a href=\"https:\/\/www.observatoire-reel.com\/5-decembre-2018-a-Paris-Nostradamus-un-systeme-de-decodage-temporel-dont-le-temps-est-venu--avec-Christian-Turpin_a269.html\">au cours d&rsquo;une enqu\u00eate passionnante que Nostradamus voyageait dans l&rsquo;Au-Del\u00e0 pour y trouver les faits du pass\u00e9 comme ceux \u00e0 venir<\/a>) et Quantique M\u00e9dia (aux c\u00f4t\u00e9s d&rsquo;<a href=\"http:\/\/www.quantiquemedia.com\/articles\/burensteinas-alchimie-vision-monde\">alchimistes<\/a>).<\/p>\n<p>On retrouve aussi l&rsquo;<a href=\"http:\/\/association.ametist.org\/a-propos\/\">association AMETIST<\/a>\u00a0(Aide aux Malades en traitement individualis\u00e9 en sp\u00e9cialit\u00e9 tumorale) dont elle parle sur son site. Il s&rsquo;agit une association qui l&rsquo;a d\u00e9fendue pour soutenir son service \u00e0 l&rsquo;AP-HP (en deux mots, elle d\u00e9fendait becs et ongles le protocole T10 du Dr Rosen, \u00e0 base de methotrexate \u00e0 hautes doses avant et apr\u00e8s chirurgie dans l&rsquo;ost\u00e9osarcome\u00a0(en augmentant jusqu&rsquo;\u00e0 efficacit\u00e9) ;\u00a0et critiquait les essais th\u00e9rapeutiques&#8230; ce qui n&rsquo;a pas permis pas de valider leur pratique). C&rsquo;est aussi une association qui est pour le libre choix th\u00e9rapeutique, qui organise des animations aupr\u00e8s d&rsquo;enfants malades (No\u00ebl, ateliers, anniversaires), qui a un soutien de plusieurs stars du show-business&#8230; et\u00a0qui semble surtout avoir beaucoup\u00a0lutt\u00e9 en 2018 contre l&rsquo;obligation vaccinale. Un joli p\u00eale-m\u00eale donc ; pas s\u00fbr que Laurent Baffie ou Astrid Veillon soit \u00e0 la fois pour le MTX \u00e0 fortes doses, contre les essais cliniques, contre l&rsquo;obligation vaccinale&#8230; ils sont s\u00fbrement surtout en faveur de f\u00eates sympas pour les enfants malades.<\/p>\n<p>On notera que les deux sites (celui de Nicole Del\u00e9pine et AMETIST) ont un aspect tr\u00e8s proche, puisqu&rsquo;ils ont le m\u00eame webmaster (Caroline\u00a0Joussemet d&rsquo;Atril Com). On peut l\u00e9gitimement se poser la question de la place occup\u00e9e par Nicole Del\u00e9pine dans AMETIST pour 2 raisons : elle appara\u00eet aux c\u00f4t\u00e9s des stars sus-cit\u00e9es (donc une interlocutrice de choix) ; et\u00a0<a href=\"http:\/\/www.ametist.org\">l&rsquo;ancien site de l&rsquo;association<\/a>\u00a0semblait compl\u00e8tement d\u00e9di\u00e9 \u00e0 sa cause.<\/p>\n<p><strong>Avant de lire la lettre \u00ab\u00a0contre le GARDASIL\u00a0\u00bb&#8230;\u00a0<\/strong><\/p>\n<p>Arr\u00eatons nous 2 secondes avant de commencer. Je n&rsquo;ai pas leur exp\u00e9rience en publication. Mais si j&rsquo;avais des arguments indubitables pour dire \u00ab\u00a0eh, le vaccin Gardasil tue les gens\u00a0\u00bb, croyez bien que je ferais 10 pages et j&rsquo;enverrais\u00a0\u00e7a \u00e0 une grosse revue. Ou m\u00eame une petite. Puis je relaierai apr\u00e8s que \u00e7a soit valid\u00e9 par les pairs. Je ne ferais pas 200 pages pour les \u00e9ditions Fauves.<\/p>\n<p>La tr\u00e8s tr\u00e8s grande majorit\u00e9\u00a0des scientifiques ferait \u00e7a.<\/p>\n<p>Concernant le combat \u00ab\u00a0MTX dans l&rsquo;ost\u00e9osarcome\u00a0\u00bb, je n&rsquo;y connais rien. Rester fig\u00e9 sur une m\u00eame pratique pendant toute une carri\u00e8re en remettant syst\u00e9matiquement en cause l&rsquo;avis de tous les autres onco-p\u00e9diatres me semble toutefois assez cavalier. En regardant rapidement, la <a href=\"https:\/\/www.cochrane.org\/fr\/CD006325\/methotrexate-dans-losteosarcome-de-haut-grade-chez-les-enfants-et-les-jeunes-adultes\">Cochrane<\/a> n&rsquo;a pas l&rsquo;air d&rsquo;accord ; un <a href=\"https:\/\/www.ncbi.nlm.nih.gov\/pubmed\/28617714\">petit essai clinique de 2017<\/a> (sur 26 patients, d&rsquo;\u00e2ge diff\u00e9rent \u00e0 l&rsquo;entr\u00e9e) concluait que l&rsquo;ajout de MTX \u00e0 haute dose majore la toxicit\u00e9 (parfois l\u00e9tale) de la chimioth\u00e9rapie, sans effet sur la survie (voire avait une tendance \u00e0 un d\u00e9c\u00e8s plus pr\u00e9coce) ; et une <a href=\"https:\/\/www.ncbi.nlm.nih.gov\/pmc\/articles\/PMC6202490\/\">revue r\u00e9cente<\/a> rappelait l&rsquo;usage limit\u00e9 du MTX \u00e0 haute dose en raison de sa toxicit\u00e9 (parfois l\u00e9tale) et de sa r\u00e9ponse individuelle tr\u00e8s variable, n&rsquo;en faisant pas une th\u00e9rapeutique de premi\u00e8re ou deuxi\u00e8me ligne.<\/p>\n<p><strong>Bon, voyons maintenant la fameuse lettre ouverte \u00ab\u00a0\u00e0 tous les d\u00e9put\u00e9s, s\u00e9nateurs et citoyens concernant Gardasil et d\u00e9sinformation\u00a0\u00bb.<\/strong><\/p>\n<p><strong>Premi\u00e8re note :<\/strong> \u00ab\u00a0nous n&rsquo;avons aucun lien avec les associations anti-vaccins et laboratoires pharmaceutiques\u00a0\u00bb.<br \/>\n<strong>&gt; Ce qui est HYPER dr\u00f4le,<\/strong> parce que juste au-dessus, il y a la couverture de leur dernier livre \u00ab\u00a0Hyst\u00e9rie vaccinale. Vaccin Gardasil et cancer : un paradoxe\u00a0\u00bb, vendu 18\u20ac. Leur lettre ouverte est \u00ab\u00a0pour informer\u00a0\u00bb mais aussi un coup de projecteur pour que des idiots comme moi leur fasse involontairement de la pub. Et \u00e7a marche. Regardez. Hop, un idiot. Magnifique sp\u00e9cimen.<\/p>\n<p><strong>Paragraphes 1 \u00e0 4<\/strong> (version r\u00e9sum\u00e9e) : \u00ab\u00a0la s\u00e9natrice et la ministre ont\u00a0dit que les vaccins c&rsquo;\u00e9tait bien. Or, pas du tout, \u00e7a augmente le nombre de cancers \u00e0 4-5 ans dans les registres officiels des pays qui en disposent et o\u00f9 le taux de vaccination est assez \u00e9lev\u00e9. D&rsquo;ailleurs, on le dit dans notre livre \u00e0 18\u20ac\u00a0\u00bb.<br \/>\n<strong>&gt; Bon bah voil\u00e0.<\/strong><\/p>\n<p><strong>Quatri\u00e8me note<\/strong> : \u00ab\u00a0&#8230;\u00a0le Danemark et l\u2019Autriche ont vu leur couverture vaccinale fortement baisser apr\u00e8s des complications des vaccins\u00a0ne peuvent donc pas \u00eatre analys\u00e9s &#8230;\u00a0\u00bb.<br \/>\n<strong>&gt; Ce ne sont pas les complications qui ont baiss\u00e9 la couverture vaccinale&#8230;<\/strong>\u00a0Au Danemark, c&rsquo;est la couverture m\u00e9diatique en 2015 par un documentaire t\u00e9l\u00e9vis\u00e9 au Danemark de possibles effets ind\u00e9sirables <a href=\"https:\/\/www.cdc.gov\/vaccinesafety\/vaccines\/hpv\/hpv-safety-faqs.html\">non d\u00e9montr\u00e9s<\/a> (<a href=\"http:\/\/professionnels.vaccination-info-service.fr\/Aspects-sociologiques\/Controverses\/Maladies-auto-immunes\">le syndrome de tachycardie orthostatique posturale<\/a>) ; en Autriche, c&rsquo;est le d\u00e9remboursement, qui a fait suite \u00e0 un scandale suite au\u00a0d\u00e9c\u00e8s d&rsquo;une fille apr\u00e8s\u00a0l&rsquo;injection du vaccin (<a href=\"https:\/\/ansm.sante.fr\/S-informer\/Communiques-Communiques-Points-presse\/Gardasil-R-Point-d-information\">sans lien d\u00e9montr\u00e9 comme le rappelle l&rsquo;ANSM<\/a>\u00a0car oui, parfois, les gens meurent et ils font des trucs juste avant).<\/p>\n<p><strong>Paragraphes 5 \u00e0 8 (version r\u00e9sum\u00e9e)<\/strong> : \u00ab\u00a0au Royaume-Uni, ils ont introduit le vaccin en 2008. Et en 2014, patatra, l&rsquo;incidence du cancer du col de l&rsquo;ut\u00e9rus a augment\u00e9 chez les 20-24 ans ! CaY lE vAcCiN qui est en cause, forc\u00e9ment (et pas du tout d&rsquo;autre lien possible avec quoi que ce soit d&rsquo;autre, comme des changements de comportements sexuels\u00a0ou\u00a0le recul de l&rsquo;\u00e2ge du premier frottis&#8230;)\u00a0\u00bb.<br \/>\n&gt; Ca commence \u00e0 devenir un peu sympa \u00e0 debunker, parce qu&rsquo;il y a 2 sources (enfin !)<\/p>\n<p>La premi\u00e8re, c&rsquo;est <a href=\"https:\/\/www.cancerresearchuk.org\/health-professional\/cancer-statistics\/statistics-by-cancer-type\/cervical-cancer\/incidence\">le registre UK des cancers<\/a>. Voici le sch\u00e9ma.<\/p>\n<div id=\"attachment_2765\" style=\"width: 534px\" class=\"wp-caption aligncenter\"><a href=\"http:\/\/www.mimiryudo.com\/blog\/wp-content\/uploads\/2018\/12\/Capture-d\u2019\u00e9cran-2018-12-09-\u00e0-11.55.43.png\"><img loading=\"lazy\" decoding=\"async\" aria-describedby=\"caption-attachment-2765\" data-attachment-id=\"2765\" data-permalink=\"https:\/\/www.mimiryudo.com\/blog\/2018\/12\/vaccination-anti-hpv-lettre-fermee-aux-senateurs-appeles-par-la-lettre-ouverte-precedente\/capture-decran-2018-12-09-a-11-55-43\/\" data-orig-file=\"https:\/\/www.mimiryudo.com\/blog\/wp-content\/uploads\/2018\/12\/Capture-d\u2019\u00e9cran-2018-12-09-\u00e0-11.55.43.png\" data-orig-size=\"1546,1024\" data-comments-opened=\"1\" data-image-meta=\"{&quot;aperture&quot;:&quot;0&quot;,&quot;credit&quot;:&quot;&quot;,&quot;camera&quot;:&quot;&quot;,&quot;caption&quot;:&quot;&quot;,&quot;created_timestamp&quot;:&quot;0&quot;,&quot;copyright&quot;:&quot;&quot;,&quot;focal_length&quot;:&quot;0&quot;,&quot;iso&quot;:&quot;0&quot;,&quot;shutter_speed&quot;:&quot;0&quot;,&quot;title&quot;:&quot;&quot;,&quot;orientation&quot;:&quot;0&quot;}\" data-image-title=\"Capture d\u2019\u00e9cran 2018-12-09 \u00e0 11.55.43\" data-image-description=\"\" data-image-caption=\"&lt;p&gt;Evolution de l&amp;rsquo;incidence des cancers du col de l&amp;rsquo;ut\u00e9rus chez les jeunes filles au Royaume-Uni&lt;\/p&gt;\n\" data-large-file=\"https:\/\/www.mimiryudo.com\/blog\/wp-content\/uploads\/2018\/12\/Capture-d\u2019\u00e9cran-2018-12-09-\u00e0-11.55.43-1024x678.png\" class=\" wp-image-2765\" src=\"http:\/\/www.mimiryudo.com\/blog\/wp-content\/uploads\/2018\/12\/Capture-d\u2019\u00e9cran-2018-12-09-\u00e0-11.55.43-1024x678.png\" alt=\"Evolution de l'incidence des cancers du col de l'ut\u00e9rus chez les jeunes filles au Royaume-Uni\" width=\"524\" height=\"347\" srcset=\"https:\/\/www.mimiryudo.com\/blog\/wp-content\/uploads\/2018\/12\/Capture-d\u2019\u00e9cran-2018-12-09-\u00e0-11.55.43-1024x678.png 1024w, https:\/\/www.mimiryudo.com\/blog\/wp-content\/uploads\/2018\/12\/Capture-d\u2019\u00e9cran-2018-12-09-\u00e0-11.55.43-300x199.png 300w, https:\/\/www.mimiryudo.com\/blog\/wp-content\/uploads\/2018\/12\/Capture-d\u2019\u00e9cran-2018-12-09-\u00e0-11.55.43-768x509.png 768w, https:\/\/www.mimiryudo.com\/blog\/wp-content\/uploads\/2018\/12\/Capture-d\u2019\u00e9cran-2018-12-09-\u00e0-11.55.43.png 1546w\" sizes=\"auto, (max-width: 524px) 100vw, 524px\" \/><\/a><p id=\"caption-attachment-2765\" class=\"wp-caption-text\">Evolution de l&rsquo;incidence des cancers du col de l&rsquo;ut\u00e9rus chez les jeunes filles au Royaume-Uni<\/p><\/div>\n<p>L&rsquo;incidence a donc principalement augment\u00e9 chez les 25-34 ans entre 2000 et 2007, avant de stagner (en bleu fonc\u00e9). Elle est rest\u00e9e globalement stable chez les 20-24 ans, avec une augmentation significative de 2,7 (2012) \u00e0 4,2 \/ 100 000 (2014).<\/p>\n<p><a href=\"https:\/\/doi.org\/10.1016\/j.ypmed.2017.12.002\">La deuxi\u00e8me \u00e9tude c&rsquo;est encore mieux<\/a>, c&rsquo;est une explication claire \u00e0 cette augmentation : l&rsquo;\u00e2ge d&rsquo;invitation au premier frottis est pass\u00e9 de 25 \u00e0 24,5 ans&#8230; du coup, les premiers cancers (stade I) ne sont plus inclus dans la tranche 25-30 ans mais dans la tranche 20-24,9 ans !<\/p>\n<div id=\"attachment_2766\" style=\"width: 410px\" class=\"wp-caption aligncenter\"><a href=\"http:\/\/www.mimiryudo.com\/blog\/wp-content\/uploads\/2018\/12\/Capture-d\u2019\u00e9cran-2018-12-09-\u00e0-12.08.14.png\"><img loading=\"lazy\" decoding=\"async\" aria-describedby=\"caption-attachment-2766\" data-attachment-id=\"2766\" data-permalink=\"https:\/\/www.mimiryudo.com\/blog\/2018\/12\/vaccination-anti-hpv-lettre-fermee-aux-senateurs-appeles-par-la-lettre-ouverte-precedente\/capture-decran-2018-12-09-a-12-08-14\/\" data-orig-file=\"https:\/\/www.mimiryudo.com\/blog\/wp-content\/uploads\/2018\/12\/Capture-d\u2019\u00e9cran-2018-12-09-\u00e0-12.08.14.png\" data-orig-size=\"1354,1206\" data-comments-opened=\"1\" data-image-meta=\"{&quot;aperture&quot;:&quot;0&quot;,&quot;credit&quot;:&quot;&quot;,&quot;camera&quot;:&quot;&quot;,&quot;caption&quot;:&quot;&quot;,&quot;created_timestamp&quot;:&quot;0&quot;,&quot;copyright&quot;:&quot;&quot;,&quot;focal_length&quot;:&quot;0&quot;,&quot;iso&quot;:&quot;0&quot;,&quot;shutter_speed&quot;:&quot;0&quot;,&quot;title&quot;:&quot;&quot;,&quot;orientation&quot;:&quot;0&quot;}\" data-image-title=\"Capture d\u2019\u00e9cran 2018-12-09 \u00e0 12.08.14\" data-image-description=\"\" data-image-caption=\"&lt;p&gt;Je passe mon dimanche matin \u00e0 d\u00e9bunker un truc qui est \u00e9crit dans les highlights&amp;#8230; Snif.&lt;\/p&gt;\n\" data-large-file=\"https:\/\/www.mimiryudo.com\/blog\/wp-content\/uploads\/2018\/12\/Capture-d\u2019\u00e9cran-2018-12-09-\u00e0-12.08.14-1024x912.png\" class=\" wp-image-2766\" src=\"http:\/\/www.mimiryudo.com\/blog\/wp-content\/uploads\/2018\/12\/Capture-d\u2019\u00e9cran-2018-12-09-\u00e0-12.08.14-1024x912.png\" alt=\"Je passe mon dimanche matin \u00e0 d\u00e9bunker un truc qui est \u00e9crit dans les highlights... Snif.\" width=\"400\" height=\"356\" srcset=\"https:\/\/www.mimiryudo.com\/blog\/wp-content\/uploads\/2018\/12\/Capture-d\u2019\u00e9cran-2018-12-09-\u00e0-12.08.14-1024x912.png 1024w, https:\/\/www.mimiryudo.com\/blog\/wp-content\/uploads\/2018\/12\/Capture-d\u2019\u00e9cran-2018-12-09-\u00e0-12.08.14-300x267.png 300w, https:\/\/www.mimiryudo.com\/blog\/wp-content\/uploads\/2018\/12\/Capture-d\u2019\u00e9cran-2018-12-09-\u00e0-12.08.14-768x684.png 768w, https:\/\/www.mimiryudo.com\/blog\/wp-content\/uploads\/2018\/12\/Capture-d\u2019\u00e9cran-2018-12-09-\u00e0-12.08.14.png 1354w\" sizes=\"auto, (max-width: 400px) 100vw, 400px\" \/><\/a><p id=\"caption-attachment-2766\" class=\"wp-caption-text\">Je passe mon dimanche matin \u00e0 d\u00e9bunker un truc qui est \u00e9crit dans les highlights&#8230; Snif.<\/p><\/div>\n<p>J&rsquo;ai envie d&rsquo;arr\u00eater, mais continuons&#8230;<\/p>\n<p><strong>Paragraphes 9 \u00e0 12 (version r\u00e9sum\u00e9e)<\/strong> : \u00ab\u00a0en Su\u00e8de, ils vaccinent les adolescentes depuis 2006, si bien que toutes les filles de 13 \u00e0 18 ans \u00e9taient vaccin\u00e9es en 2013. Et bah vous savez quoi ? D&rsquo;apr\u00e8s la <a href=\"http:\/\/www-dep.iarc.fr\/NORDCAN\/english\/frame.asp\">base NORDCAN<\/a> (super base au passage !), en 2015, l&rsquo;incidence du cancer du col de l&rsquo;ut\u00e9rus a augment\u00e9 de 19 % chez les 20-29 ans <strong>et ENCORE PLUS FORT, il a augment\u00e9 de 47 % chez les 30-39 ans et M\u00caME DE 40 % chez les quadras qui n&rsquo;avaient encore que 18 ans \u00e0 peine deux ans plus t\u00f4t ! <\/strong>Ah l\u00e0 l\u00e0,\u00a0quel fl\u00e9au ce vaccin !\u00a0\u00bb<\/p>\n<div id=\"attachment_2768\" style=\"width: 636px\" class=\"wp-caption aligncenter\"><a href=\"http:\/\/www.mimiryudo.com\/blog\/wp-content\/uploads\/2018\/12\/Capture-d\u2019\u00e9cran-2018-12-09-\u00e0-12.18.04.png\"><img loading=\"lazy\" decoding=\"async\" aria-describedby=\"caption-attachment-2768\" data-attachment-id=\"2768\" data-permalink=\"https:\/\/www.mimiryudo.com\/blog\/2018\/12\/vaccination-anti-hpv-lettre-fermee-aux-senateurs-appeles-par-la-lettre-ouverte-precedente\/capture-decran-2018-12-09-a-12-18-04\/\" data-orig-file=\"https:\/\/www.mimiryudo.com\/blog\/wp-content\/uploads\/2018\/12\/Capture-d\u2019\u00e9cran-2018-12-09-\u00e0-12.18.04.png\" data-orig-size=\"1490,340\" data-comments-opened=\"1\" data-image-meta=\"{&quot;aperture&quot;:&quot;0&quot;,&quot;credit&quot;:&quot;&quot;,&quot;camera&quot;:&quot;&quot;,&quot;caption&quot;:&quot;&quot;,&quot;created_timestamp&quot;:&quot;0&quot;,&quot;copyright&quot;:&quot;&quot;,&quot;focal_length&quot;:&quot;0&quot;,&quot;iso&quot;:&quot;0&quot;,&quot;shutter_speed&quot;:&quot;0&quot;,&quot;title&quot;:&quot;&quot;,&quot;orientation&quot;:&quot;0&quot;}\" data-image-title=\"Capture d\u2019\u00e9cran 2018-12-09 \u00e0 12.18.04\" data-image-description=\"\" data-image-caption=\"&lt;p&gt;Je n&amp;rsquo;invente rien. Sortez moi de l\u00e0&amp;#8230;&lt;\/p&gt;\n\" data-large-file=\"https:\/\/www.mimiryudo.com\/blog\/wp-content\/uploads\/2018\/12\/Capture-d\u2019\u00e9cran-2018-12-09-\u00e0-12.18.04-1024x234.png\" class=\" wp-image-2768\" src=\"http:\/\/www.mimiryudo.com\/blog\/wp-content\/uploads\/2018\/12\/Capture-d\u2019\u00e9cran-2018-12-09-\u00e0-12.18.04-1024x234.png\" alt=\"Je n'invente rien. Sortez moi de l\u00e0...\" width=\"626\" height=\"143\" srcset=\"https:\/\/www.mimiryudo.com\/blog\/wp-content\/uploads\/2018\/12\/Capture-d\u2019\u00e9cran-2018-12-09-\u00e0-12.18.04-1024x234.png 1024w, https:\/\/www.mimiryudo.com\/blog\/wp-content\/uploads\/2018\/12\/Capture-d\u2019\u00e9cran-2018-12-09-\u00e0-12.18.04-300x68.png 300w, https:\/\/www.mimiryudo.com\/blog\/wp-content\/uploads\/2018\/12\/Capture-d\u2019\u00e9cran-2018-12-09-\u00e0-12.18.04-768x175.png 768w, https:\/\/www.mimiryudo.com\/blog\/wp-content\/uploads\/2018\/12\/Capture-d\u2019\u00e9cran-2018-12-09-\u00e0-12.18.04-958x220.png 958w, https:\/\/www.mimiryudo.com\/blog\/wp-content\/uploads\/2018\/12\/Capture-d\u2019\u00e9cran-2018-12-09-\u00e0-12.18.04.png 1490w\" sizes=\"auto, (max-width: 626px) 100vw, 626px\" \/><\/a><p id=\"caption-attachment-2768\" class=\"wp-caption-text\">Je n&rsquo;invente rien. Sortez moi de l\u00e0&#8230;<\/p><\/div>\n<p>&gt; A ce stade, qu&rsquo;est-ce que je peux\u00a0d\u00e9bunker franchement ? Balancer des chiffres pour dire \u00ab\u00a0les cancers invasifs du col de l&rsquo;ut\u00e9rus augmentent\u00a0\u00bb (= ils augmentent ou on les d\u00e9piste mieux&#8230;) et \u00ab\u00a0c&rsquo;est la faute du vaccin\u00a0\u00bb alors m\u00eame qu&rsquo;on parle de populations non concern\u00e9es et non vaccin\u00e9es. J&rsquo;ai connu des lettres au P\u00e8re No\u00ebl qui avaient plus de sens que cette lettre aux s\u00e9nateurs.<\/p>\n<p>D&rsquo;ailleurs, avec la formulation \u00ab\u00a0plus de 50 ans, groupe non concern\u00e9 par le programme de vaccination\u00a0\u00bb, je me suis demand\u00e9 si en fait il n&rsquo;y avait pas une recommandation en Su\u00e8de pour vacciner jusqu&rsquo;\u00e0 49 ans. <a href=\"https:\/\/vaccine-schedule.ecdc.europa.eu\/Scheduler\/ByDisease?SelectedDiseaseId=38&amp;SelectedCountryIdByDisease=-1\">Bah non<\/a>, pas du tout, ils vaccinent entre 10 et 12 ans et c&rsquo;est tout.<\/p>\n<p><a href=\"http:\/\/www.mimiryudo.com\/blog\/wp-content\/uploads\/2018\/12\/Capture-d\u2019\u00e9cran-2018-12-09-\u00e0-12.17.34.png\"><img loading=\"lazy\" decoding=\"async\" data-attachment-id=\"2770\" data-permalink=\"https:\/\/www.mimiryudo.com\/blog\/2018\/12\/vaccination-anti-hpv-lettre-fermee-aux-senateurs-appeles-par-la-lettre-ouverte-precedente\/capture-decran-2018-12-09-a-12-17-34\/\" data-orig-file=\"https:\/\/www.mimiryudo.com\/blog\/wp-content\/uploads\/2018\/12\/Capture-d\u2019\u00e9cran-2018-12-09-\u00e0-12.17.34.png\" data-orig-size=\"1196,1460\" data-comments-opened=\"1\" data-image-meta=\"{&quot;aperture&quot;:&quot;0&quot;,&quot;credit&quot;:&quot;&quot;,&quot;camera&quot;:&quot;&quot;,&quot;caption&quot;:&quot;&quot;,&quot;created_timestamp&quot;:&quot;0&quot;,&quot;copyright&quot;:&quot;&quot;,&quot;focal_length&quot;:&quot;0&quot;,&quot;iso&quot;:&quot;0&quot;,&quot;shutter_speed&quot;:&quot;0&quot;,&quot;title&quot;:&quot;&quot;,&quot;orientation&quot;:&quot;0&quot;}\" data-image-title=\"Capture d\u2019\u00e9cran 2018-12-09 \u00e0 12.17.34\" data-image-description=\"\" data-image-caption=\"\" data-large-file=\"https:\/\/www.mimiryudo.com\/blog\/wp-content\/uploads\/2018\/12\/Capture-d\u2019\u00e9cran-2018-12-09-\u00e0-12.17.34-839x1024.png\" class=\"aligncenter wp-image-2770\" src=\"http:\/\/www.mimiryudo.com\/blog\/wp-content\/uploads\/2018\/12\/Capture-d\u2019\u00e9cran-2018-12-09-\u00e0-12.17.34-839x1024.png\" alt=\"Capture d\u2019\u00e9cran 2018-12-09 \u00e0 12.17.34\" width=\"467\" height=\"570\" srcset=\"https:\/\/www.mimiryudo.com\/blog\/wp-content\/uploads\/2018\/12\/Capture-d\u2019\u00e9cran-2018-12-09-\u00e0-12.17.34-839x1024.png 839w, https:\/\/www.mimiryudo.com\/blog\/wp-content\/uploads\/2018\/12\/Capture-d\u2019\u00e9cran-2018-12-09-\u00e0-12.17.34-246x300.png 246w, https:\/\/www.mimiryudo.com\/blog\/wp-content\/uploads\/2018\/12\/Capture-d\u2019\u00e9cran-2018-12-09-\u00e0-12.17.34-768x938.png 768w, https:\/\/www.mimiryudo.com\/blog\/wp-content\/uploads\/2018\/12\/Capture-d\u2019\u00e9cran-2018-12-09-\u00e0-12.17.34.png 1196w\" sizes=\"auto, (max-width: 467px) 100vw, 467px\" \/><\/a><\/p>\n<p>(Je passe sur la note 12 qui fait r\u00e9f\u00e9rence \u00e0 la Su\u00e8de mais est la <a href=\"https:\/\/canceraustralia.gov.au\/affected-cancer\/\">base Australienne<\/a>.)<\/p>\n<p><strong>Paragraphe 13 (r\u00e9sum\u00e9)<\/strong> : \u00ab\u00a0En Norv\u00e8ge, le taux a aussi augment\u00e9 chez les femmes jeunes. <a href=\"http:\/\/www-dep.iarc.fr\/NORDCAN\/english\/Graph2l.asp?cancer=212&amp;sex=2&amp;registry=578&amp;sYear=2007&amp;eYear=2015&amp;type=0&amp;age=50&amp;agegr=25&amp;agen=1&amp;orientation=2&amp;grid=1&amp;trend=1&amp;line=2&amp;moving=1\">Regardez ce graphique o\u00f9 on voit que \u00e7a baisse chez les plus de 50 ans, en note 13<\/a>\u00a0! Satan\u00e9 vaccin !\u00a0\u00bb<br \/>\n&gt; Bon, histoire de jouer avec la base, je vous montre plut\u00f4t le graphique chez les concern\u00e9es de 20-24 ans depuis les ann\u00e9es 90.\u00a0Attention, scandale en approche.<\/p>\n<div id=\"attachment_2772\" style=\"width: 538px\" class=\"wp-caption aligncenter\"><a href=\"http:\/\/www.mimiryudo.com\/blog\/wp-content\/uploads\/2018\/12\/Capture-d\u2019\u00e9cran-2018-12-09-\u00e0-12.34.58.png\"><img loading=\"lazy\" decoding=\"async\" aria-describedby=\"caption-attachment-2772\" data-attachment-id=\"2772\" data-permalink=\"https:\/\/www.mimiryudo.com\/blog\/2018\/12\/vaccination-anti-hpv-lettre-fermee-aux-senateurs-appeles-par-la-lettre-ouverte-precedente\/capture-decran-2018-12-09-a-12-34-58\/\" data-orig-file=\"https:\/\/www.mimiryudo.com\/blog\/wp-content\/uploads\/2018\/12\/Capture-d\u2019\u00e9cran-2018-12-09-\u00e0-12.34.58.png\" data-orig-size=\"1654,1206\" data-comments-opened=\"1\" data-image-meta=\"{&quot;aperture&quot;:&quot;0&quot;,&quot;credit&quot;:&quot;&quot;,&quot;camera&quot;:&quot;&quot;,&quot;caption&quot;:&quot;&quot;,&quot;created_timestamp&quot;:&quot;0&quot;,&quot;copyright&quot;:&quot;&quot;,&quot;focal_length&quot;:&quot;0&quot;,&quot;iso&quot;:&quot;0&quot;,&quot;shutter_speed&quot;:&quot;0&quot;,&quot;title&quot;:&quot;&quot;,&quot;orientation&quot;:&quot;0&quot;}\" data-image-title=\"Capture d\u2019\u00e9cran 2018-12-09 \u00e0 12.34.58\" data-image-description=\"\" data-image-caption=\"&lt;p&gt;Chez les 20-24 ans&lt;\/p&gt;\n\" data-large-file=\"https:\/\/www.mimiryudo.com\/blog\/wp-content\/uploads\/2018\/12\/Capture-d\u2019\u00e9cran-2018-12-09-\u00e0-12.34.58-1024x747.png\" class=\" wp-image-2772\" src=\"http:\/\/www.mimiryudo.com\/blog\/wp-content\/uploads\/2018\/12\/Capture-d\u2019\u00e9cran-2018-12-09-\u00e0-12.34.58-1024x747.png\" alt=\"Chez les 20-24 ans\" width=\"528\" height=\"385\" srcset=\"https:\/\/www.mimiryudo.com\/blog\/wp-content\/uploads\/2018\/12\/Capture-d\u2019\u00e9cran-2018-12-09-\u00e0-12.34.58-1024x747.png 1024w, https:\/\/www.mimiryudo.com\/blog\/wp-content\/uploads\/2018\/12\/Capture-d\u2019\u00e9cran-2018-12-09-\u00e0-12.34.58-300x219.png 300w, https:\/\/www.mimiryudo.com\/blog\/wp-content\/uploads\/2018\/12\/Capture-d\u2019\u00e9cran-2018-12-09-\u00e0-12.34.58-768x560.png 768w, https:\/\/www.mimiryudo.com\/blog\/wp-content\/uploads\/2018\/12\/Capture-d\u2019\u00e9cran-2018-12-09-\u00e0-12.34.58.png 1654w\" sizes=\"auto, (max-width: 528px) 100vw, 528px\" \/><\/a><p id=\"caption-attachment-2772\" class=\"wp-caption-text\">Chez les 20-24 ans. Scandaleux. Bad, very bad vaccin.<\/p><\/div>\n<p>&nbsp;<\/p>\n<p>&nbsp;<\/p>\n<p>Pour le refaire, c&rsquo;est ici :\u00a0http:\/\/www-dep.iarc.fr\/NORDCAN\/english\/Graph2l.asp?cancer=212&amp;sex=2&amp;registry=578&amp;sYear=1990&amp;eYear=2016&amp;type=0&amp;age=20&amp;agegr=5&amp;agen=1&amp;orientation=2&amp;grid=1&amp;trend=1&amp;line=2&amp;moving=1<\/p>\n<p>Vous pouvez changer l&rsquo;ann\u00e9e de d\u00e9but (Year=1990 ici), l&rsquo;\u00e2ge de d\u00e9but (age=20), et la tranche d&rsquo;\u00e2ges (agegr=5 ici) et essayer de trouver un endroit o\u00f9 \u00e7a ne va pas, pour pouvoir crier au complot ! #EasyScandalCreator<\/p>\n<p><strong>Paragraphes 14 \u00e0 17 (r\u00e9sum\u00e9s)<\/strong>\u00a0: \u00ab\u00a0finalement, en France, le taux de vaccination est bas et pourtant notre taux d&rsquo;incidence est quand m\u00eame plus bas qu&rsquo;ailleurs ! Donc les s\u00e9nateurs, vous savez ce qu&rsquo;il vous reste \u00e0 faire : ne pas obliger \u00e0 vacciner contre le HPV.\u00a0\u00bb<br \/>\n&gt; J&rsquo;adore les comparaisons entre pays. Genre les Su\u00e9dois, Norv\u00e9giens, Fran\u00e7ais, Anglais, tout le monde a les m\u00eames HPV et les m\u00eames comportements\u00a0sexuels. <a href=\"https:\/\/www.statista.com\/statistics\/248856\/average-number-of-sexual-partners-in-selected-countries-worldwide\/\">Bah non<\/a>.<\/p>\n<p>Les Su\u00e9dois et Norv\u00e9giens ont en moyenne 12 partenaires sexuels (pays o\u00f9 il fait froid), alors qu&rsquo;en France, nous peinons \u00e0 d\u00e9coller du 8. Et puis, l&rsquo;\u00e9ducation est diff\u00e9rente selon les pays (on rappelle que le PIB par habitant est 1,5 fois sup\u00e9rieur dans ces pays Nordiques avec 6 \u00e0 12 fois moins d&rsquo;habitants que chez nous).<\/p>\n<p>Les comparaisons entre pays ont des limites. Dire \u00ab\u00a0le taux de vaccination ET le taux d&rsquo;incidence du cancer est plus bas en France DONC on a raison de peu vacciner\u00a0\u00bb, \u00e7a revient \u00e0 dire \u00ab\u00a0le taux de moustiquaire ET le taux de paludisme est bas en France DONC il faut arr\u00eater d&rsquo;en utiliser en Afrique Subsaharienne\u00a0\u00bb.<\/p>\n<p><strong>Avant de se quitter&#8230;\u00a0<\/strong><\/p>\n<p>On est en 2018. Les blogs, c&rsquo;est un peu d\u00e9pass\u00e9. Les blogs de gens \u00ab\u00a0sceptiques\u00a0\u00bb, c&rsquo;est \u00e0 fuir (allez plut\u00f4t voir l&rsquo;excellent Ast\u00e9rix et le secret de la potion magique d&rsquo;Alexandre Astier, vous passerez un bien meilleur moment).<\/p>\n<p>Si vous voulez faire un point sur le HPV, je vous recommande 3 lectures :<\/p>\n<ul>\n<li>le site gouvernemental fran\u00e7ais (oui, je sais, le complot). Ils font un historique des diff\u00e9rentes pol\u00e9miques, c&rsquo;est top :\u00a0<a href=\"http:\/\/professionnels.vaccination-info-service.fr\/Aspects-sociologiques\/Controverses\/Maladies-auto-immunes\">http:\/\/professionnels.vaccination-info-service.fr\/Aspects-sociologiques\/Controverses\/Maladies-auto-immunes<\/a><\/li>\n<li>un site lillois ind\u00e9pendant des laboratoires et du gouvernement : VaccinClic (<a href=\"http:\/\/www.mimiryudo.com\/blog\/2018\/11\/cnge2018-on-en-revient-et-on-partage\/\">prix du poster au CNGE<\/a> pour rappel !). Il y a notamment un point sur l&rsquo;efficacit\u00e9 en pratique clinique, avec un r\u00e9sum\u00e9 des principales m\u00e9ta-analyses (plusieurs dizaines\/centaines d&rsquo;\u00e9tudes men\u00e9es par des chercheurs \u00e0 travers le monde&#8230; mais bon, peut-\u00eatre qu&rsquo;ils font tous parti du complot et qu&rsquo;en fait la v\u00e9rit\u00e9 peut \u00eatre trouv\u00e9e en allant regarder 3 graphiques sur\u00a0des\u00a0bases en libre acc\u00e8s, mais personne ne l&rsquo;avait vu avant un couple de m\u00e9decins fra\u00eechement\u00a0retrait\u00e9s. Tout est possible, je reste ouvert) :\u00a0<a href=\"https:\/\/vaccinclic.com\/index.php\/2-non-categorise\/72-efficacite-vaccin-papillomavirus-humain#top\">https:\/\/vaccinclic.com\/index.php\/2-non-categorise\/72-efficacite-vaccin-papillomavirus-humain#top<\/a><\/li>\n<li>Wikipedia. Ca n&rsquo;est pas \u00e9crit par des chimpanz\u00e9s, mais par des \u00eatres humains de diff\u00e9rents horizons. S&rsquo;il y a une pol\u00e9mique, les \u00ab\u00a0sceptiques\u00a0\u00bb\u00a0l&rsquo;ajouteront sur WP, faites-leur confiance. Puis il y aura argument, contre-argument, peut-\u00eatre un peu de bololo dans la page discussion&#8230; C&rsquo;est souvent l&rsquo;un des meilleurs reflets de l&rsquo;\u00e9tat actuel des connaissances. Bien plus que les blogs en tout cas :\u00a0<a href=\"https:\/\/fr.wikipedia.org\/wiki\/Gardasil\">https:\/\/fr.wikipedia.org\/wiki\/Gardasil<\/a><\/li>\n<\/ul>\n<p><em>(Si vous \u00eates anglophone, il y a aussi <a href=\"https:\/\/www.cdc.gov\/vaccinesafety\/vaccines\/hpv\/hpv-safety-faqs.html\">la page du\u00a0CDC<\/a> qui est pas mal).\u00a0<\/em><\/p>\n<p>Dernier rappel : m\u00eame si c&rsquo;est la mode, \u00eatre \u00ab\u00a0lanceur d&rsquo;alerte\u00a0\u00bb peut arriver par hasard chez des esprits pr\u00e9par\u00e9s, pour reprendre l&rsquo;aphorisme\u00a0de Louis Pasteur, dans un domaine particulier o\u00f9 souvent on est expert. Mais \u00ab\u00a0lanceur d&rsquo;alerte\u00a0\u00bb n&rsquo;est ni un m\u00e9tier, ni une vocation.<\/p>\n<!-- templates\/buttons-placeholder.php -->\n<div class=\"da-reactions-outer TpostID2762\">\n\t    <div class=\"da-reactions-data da-reactions-container-async center\"\n         data-type=\"post\"\n         data-id=\"2762\"\n         id=\"da-reactions-slot-post-2762\">\n        <div class=\"da-reactions-exposed\">\n\t\t\t<img src=\"https:\/\/www.mimiryudo.com\/blog\/wp-content\/plugins\/da-reactions\/assets\/dist\/loading.svg\" alt=\"Loading spinner\" width=\"64\" height=\"64\" style=\"width:64px\" \/>\n        <\/div>\n    <\/div>\n<\/div>\n","protected":false},"excerpt":{"rendered":"<p>Y\u2019a des sources fiables l\u00e0 dessus ? Ou c\u2019est WTF? Ma crainte a tjs \u00e9t\u00e9 que les femmes ne fassent plus de frottis apr\u00e8s ce vaccin. https:\/\/t.co\/hhDIfJQOAc \u2014 docisa \u2014 no #fakemed\u2014 (@docisa33) 9 d\u00e9cembre 2018 Bon, mes commentaires\u00a0me d\u00e9testent &hellip; <a href=\"https:\/\/www.mimiryudo.com\/blog\/2018\/12\/vaccination-anti-hpv-lettre-fermee-aux-senateurs-appeles-par-la-lettre-ouverte-precedente\/\">Continuer la lecture <span class=\"meta-nav\">&rarr;<\/span><\/a><\/p>\n<!-- templates\/buttons-placeholder.php -->\n<div class=\"da-reactions-outer TpostID2762\">\n\t    <div class=\"da-reactions-data da-reactions-container-async center\"\n         data-type=\"post\"\n         data-id=\"2762\"\n         id=\"da-reactions-slot-post-2762\">\n        <div class=\"da-reactions-exposed\">\n\t\t\t<img src=\"https:\/\/www.mimiryudo.com\/blog\/wp-content\/plugins\/da-reactions\/assets\/dist\/loading.svg\" alt=\"Loading spinner\" width=\"64\" height=\"64\" style=\"width:64px\" \/>\n        <\/div>\n    <\/div>\n<\/div>\n","protected":false},"author":1,"featured_media":0,"comment_status":"open","ping_status":"open","sticky":false,"template":"","format":"standard","meta":{"jetpack_post_was_ever_published":false,"_jetpack_newsletter_access":"","_jetpack_dont_email_post_to_subs":false,"_jetpack_newsletter_tier_id":0,"_jetpack_memberships_contains_paywalled_content":false,"_jetpack_memberships_contains_paid_content":false,"footnotes":"","jetpack_publicize_message":"","jetpack_publicize_feature_enabled":true,"jetpack_social_post_already_shared":true,"jetpack_social_options":{"image_generator_settings":{"template":"highway","default_image_id":0,"font":"","enabled":false},"version":2}},"categories":[13],"tags":[613,609,612,611,225,610],"class_list":["post-2762","post","type-post","status-publish","format-standard","hentry","category-formation-secondaire","tag-cancer-du-col-de-luterus","tag-debunk","tag-gardasil","tag-hpv","tag-lca","tag-lecture-critique"],"jetpack_publicize_connections":[],"jetpack_featured_media_url":"","jetpack_shortlink":"https:\/\/wp.me\/p33dWC-Iy","jetpack_sharing_enabled":true,"jetpack-related-posts":[],"_links":{"self":[{"href":"https:\/\/www.mimiryudo.com\/blog\/wp-json\/wp\/v2\/posts\/2762","targetHints":{"allow":["GET"]}}],"collection":[{"href":"https:\/\/www.mimiryudo.com\/blog\/wp-json\/wp\/v2\/posts"}],"about":[{"href":"https:\/\/www.mimiryudo.com\/blog\/wp-json\/wp\/v2\/types\/post"}],"author":[{"embeddable":true,"href":"https:\/\/www.mimiryudo.com\/blog\/wp-json\/wp\/v2\/users\/1"}],"replies":[{"embeddable":true,"href":"https:\/\/www.mimiryudo.com\/blog\/wp-json\/wp\/v2\/comments?post=2762"}],"version-history":[{"count":4,"href":"https:\/\/www.mimiryudo.com\/blog\/wp-json\/wp\/v2\/posts\/2762\/revisions"}],"predecessor-version":[{"id":2779,"href":"https:\/\/www.mimiryudo.com\/blog\/wp-json\/wp\/v2\/posts\/2762\/revisions\/2779"}],"wp:attachment":[{"href":"https:\/\/www.mimiryudo.com\/blog\/wp-json\/wp\/v2\/media?parent=2762"}],"wp:term":[{"taxonomy":"category","embeddable":true,"href":"https:\/\/www.mimiryudo.com\/blog\/wp-json\/wp\/v2\/categories?post=2762"},{"taxonomy":"post_tag","embeddable":true,"href":"https:\/\/www.mimiryudo.com\/blog\/wp-json\/wp\/v2\/tags?post=2762"}],"curies":[{"name":"wp","href":"https:\/\/api.w.org\/{rel}","templated":true}]}}