{"id":2837,"date":"2019-02-19T07:30:38","date_gmt":"2019-02-19T06:30:38","guid":{"rendered":"http:\/\/www.mimiryudo.com\/blog\/?p=2837"},"modified":"2019-03-17T18:52:19","modified_gmt":"2019-03-17T17:52:19","slug":"une-semaine-en-direct-du-labo","status":"publish","type":"post","link":"https:\/\/www.mimiryudo.com\/blog\/2019\/02\/une-semaine-en-direct-du-labo\/","title":{"rendered":"Une semaine en direct du labo"},"content":{"rendered":"<p>La semaine derni\u00e8re (11 au 17 f\u00e9vrier), j&rsquo;ai anim\u00e9 le compte @EnDirectDuLabo.\u00a0Mon objectif \u00e9tait de parler de la place et l&rsquo;int\u00e9r\u00eat de la recherche en m\u00e9decine g\u00e9n\u00e9rale.<\/p>\n<blockquote class=\"twitter-tweet\" data-lang=\"fr\">\n<p dir=\"ltr\" lang=\"fr\">Bonjour ! Je suis Micha\u00ebl (<a href=\"https:\/\/twitter.com\/mimiryudo?ref_src=twsrc%5Etfw\">@mimiryudo<\/a>), 32 ans, m\u00e9decin g\u00e9n\u00e9raliste depuis 2014, ancien chef de clinique \u00e0 <a href=\"https:\/\/twitter.com\/medecine_Ulille?ref_src=twsrc%5Etfw\">@medecine_Ulille<\/a> et depuis 1 mois, docteur de l&rsquo;universit\u00e9 de Lille (<a href=\"https:\/\/twitter.com\/univ_lille?ref_src=twsrc%5Etfw\">@univ_lille<\/a>) apr\u00e8s une th\u00e8se sur la recherche de facteurs associ\u00e9s \u00e0 la maladie d&rsquo;Alzheimer.<\/p>\n<p>\u2014 En Direct du Labo (@EnDirectDuLabo) <a href=\"https:\/\/twitter.com\/EnDirectDuLabo\/status\/1094855805315223552?ref_src=twsrc%5Etfw\">11 f\u00e9vrier 2019<\/a><\/p><\/blockquote>\n<p><script src=\"https:\/\/platform.twitter.com\/widgets.js\" async=\"\" charset=\"utf-8\"><\/script><\/p>\n<p>En r\u00e9ponse \u00e0 ce tweet, j&rsquo;ai d&rsquo;ailleurs mis (au fur et \u00e0 mesure) le menu de la semaine :\u00a0<\/p>\n<blockquote class=\"twitter-tweet\" data-lang=\"fr\"><p>\n&#8211; Pourquoi faire de la recherche en MG : <a href=\"https:\/\/t.co\/xGt4Z5rlfX\">https:\/\/t.co\/xGt4Z5rlfX<\/a><br \/>\n &#8211; L&rsquo;humour en recherche, et quelques recherches sur l&rsquo;humour en m\u00e9decine : <a href=\"https:\/\/t.co\/OC5t5gCXKX\">https:\/\/t.co\/OC5t5gCXKX<\/a><br \/>\n &#8211; Qu&rsquo;y a-t-il dans PubMed, la base de recherche : exemple avec \u00ab\u00a0Valentine&rsquo;s Day\u00a0\u00bb <a href=\"https:\/\/t.co\/AdGcWaux84\">https:\/\/t.co\/AdGcWaux84<\/a><\/p>\n<p>\u2014 En Direct du Labo (@EnDirectDuLabo) <a href=\"https:\/\/twitter.com\/EnDirectDuLabo\/status\/1096317694071238656?ref_src=twsrc%5Etfw\">15 f\u00e9vrier 2019<\/a>\n<\/p><\/blockquote>\n<p><script src=\"https:\/\/platform.twitter.com\/widgets.js\" async=\"\" charset=\"utf-8\"><\/script><\/p>\n<blockquote class=\"twitter-tweet\" data-lang=\"fr\">\n<p dir=\"ltr\" lang=\"fr\">&#8211; Ma th\u00e8se d&rsquo;universit\u00e9 sur la recherche de facteurs associ\u00e9s \u00e0 la maladie d&rsquo;Alzheimer par la fouille de base de donn\u00e9es massives : <a href=\"https:\/\/t.co\/U4uCCQnEkO\">https:\/\/t.co\/U4uCCQnEkO<\/a><br \/>\n&#8211; A travers mes travaux dirig\u00e9s, 36 exemples de th\u00e8ses en MG : <a href=\"https:\/\/t.co\/oV66Scqnn9\">https:\/\/t.co\/oV66Scqnn9<\/a><\/p>\n<p>\u2014 En Direct du Labo (@EnDirectDuLabo) <a href=\"https:\/\/twitter.com\/EnDirectDuLabo\/status\/1096789524024307714?ref_src=twsrc%5Etfw\">16 f\u00e9vrier 2019<\/a><\/p><\/blockquote>\n<p><script src=\"https:\/\/platform.twitter.com\/widgets.js\" async=\"\" charset=\"utf-8\"><\/script><\/p>\n<blockquote class=\"twitter-tweet\" data-conversation=\"none\" data-lang=\"fr\"><p>\n&#8211; Les loisirs du dimanche : course \u00e0 pied et sagas MP3 : <a href=\"https:\/\/t.co\/qHYq7XYMVj\">https:\/\/t.co\/qHYq7XYMVj<\/a> <a href=\"https:\/\/twitter.com\/hashtag\/Fin?src=hash&amp;ref_src=twsrc%5Etfw\">#Fin<\/a><\/p>\n<p>\u2014 En Direct du Labo (@EnDirectDuLabo) <a href=\"https:\/\/twitter.com\/EnDirectDuLabo\/status\/1097141303333306368?ref_src=twsrc%5Etfw\">17 f\u00e9vrier 2019<\/a>\n<\/p><\/blockquote>\n<p><script src=\"https:\/\/platform.twitter.com\/widgets.js\" async=\"\" charset=\"utf-8\"><\/script><\/p>\n<p>C&rsquo;\u00e9tait une exp\u00e9rience tr\u00e8s sympa, parce que :<\/p>\n<ul>\n<li>\u00e7a implique de\u00a0r\u00e9fl\u00e9chir un peu diff\u00e9remment \u00e0 ce qu&rsquo;on tweete ou retweete (\u00e7a n&rsquo;est pas mon compte, je n&rsquo;ai pas envie de dire \u00ab\u00a0trop\u00a0\u00bb de b\u00eatise &#8211; m\u00eame si mon contenu n&rsquo;est\u00a0au nom du Collectif Conscience, j&rsquo;ai un peu l&rsquo;impression d&rsquo;\u00eatre \u00ab\u00a0dans leur appart'\u00a0\u00bb)<\/li>\n<li>c&rsquo;est une seule semaine donc \u00e7a incite \u00e0 \u00eatre productif (et de plus en plus au fil de l&rsquo;approche de date de fin&#8230; un peu comme quand on va finir les vacances et qu&rsquo;on se dit qu&rsquo;on a \u00ab\u00a0encore plein de choses \u00e0 faire\u00a0\u00bb ^^)<\/li>\n<li>le public n&rsquo;est pas le m\u00eame que sur mon compte (avec globalement un m\u00e9lange\u00a0\u00ab\u00a0professionnels de sant\u00e9\u00a0\u00bb \/ \u00ab\u00a0amateurs de sagas mp3\u00a0\u00bb qui me connaissent un peu et sont encore l\u00e0 malgr\u00e9 tout)\u00a0: \u00e7a incite \u00e0 expliquer ou vulgariser diff\u00e9remment pour \u00eatre compr\u00e9hensible par le plus grand nombre,<\/li>\n<li>c&rsquo;est un compte \u00e0 11 000 abonn\u00e9s (soit 5 fois plus que mon compte habituel), qui a un public tr\u00e8s diff\u00e9rent de mes followers habituels : probablement\u00a0des followers des pr\u00e9d\u00e9cesseurs sur ce compte, donc des gens int\u00e9ress\u00e9s par la\u00a0biologie, g\u00e9n\u00e9tique, astrophysique, \u00e9conomie, arch\u00e9ologie, informatique, g\u00e9ographie, histoire, lettres modernes, math\u00e9matiques&#8230; bref, un public tr\u00e8s vari\u00e9\u00a0!<\/li>\n<\/ul>\n<p>Je suis arriv\u00e9 avec un sentiment d&rsquo;imposteur (la semaine d&rsquo;avant, il y avait un chercheur qui expliquait comment ses travaux permettaient de retrouver un randonneur perdu qui ne peut donner que des informations vagues, avec des super cartes et tout ; c&rsquo;\u00e9tait Columbo sur le GR20, je trouvais \u00e7a trop cool !)<\/p>\n<p>Pour \u00e9viter de saouler les gens non int\u00e9ress\u00e9s par la m\u00e9decine, j&rsquo;ai essay\u00e9 d&rsquo;\u00e9crire le maximum et balancer par s\u00e9rie de 5 \u00e0 15 tweets, plut\u00f4t qu&rsquo;un tweet \u00e0 la fois (ce qui fait remonter dans la TL le m\u00eame sujet pendant 2 heures&#8230;) ; c&rsquo;est ce que je fais notamment <a href=\"http:\/\/www.mimiryudo.com\/blog\/2018\/11\/cnge2018-on-en-revient-et-on-partage\/\">en congr\u00e8s<\/a>.<\/p>\n<p>Pour m&rsquo;assurer que je n&rsquo;ennuyais pas trop les gens sur ce compte qui n&rsquo;est pas le mien (#imposteur ^^), j&rsquo;ai not\u00e9 le nombre de followers au d\u00e9but (11 238) et v\u00e9rifi\u00e9 2-3\u00a0fois dans la semaine que \u00e7a ne chutait pas (en fait \u00e7a progresse toujours un peu et au samedi soir, on \u00e9tait m\u00eame \u00e0 +82 \\o\/&#8230; notamment\u00a0parce que ma TL sur @mimiryudo est terriblement cool et est venue m&rsquo;\u00e9couter \u00ab\u00a0blablater\u00a0\u00bb \u00e0 c\u00f4t\u00e9 &#8211; bises \u00e0 vous :*)).<\/p>\n<p>Le dimanche, j&rsquo;ai explor\u00e9 les statistiques Twitter pour voir le \u00ab\u00a0bilan de la semaine\u00a0\u00bb (c&rsquo;est vraiment tr\u00e8s d\u00e9taill\u00e9 ce truc, c&rsquo;est marrant&#8230; bien qu&rsquo;avec quelques informations probablement un peu douteuses, comme le \u00ab\u00a0principal sujet d&rsquo;int\u00e9r\u00eat\u00a0\u00bb ^^)<\/p>\n<div id=\"attachment_2843\" style=\"width: 515px\" class=\"wp-caption aligncenter\"><a href=\"http:\/\/www.mimiryudo.com\/blog\/wp-content\/uploads\/2019\/02\/Capture-d\u2019\u00e9cran-2019-02-17-\u00e0-20.08.59.png\"><img loading=\"lazy\" decoding=\"async\" aria-describedby=\"caption-attachment-2843\" data-attachment-id=\"2843\" data-permalink=\"https:\/\/www.mimiryudo.com\/blog\/2019\/02\/une-semaine-en-direct-du-labo\/capture-decran-2019-02-17-a-20-08-59\/\" data-orig-file=\"https:\/\/www.mimiryudo.com\/blog\/wp-content\/uploads\/2019\/02\/Capture-d\u2019\u00e9cran-2019-02-17-\u00e0-20.08.59.png\" data-orig-size=\"1780,1100\" data-comments-opened=\"1\" data-image-meta=\"{&quot;aperture&quot;:&quot;0&quot;,&quot;credit&quot;:&quot;&quot;,&quot;camera&quot;:&quot;&quot;,&quot;caption&quot;:&quot;&quot;,&quot;created_timestamp&quot;:&quot;0&quot;,&quot;copyright&quot;:&quot;&quot;,&quot;focal_length&quot;:&quot;0&quot;,&quot;iso&quot;:&quot;0&quot;,&quot;shutter_speed&quot;:&quot;0&quot;,&quot;title&quot;:&quot;&quot;,&quot;orientation&quot;:&quot;0&quot;}\" data-image-title=\"Capture d\u2019\u00e9cran 2019-02-17 \u00e0 20.08.59\" data-image-description=\"\" data-image-caption=\"&lt;p&gt;Ca fait pas mal \u00ab\u00a0d&amp;rsquo;impression\u00a0\u00bb (potentielle) des tweets !&lt;\/p&gt;\n\" data-large-file=\"https:\/\/www.mimiryudo.com\/blog\/wp-content\/uploads\/2019\/02\/Capture-d\u2019\u00e9cran-2019-02-17-\u00e0-20.08.59-1024x633.png\" class=\" wp-image-2843\" src=\"http:\/\/www.mimiryudo.com\/blog\/wp-content\/uploads\/2019\/02\/Capture-d\u2019\u00e9cran-2019-02-17-\u00e0-20.08.59-1024x633.png\" alt=\"Ca fait pas mal &quot;d'impression&quot; (potentielle) des tweets !\" width=\"505\" height=\"312\" srcset=\"https:\/\/www.mimiryudo.com\/blog\/wp-content\/uploads\/2019\/02\/Capture-d\u2019\u00e9cran-2019-02-17-\u00e0-20.08.59-1024x633.png 1024w, https:\/\/www.mimiryudo.com\/blog\/wp-content\/uploads\/2019\/02\/Capture-d\u2019\u00e9cran-2019-02-17-\u00e0-20.08.59-300x185.png 300w, https:\/\/www.mimiryudo.com\/blog\/wp-content\/uploads\/2019\/02\/Capture-d\u2019\u00e9cran-2019-02-17-\u00e0-20.08.59-768x475.png 768w, https:\/\/www.mimiryudo.com\/blog\/wp-content\/uploads\/2019\/02\/Capture-d\u2019\u00e9cran-2019-02-17-\u00e0-20.08.59.png 1780w\" sizes=\"auto, (max-width: 505px) 100vw, 505px\" \/><\/a><p id=\"caption-attachment-2843\" class=\"wp-caption-text\">Ca fait pas mal \u00ab\u00a0d&rsquo;impression\u00a0\u00bb (potentielle) des tweets !<\/p><\/div>\n<div id=\"attachment_2842\" style=\"width: 265px\" class=\"wp-caption aligncenter\"><img loading=\"lazy\" decoding=\"async\" aria-describedby=\"caption-attachment-2842\" data-attachment-id=\"2842\" data-permalink=\"https:\/\/www.mimiryudo.com\/blog\/2019\/02\/une-semaine-en-direct-du-labo\/capture-decran-2019-02-17-a-20-09-24\/\" data-orig-file=\"https:\/\/www.mimiryudo.com\/blog\/wp-content\/uploads\/2019\/02\/Capture-d\u2019\u00e9cran-2019-02-17-\u00e0-20.09.24.png\" data-orig-size=\"416,1400\" data-comments-opened=\"1\" data-image-meta=\"{&quot;aperture&quot;:&quot;0&quot;,&quot;credit&quot;:&quot;&quot;,&quot;camera&quot;:&quot;&quot;,&quot;caption&quot;:&quot;&quot;,&quot;created_timestamp&quot;:&quot;0&quot;,&quot;copyright&quot;:&quot;&quot;,&quot;focal_length&quot;:&quot;0&quot;,&quot;iso&quot;:&quot;0&quot;,&quot;shutter_speed&quot;:&quot;0&quot;,&quot;title&quot;:&quot;&quot;,&quot;orientation&quot;:&quot;0&quot;}\" data-image-title=\"Capture d\u2019\u00e9cran 2019-02-17 \u00e0 20.09.24\" data-image-description=\"\" data-image-caption=\"\" data-large-file=\"https:\/\/www.mimiryudo.com\/blog\/wp-content\/uploads\/2019\/02\/Capture-d\u2019\u00e9cran-2019-02-17-\u00e0-20.09.24-304x1024.png\" class=\"wp-image-2842 \" src=\"http:\/\/www.mimiryudo.com\/blog\/wp-content\/uploads\/2019\/02\/Capture-d\u2019\u00e9cran-2019-02-17-\u00e0-20.09.24-304x1024.png\" alt=\"Capture d\u2019\u00e9cran 2019-02-17 \u00e0 20.09.24\" width=\"255\" height=\"859\" srcset=\"https:\/\/www.mimiryudo.com\/blog\/wp-content\/uploads\/2019\/02\/Capture-d\u2019\u00e9cran-2019-02-17-\u00e0-20.09.24-304x1024.png 304w, https:\/\/www.mimiryudo.com\/blog\/wp-content\/uploads\/2019\/02\/Capture-d\u2019\u00e9cran-2019-02-17-\u00e0-20.09.24-89x300.png 89w, https:\/\/www.mimiryudo.com\/blog\/wp-content\/uploads\/2019\/02\/Capture-d\u2019\u00e9cran-2019-02-17-\u00e0-20.09.24.png 416w\" sizes=\"auto, (max-width: 255px) 100vw, 255px\" \/><p id=\"caption-attachment-2842\" class=\"wp-caption-text\">Ouf, des clics, des RT, des \u00ab\u00a0j&rsquo;aime\u00a0\u00bb et des r\u00e9ponses. Tout va bien !<\/p><\/div>\n<div id=\"attachment_2844\" style=\"width: 680px\" class=\"wp-caption aligncenter\"><a href=\"http:\/\/www.mimiryudo.com\/blog\/wp-content\/uploads\/2019\/02\/Capture-d\u2019\u00e9cran-2019-02-17-\u00e0-20.13.11.png\"><img loading=\"lazy\" decoding=\"async\" aria-describedby=\"caption-attachment-2844\" data-attachment-id=\"2844\" data-permalink=\"https:\/\/www.mimiryudo.com\/blog\/2019\/02\/une-semaine-en-direct-du-labo\/capture-decran-2019-02-17-a-20-13-11\/\" data-orig-file=\"https:\/\/www.mimiryudo.com\/blog\/wp-content\/uploads\/2019\/02\/Capture-d\u2019\u00e9cran-2019-02-17-\u00e0-20.13.11.png\" data-orig-size=\"2166,1010\" data-comments-opened=\"1\" data-image-meta=\"{&quot;aperture&quot;:&quot;0&quot;,&quot;credit&quot;:&quot;&quot;,&quot;camera&quot;:&quot;&quot;,&quot;caption&quot;:&quot;&quot;,&quot;created_timestamp&quot;:&quot;0&quot;,&quot;copyright&quot;:&quot;&quot;,&quot;focal_length&quot;:&quot;0&quot;,&quot;iso&quot;:&quot;0&quot;,&quot;shutter_speed&quot;:&quot;0&quot;,&quot;title&quot;:&quot;&quot;,&quot;orientation&quot;:&quot;0&quot;}\" data-image-title=\"Capture d\u2019\u00e9cran 2019-02-17 \u00e0 20.13.11\" data-image-description=\"\" data-image-caption=\"&lt;p&gt;La principale passion des followers ? Les chiens.&lt;br \/&gt;\n(WTF ?)&lt;\/p&gt;\n\" data-large-file=\"https:\/\/www.mimiryudo.com\/blog\/wp-content\/uploads\/2019\/02\/Capture-d\u2019\u00e9cran-2019-02-17-\u00e0-20.13.11-1024x477.png\" class=\"size-large wp-image-2844\" src=\"http:\/\/www.mimiryudo.com\/blog\/wp-content\/uploads\/2019\/02\/Capture-d\u2019\u00e9cran-2019-02-17-\u00e0-20.13.11-1024x477.png\" alt=\"La principale passion des followers ? Les chiens. (WTF ?)\" width=\"670\" height=\"312\" srcset=\"https:\/\/www.mimiryudo.com\/blog\/wp-content\/uploads\/2019\/02\/Capture-d\u2019\u00e9cran-2019-02-17-\u00e0-20.13.11-1024x477.png 1024w, https:\/\/www.mimiryudo.com\/blog\/wp-content\/uploads\/2019\/02\/Capture-d\u2019\u00e9cran-2019-02-17-\u00e0-20.13.11-300x140.png 300w, https:\/\/www.mimiryudo.com\/blog\/wp-content\/uploads\/2019\/02\/Capture-d\u2019\u00e9cran-2019-02-17-\u00e0-20.13.11-768x358.png 768w\" sizes=\"auto, (max-width: 670px) 100vw, 670px\" \/><\/a><p id=\"caption-attachment-2844\" class=\"wp-caption-text\">Le principal int\u00e9r\u00eat des followers ? Les chiens, bien \u00e9videmment. C&rsquo;est \u00e9galement leur style de vie, par ailleurs.<\/p><\/div>\n<p>Mine de rien, \u00e7a a \u00e9t\u00e9 bien\u00a0chronophage. Au total, je pense que j&rsquo;ai pass\u00e9 12 \u00e0 15 heures sur ce compte la semaine derni\u00e8re, vous comprendrez donc que je n&rsquo;ai pas eu tellement de temps pour un billet original pour ce mardi matin (on verra pour le suivant ^^). Je vous propose plut\u00f4t une r\u00e9trospective :<\/p>\n<ul>\n<li>pour\u00a0retrouver <a href=\"https:\/\/twitter.com\/search?l=&amp;q=from%3AEnDirectDuLabo%20since%3A2019-02-11%20until%3A2019-02-16&amp;src=typd\">tous mes tweets de la semaine, c&rsquo;est ici<\/a>\u00a0;<\/li>\n<li>d&rsquo;ici quelques jours\/semaines, normalement vous retrouverez la m\u00eame possibilit\u00e9\u00a0<a href=\"https:\/\/endirectdulabo.wordpress.com\/\">sur la page du site En Direct du Labo<\/a>\u00a0avec une petite biographie ;<\/li>\n<li>si vous souhaitez trouver le(s) thread(s) qui vous int\u00e9resse(nt),\u00a0vous pouvez retrouver le menu en haut, ou en d\u00e9roulant ces t\u00eates\u00a0de\u00a0threads :<\/li>\n<\/ul>\n<blockquote class=\"twitter-tweet\" data-lang=\"fr\"><p>J&rsquo;ai une petite demi-heure, alors je vais commencer le sujet du jour&#8230;<br \/>\n\u00ab\u00a0Comment devient-on m\u00e9decin (g\u00e9n\u00e9raliste notamment) et chercheur ?\u00a0\u00bb<br \/>\nJe vais rappeler les grandes lignes (pr\u00e9sentes et historiques) du cursus m\u00e9dical et la place de la recherche dans tout \u00e7a \ud83d\ude42<\/p>\n<p>\u2014 En Direct du Labo (@EnDirectDuLabo) <a href=\"https:\/\/twitter.com\/EnDirectDuLabo\/status\/1094932767744409600?ref_src=twsrc%5Etfw\">11 f\u00e9vrier 2019<\/a><\/p><\/blockquote>\n<p><script src=\"https:\/\/platform.twitter.com\/widgets.js\" async=\"\" charset=\"utf-8\"><\/script><\/p>\n<blockquote class=\"twitter-tweet\" data-lang=\"fr\"><p>\nLa journ\u00e9e au cabinet est termin\u00e9e, je vais pouvoir revenir au labo&#8230; *enfile une blouse* TA-DAM ! \\o\/ J&rsquo;ai fini ma journ\u00e9e par des cas assez \u00ab\u00a0originaux\u00a0\u00bb de suspicion d&rsquo;\u00e9ryth\u00e8me noueux et de panaris herp\u00e9tique. C&rsquo;est original parce qu&rsquo;on en voit \u00e0 un rythme rare en MG&#8230;<\/p>\n<p>\u2014 En Direct du Labo (@EnDirectDuLabo) <a href=\"https:\/\/twitter.com\/EnDirectDuLabo\/status\/1095392279748067329?ref_src=twsrc%5Etfw\">12 f\u00e9vrier 2019<\/a>\n<\/p><\/blockquote>\n<p><script src=\"https:\/\/platform.twitter.com\/widgets.js\" async=\"\" charset=\"utf-8\"><\/script><\/p>\n<blockquote class=\"twitter-tweet\" data-lang=\"fr\"><p>Bonjour ! On commence la journ\u00e9e avec un teasing de ce qui vous attend \u00e0 partir de lundi Mais avant \u00e7a, on va continuer \u00e0 parler m\u00e9decine avec aujourd\u2019hui \u00ab pourquoi faire de la recherche en m\u00e9decine g\u00e9n\u00e9rale ? \u00bb <a href=\"https:\/\/t.co\/NY7uQxn5s0\">https:\/\/t.co\/NY7uQxn5s0<\/a><\/p>\n<p>\u2014 En Direct du Labo (@EnDirectDuLabo) <a href=\"https:\/\/twitter.com\/EnDirectDuLabo\/status\/1095608064667979776?ref_src=twsrc%5Etfw\">13 f\u00e9vrier 2019<\/a><\/p><\/blockquote>\n<p><script src=\"https:\/\/platform.twitter.com\/widgets.js\" async=\"\" charset=\"utf-8\"><\/script><\/p>\n<blockquote class=\"twitter-tweet\" data-lang=\"fr\"><p>\nAaaah l&rsquo;humour en sciences ! Superbe id\u00e9e que ces non-remerciements de th\u00e8se&#8230; D&rsquo;ailleurs, \u00e7a me donne l&rsquo;id\u00e9e d&rsquo;un \u00ab\u00a0fil bonus\u00a0\u00bb. (Ceux qui me suivent sur mon compte perso reconna\u00eetront un peu de ce billet de blog : <a href=\"https:\/\/t.co\/5DrJLxlzyZ\">https:\/\/t.co\/5DrJLxlzyZ<\/a> mais lisez quand m\u00eame, y a du neuf !) <a href=\"https:\/\/t.co\/RrDZd14s1E\">https:\/\/t.co\/RrDZd14s1E<\/a><\/p>\n<p>\u2014 En Direct du Labo (@EnDirectDuLabo) <a href=\"https:\/\/twitter.com\/EnDirectDuLabo\/status\/1095700476849545218?ref_src=twsrc%5Etfw\">13 f\u00e9vrier 2019<\/a>\n<\/p><\/blockquote>\n<p><script src=\"https:\/\/platform.twitter.com\/widgets.js\" async=\"\" charset=\"utf-8\"><\/script><\/p>\n<blockquote class=\"twitter-tweet\" data-lang=\"fr\"><p>Bon allez, chose promise, chose due. Un thread sur la f\u00eate des amoureux et amoureuses, la f\u00eate des c\u0153urs pris par un autre, une autre, plusieurs autres, des c\u0153urs \u00e0 ne plus prendre, \u00e0 prendre, reprendre ou \u00e0 ne pas prendre&#8230; \u2764\ufe0f <a href=\"https:\/\/twitter.com\/hashtag\/ValentinesDay?src=hash&amp;ref_src=twsrc%5Etfw\">#ValentinesDay<\/a> <a href=\"https:\/\/t.co\/H1BDsTY3Up\">pic.twitter.com\/H1BDsTY3Up<\/a><\/p>\n<p>\u2014 En Direct du Labo (@EnDirectDuLabo) <a href=\"https:\/\/twitter.com\/EnDirectDuLabo\/status\/1096139626769797120?ref_src=twsrc%5Etfw\">14 f\u00e9vrier 2019<\/a><\/p><\/blockquote>\n<p><script src=\"https:\/\/platform.twitter.com\/widgets.js\" async=\"\" charset=\"utf-8\"><\/script><\/p>\n<blockquote class=\"twitter-tweet\" data-lang=\"fr\"><p>\nLe thread du jour sera donc sur ma th\u00e8se d&rsquo;universit\u00e9 ou PhD (\u00ab\u00a0Recherche de facteurs associ\u00e9s \u00e0 la maladie d&rsquo;Alzheimer par la fouille de base de donn\u00e9es massives\u00a0\u00bb), commenc\u00e9e en d\u00e9cembre 2015 \u00e0 Lille avec l&rsquo;\u00e9quipe du CERIM et l&rsquo;\u00e9quipe U1171 et soutenue le 9.1.2019 \u00e0 11h<\/p>\n<p>\u2014 En Direct du Labo (@EnDirectDuLabo) <a href=\"https:\/\/twitter.com\/EnDirectDuLabo\/status\/1096438667978133506?ref_src=twsrc%5Etfw\">15 f\u00e9vrier 2019<\/a>\n<\/p><\/blockquote>\n<p><script src=\"https:\/\/platform.twitter.com\/widgets.js\" async=\"\" charset=\"utf-8\"><\/script><\/p>\n<blockquote class=\"twitter-tweet\" data-lang=\"fr\"><p>Bonjour \u00e0 tous ! Dernier grand thread pour moi sur ce compte, sur les th\u00e8ses d&rsquo;exercice que j&rsquo;ai dirig\u00e9es&#8230; Je vais essayer de me tenir \u00e0 1 tweet par th\u00e8se, sur la journ\u00e9e. Si \u00e7a vous int\u00e9resse, vous aurez le r\u00e9sum\u00e9 en photo ; et si vous avez des questions, n&rsquo;h\u00e9sitez pas !<\/p>\n<p>\u2014 En Direct du Labo (@EnDirectDuLabo) <a href=\"https:\/\/twitter.com\/EnDirectDuLabo\/status\/1096736625814659074?ref_src=twsrc%5Etfw\">16 f\u00e9vrier 2019<\/a><\/p><\/blockquote>\n<p><script src=\"https:\/\/platform.twitter.com\/widgets.js\" async=\"\" charset=\"utf-8\"><\/script><\/p>\n<blockquote class=\"twitter-tweet\" data-lang=\"fr\"><p>\nC\u2019est dimanche, alors on essaie de ne pas passer trop de temps \u00ab au labo \u00bb (m\u00eame si dans 80% des cas, mon labo est mon canap\u00e9 &#x1f601;)&#8230; Parlons un peu loisirs si vous le voulez bien, avant de rendre les cl\u00e9s du compte \u00e0 <a href=\"https:\/\/twitter.com\/Asso_Conscience?ref_src=twsrc%5Etfw\">@Asso_Conscience<\/a> que je remercie encore une fois &#x1f642; <a href=\"https:\/\/twitter.com\/hashtag\/LastThread?src=hash&amp;ref_src=twsrc%5Etfw\">#LastThread<\/a><\/p>\n<p>\u2014 En Direct du Labo (@EnDirectDuLabo) <a href=\"https:\/\/twitter.com\/EnDirectDuLabo\/status\/1097116872946974722?ref_src=twsrc%5Etfw\">17 f\u00e9vrier 2019<\/a>\n<\/p><\/blockquote>\n<p><script src=\"https:\/\/platform.twitter.com\/widgets.js\" async=\"\" charset=\"utf-8\"><\/script><\/p>\n<p>La semaine \u00e0 venir va me sembler plus calme ^^ A bient\u00f4t !<\/p>\n<p>&nbsp;<\/p>\n<p>&nbsp;<\/p>\n<p>EDIT : Ma petite pr\u00e9sentation quand m\u00eame&#8230;<\/p>\n<div class=\"\">Je m\u2019appelle Micha\u00ebl (@mimiryudo), j\u2019ai 32 ans, et je suis m\u00e9decin g\u00e9n\u00e9raliste \u00e0 Outreau (62 &#8211; Pas-de-Calais) depuis la fin de mon internat en novembre 2014.<\/div>\n<div class=\"\">J\u2019ai une triple activit\u00e9 depuis mon clinicat en m\u00e9decine g\u00e9n\u00e9rale (jusqu\u2019en novembre 2017) :<\/div>\n<div class=\"\">&#8211; soignant (m\u00e9decine g\u00e9n\u00e9rale) ;<\/div>\n<div class=\"\">&#8211; enseignement, notamment aupr\u00e8s des internes de m\u00e9decine g\u00e9n\u00e9rale et des \u00e9tudiants en 6\u00e8me ann\u00e9e de m\u00e9decine pr\u00e9parant les \u00e9preuves classantes nationales ;<\/div>\n<div class=\"\">&#8211; recherche : apr\u00e8s ma th\u00e8se d\u2019exercice (sur la collaboration entre le service de m\u00e9decine interne et le centre de pharmacovigilance), j\u2019ai dirig\u00e9 36 th\u00e8ses depuis novembre 2014, obtenu un M2 en biologie-sant\u00e9 (bio-statistiques) en 2015 et soutenu ma th\u00e8se d\u2019universit\u00e9 en sciences de la sant\u00e9 \u00e0 Lille en janvier 2019, sur la recherche de facteurs associ\u00e9s \u00e0 la maladie d\u2019Alzheimer par la fouille de base de donn\u00e9es massives.<\/div>\n<div class=\"\"><\/div>\n<div class=\"\">\n<div class=\"\">Pendant cette semaine avec vous, je partage sur :<\/div>\n<div class=\"\">&#8211; la recherche pendant les \u00e9tudes de m\u00e9decine (g\u00e9n\u00e9rale),<\/div>\n<div class=\"\">&#8211; les possibilit\u00e9s de faire de la recherche au quotidien au cabinet de m\u00e9decine g\u00e9n\u00e9rale (avec quelques grandes \u00e9tudes actuelles),<\/div>\n<div class=\"\">&#8211; l\u2019humour dans la recherche, et les recherches sur l&rsquo;humour dans la m\u00e9decine,<\/div>\n<div class=\"\">&#8211; le contenu de PubMed, \u00e0 travers les articles de m\u00e9decine parlant de la Saint-Valentin (ravi de ne pas avoir tenu ce compte la semaine de No\u00ebl !)<\/div>\n<div class=\"\">&#8211; ma th\u00e8se d\u2019universit\u00e9,<\/div>\n<div class=\"\">&#8211; et les diff\u00e9rentes th\u00e8ses que j\u2019ai dirig\u00e9es.<\/div>\n<div class=\"\"><\/div>\n<\/div>\n<div class=\"\">Pour compl\u00e9ter cette activit\u00e9 m\u00e9dicale, je tiens \u00e9galement un blog (<a class=\"\" href=\"http:\/\/www.mimiryudo.com\/blog\">http:\/\/www.mimiryudo.com\/blog<\/a>), quand je ne tweete pas\u2026<\/div>\n<div class=\"\">En dehors de ce milieu, j\u2019\u00e9cris des fictions sonores dans la sagasph\u00e8re (notamment sur Netophonix), joue de la musique (trompette et piano), pratique la course \u00e0 pied et la randonn\u00e9e (<a class=\"\" href=\"http:\/\/www.mic-mat.fr\/randonnees\">http:\/\/www.mic-mat.fr\/randonnees<\/a>), et j\u2019aime le cin\u00e9ma.<\/div>\n<!-- templates\/buttons-placeholder.php -->\n<div class=\"da-reactions-outer TpostID2837\">\n\t    <div class=\"da-reactions-data da-reactions-container-async center\"\n         data-type=\"post\"\n         data-id=\"2837\"\n         id=\"da-reactions-slot-post-2837\">\n        <div class=\"da-reactions-exposed\">\n\t\t\t<img src=\"https:\/\/www.mimiryudo.com\/blog\/wp-content\/plugins\/da-reactions\/assets\/dist\/loading.svg\" alt=\"Loading spinner\" width=\"64\" height=\"64\" style=\"width:64px\" \/>\n        <\/div>\n    <\/div>\n<\/div>\n","protected":false},"excerpt":{"rendered":"<p>La semaine derni\u00e8re (11 au 17 f\u00e9vrier), j&rsquo;ai anim\u00e9 le compte @EnDirectDuLabo.\u00a0Mon objectif \u00e9tait de parler de la place et l&rsquo;int\u00e9r\u00eat de la recherche en m\u00e9decine g\u00e9n\u00e9rale. Bonjour ! Je suis Micha\u00ebl (@mimiryudo), 32 ans, m\u00e9decin g\u00e9n\u00e9raliste depuis 2014, ancien &hellip; <a href=\"https:\/\/www.mimiryudo.com\/blog\/2019\/02\/une-semaine-en-direct-du-labo\/\">Continuer la lecture <span class=\"meta-nav\">&rarr;<\/span><\/a><\/p>\n<!-- templates\/buttons-placeholder.php -->\n<div class=\"da-reactions-outer TpostID2837\">\n\t    <div class=\"da-reactions-data da-reactions-container-async center\"\n         data-type=\"post\"\n         data-id=\"2837\"\n         id=\"da-reactions-slot-post-2837\">\n        <div class=\"da-reactions-exposed\">\n\t\t\t<img src=\"https:\/\/www.mimiryudo.com\/blog\/wp-content\/plugins\/da-reactions\/assets\/dist\/loading.svg\" alt=\"Loading spinner\" width=\"64\" height=\"64\" style=\"width:64px\" \/>\n        <\/div>\n    <\/div>\n<\/div>\n","protected":false},"author":1,"featured_media":0,"comment_status":"open","ping_status":"open","sticky":false,"template":"","format":"standard","meta":{"jetpack_post_was_ever_published":false,"_jetpack_newsletter_access":"","_jetpack_dont_email_post_to_subs":false,"_jetpack_newsletter_tier_id":0,"_jetpack_memberships_contains_paywalled_content":false,"_jetpack_memberships_contains_paid_content":false,"footnotes":"","jetpack_publicize_message":"","jetpack_publicize_feature_enabled":true,"jetpack_social_post_already_shared":true,"jetpack_social_options":{"image_generator_settings":{"template":"highway","default_image_id":0,"font":"","enabled":false},"version":2}},"categories":[600],"tags":[630,631,564,179],"class_list":["post-2837","post","type-post","status-publish","format-standard","hentry","category-ecriture-direction-de-these-et-publications","tag-endirectdulabo","tag-recherche","tag-theses","tag-twitter"],"jetpack_publicize_connections":[],"jetpack_featured_media_url":"","jetpack_shortlink":"https:\/\/wp.me\/p33dWC-JL","jetpack_sharing_enabled":true,"jetpack-related-posts":[],"_links":{"self":[{"href":"https:\/\/www.mimiryudo.com\/blog\/wp-json\/wp\/v2\/posts\/2837","targetHints":{"allow":["GET"]}}],"collection":[{"href":"https:\/\/www.mimiryudo.com\/blog\/wp-json\/wp\/v2\/posts"}],"about":[{"href":"https:\/\/www.mimiryudo.com\/blog\/wp-json\/wp\/v2\/types\/post"}],"author":[{"embeddable":true,"href":"https:\/\/www.mimiryudo.com\/blog\/wp-json\/wp\/v2\/users\/1"}],"replies":[{"embeddable":true,"href":"https:\/\/www.mimiryudo.com\/blog\/wp-json\/wp\/v2\/comments?post=2837"}],"version-history":[{"count":6,"href":"https:\/\/www.mimiryudo.com\/blog\/wp-json\/wp\/v2\/posts\/2837\/revisions"}],"predecessor-version":[{"id":2875,"href":"https:\/\/www.mimiryudo.com\/blog\/wp-json\/wp\/v2\/posts\/2837\/revisions\/2875"}],"wp:attachment":[{"href":"https:\/\/www.mimiryudo.com\/blog\/wp-json\/wp\/v2\/media?parent=2837"}],"wp:term":[{"taxonomy":"category","embeddable":true,"href":"https:\/\/www.mimiryudo.com\/blog\/wp-json\/wp\/v2\/categories?post=2837"},{"taxonomy":"post_tag","embeddable":true,"href":"https:\/\/www.mimiryudo.com\/blog\/wp-json\/wp\/v2\/tags?post=2837"}],"curies":[{"name":"wp","href":"https:\/\/api.w.org\/{rel}","templated":true}]}}