{"id":3399,"date":"2020-05-10T19:30:00","date_gmt":"2020-05-10T17:30:00","guid":{"rendered":"http:\/\/www.mimiryudo.com\/blog\/?p=3399"},"modified":"2020-05-10T18:51:39","modified_gmt":"2020-05-10T16:51:39","slug":"operation-jamaissansmonmasque","status":"publish","type":"post","link":"https:\/\/www.mimiryudo.com\/blog\/2020\/05\/operation-jamaissansmonmasque\/","title":{"rendered":"Op\u00e9ration #JamaisSansMonMasque"},"content":{"rendered":"\n<p>Depuis plus de 6 semaines, nous d\u00e9fendons sur <a rel=\"noreferrer noopener\" href=\"https:\/\/stop-postillons.fr\" target=\"_blank\">Stop-postillons.fr<\/a> ce message simple : <strong>portons tous un \u00e9cran anti-postillons (masque maison, T-shirt d\u00e9coup\u00e9, visi\u00e8re&#8230;) dans l&rsquo;espace public pour prot\u00e9ger les autres de nos projections. <\/strong><\/p>\n\n\n\n<p>C&rsquo;est une id\u00e9e qui a un argumentaire scientifique (que nous avons d\u00e9velopp\u00e9 sur le site et dans plusieurs tribunes tel qu&rsquo;<a href=\"https:\/\/bjgplife.com\/2020\/05\/01\/wearing-masks-in-france-and-elsewhere-why-the-delay\/\">ici<\/a> ou <a href=\"https:\/\/www.lepoint.fr\/sante\/tribune-pour-l-obligation-du-port-d-une-protection-faciale-07-05-2020-2374595_40.php\">l\u00e0<\/a> <strong>avec plusieurs collectifs et personnalit\u00e9s scientifiques \u00e9minentes<\/strong>&#8230;). <\/p>\n\n\n\n<p>Nous l&rsquo;avons d\u00e9velopp\u00e9e un peu partout dans les m\u00e9dia (cf. <a rel=\"noreferrer noopener\" href=\"http:\/\/www.mimiryudo.com\/blog\/2020\/04\/il-y-a-du-retard-quant-a-la-decision-de-confiner-les-bouches-et-nez-derriere-des-ecrans-anti-postillons\/\" target=\"_blank\">ce billet o\u00f9 j&rsquo;en parlais en avril<\/a>) ou sur Twitter (notamment avec le hashtag <a href=\"https:\/\/twitter.com\/search?q=%23MonMasqueTeProt%C3%A8ge&amp;src=typed_query\">#MonMasqueTeProt\u00e8ge<\/a> derni\u00e8rement).<\/p>\n\n\n\n<blockquote class=\"wp-block-quote twitter-tweet is-layout-flow wp-block-quote-is-layout-flow\"><p lang=\"fr\" dir=\"ltr\">Dites \u00e7a vous dit de lancer l\u00e0 tout de suite un <a href=\"https:\/\/twitter.com\/hashtag\/MonMasqueTeProt%C3%A8ge?src=hash&amp;ref_src=twsrc%5Etfw\">#MonMasqueTeProt\u00e8ge<\/a> avec une courte vid\u00e9o, o\u00f9 vous voulez, avec le masque que vous voulez, et un message \u00ab je porte un masque pour prot\u00e9ger les autres \u00bb ? Si \u00e7a fonctionne suffisamment, peut-\u00eatre que le message sera bien compris&#8230; <a href=\"https:\/\/t.co\/zgUWm8yNpH\">pic.twitter.com\/zgUWm8yNpH<\/a>\u2014 Micha\u00ebl (@mimiryudo) <a href=\"https:\/\/twitter.com\/mimiryudo\/status\/1256869495949463552?ref_src=twsrc%5Etfw\">May 3, 2020<\/a><\/p><\/blockquote>\n\n\n\n<p>Ce soir, \u00e0 20h, nous vous proposons une nouvelle action collective, <strong><a href=\"https:\/\/dr-gomi.blog4ever.com\/operation-monmasqueteprotege-mmtp-1\u2026\">relay\u00e9e depuis hier par Dr Le Flohic sur son blog<\/a><\/strong> : <\/p>\n\n\n\n<blockquote class=\"wp-block-quote is-layout-flow wp-block-quote-is-layout-flow\"><p>Ce message est un appel g\u00e9n\u00e9ral \u00e0 la communaut\u00e9 culturelle, scientifique, m\u00e9diatique, et \u00e0 toutes les personnes susceptible de relayer un message essentiel :&nbsp;<\/p><p>Nous alertons depuis mars sans vraiment de succ\u00e8s sur une \u00e9vidence : le port de masque en population est crucial. Un groupe de travail de m\u00e9decins g\u00e9n\u00e9ralistes a cr\u00e9\u00e9 le site <a rel=\"noreferrer noopener\" href=\"https:\/\/stop-postillons.fr\" target=\"_blank\">stop-postillons.fr<\/a>, pour aider \u00e0 l&rsquo;auto fabrication et \u00e0 l\u2019information sur les masques. De tr\u00e8s nombreux m\u00e9decins relayent le message, mais nous avons besoin de voix puissantes.<\/p><p>Les pays qui ma\u00eetrisent cette \u00e9pid\u00e9mie, dont certains sans confinement, ont adopt\u00e9 le port du masque pr\u00e9cocement, en particulier Hong Kong (7,5 millions d&rsquo;habitants, 4 d\u00e9c\u00e8s avec la plus forte densit\u00e9 de population au monde dans un de ses quartiers, 130 000 habitants au km2).<\/p><p>L&rsquo;heure n&rsquo;est pas \u00e0 constater des d\u00e9faillance dans notre pr\u00e9paration, les incoh\u00e9rences, mais \u00e0 l&rsquo;efficacit\u00e9 dans la lutte contre le virus. <strong>Porter un masque.<\/strong><\/p><p>Nous avons recherch\u00e9 des relais politiques, scientifiques, qui sont bien timides.<\/p><p>La politique actuelle est d&rsquo;imposer le masque uniquement dans les transports.<\/p><p><strong>Ceci ne peut permettre de limiter la diffusion, qui s&rsquo;op\u00e8re particuli\u00e8rement en lieux clos par des personnes qui ne se savent pas malades, la contagiosit\u00e9 des personnes commen\u00e7ant avant tout sympt\u00f4me, en moyenne 2 jours avant de tomber malade.<\/strong><\/p><p>Le masque prot\u00e8ge l\u2019autre et celui qui le porte. Il est un facteur de lutte contre l\u2019\u00e9pid\u00e9mie et sa progression en population.<\/p><p><strong>Les mesures du plan de d\u00e9confinement n&rsquo;ont pas de sens sans port g\u00e9n\u00e9ralis\u00e9 du masque en population <\/strong>et nous courrons \u00e0 la catastrophe. Le tra\u00e7age et les enqu\u00eates ainsi que les tests ne pourront suivre le nombre de cas quotidiens de nouvelles contaminations et s&rsquo;av\u00e8rent d&#8217;embl\u00e9e inefficaces sans un coup d&rsquo;arr\u00eat aux principales sources de contamination. <strong>Portons un masque.<\/strong><\/p><p>Nous souhaitons monter une op\u00e9ration de communication permettant d\u2019inciter fortement le port du masque en population sur la base du volontariat. Il nous semble que la responsabilisation individuelle doit \u00eatre essay\u00e9e avant la coercition, qu&rsquo;il est urgent d&rsquo;informer et de pr\u00e9coniser \u00e0 grande \u00e9chelle.<\/p><p><strong>Nous faisons appel \u00e0 toutes les bonnes volont\u00e9s qui peuvent \u00eatre entendues pour changer le cours des \u00e9v\u00e9nements.<\/strong><\/p><p>Nous sommes disponibles pour toute information scientifique en cas de doute sur cette information. Il est urgent de faire et de pr\u00e9coniser ce qui est indispensable.<\/p><p>Nous souhaitons caler cette op\u00e9ration en 24h. Deux temps :<\/p><p>&#8211; D\u00e8s maintenant nous demandons \u00e0 toute personne int\u00e9ress\u00e9e pour soutenir cette communication de relayer ce projet dans son r\u00e9seau de relations.<\/p><p>&#8211; <strong>Dimanche 10 mai \u00e0 20h : publier massivement sur les r\u00e9seaux sociaux : Instagram, Twitter, Facebook un selfie masqu\u00e9 accompagn\u00e9 du texte suivant :<\/strong> \u00ab\u00a0#JamaisSansMonMasque\u00a0\u00bb&nbsp;;&nbsp;\u00ab\u00a0Quand je mets mon masque, je me prot\u00e8ge, je te prot\u00e8ge\u00a0\u00bb. Partager le m\u00eame hashtag lui donnera une meilleure visibilit\u00e9.<\/p><p>Merci de votre aide ! <\/p><p><\/p><p>Collectif m\u00e9dical 22<\/p><p>Collectif Stop-Postillons<\/p><p>Dr Marty J\u00e9r\u00f4me<\/p><p>La marraine de l&rsquo;op\u00e9ration, Estelle Denis.<\/p><\/blockquote>\n\n\n\n<p>Vous savez ce qu&rsquo;il vous reste \u00e0 faire \ud83d\ude09 Merci ! <\/p>\n<!-- templates\/buttons-placeholder.php -->\n<div class=\"da-reactions-outer TpostID3399\">\n\t    <div class=\"da-reactions-data da-reactions-container-async center\"\n         data-type=\"post\"\n         data-id=\"3399\"\n         id=\"da-reactions-slot-post-3399\">\n        <div class=\"da-reactions-exposed\">\n\t\t\t<img src=\"https:\/\/www.mimiryudo.com\/blog\/wp-content\/plugins\/da-reactions\/assets\/dist\/loading.svg\" alt=\"Loading spinner\" width=\"64\" height=\"64\" style=\"width:64px\" \/>\n        <\/div>\n    <\/div>\n<\/div>\n","protected":false},"excerpt":{"rendered":"<p>Depuis plus de 6 semaines, nous d\u00e9fendons sur Stop-postillons.fr ce message simple : portons tous un \u00e9cran anti-postillons (masque maison, T-shirt d\u00e9coup\u00e9, visi\u00e8re&#8230;) dans l&rsquo;espace public pour prot\u00e9ger les autres de nos projections. C&rsquo;est une id\u00e9e qui a un argumentaire &hellip; <a href=\"https:\/\/www.mimiryudo.com\/blog\/2020\/05\/operation-jamaissansmonmasque\/\">Continuer la lecture <span class=\"meta-nav\">&rarr;<\/span><\/a><\/p>\n<!-- templates\/buttons-placeholder.php -->\n<div class=\"da-reactions-outer TpostID3399\">\n\t    <div class=\"da-reactions-data da-reactions-container-async center\"\n         data-type=\"post\"\n         data-id=\"3399\"\n         id=\"da-reactions-slot-post-3399\">\n        <div class=\"da-reactions-exposed\">\n\t\t\t<img src=\"https:\/\/www.mimiryudo.com\/blog\/wp-content\/plugins\/da-reactions\/assets\/dist\/loading.svg\" alt=\"Loading spinner\" width=\"64\" height=\"64\" style=\"width:64px\" \/>\n        <\/div>\n    <\/div>\n<\/div>\n","protected":false},"author":1,"featured_media":0,"comment_status":"open","ping_status":"open","sticky":false,"template":"","format":"standard","meta":{"jetpack_post_was_ever_published":false,"_jetpack_newsletter_access":"","_jetpack_dont_email_post_to_subs":false,"_jetpack_newsletter_tier_id":0,"_jetpack_memberships_contains_paywalled_content":false,"_jetpack_memberships_contains_paid_content":false,"footnotes":"","jetpack_publicize_message":"Op\u00e9ration #JamaisSansMonMasque : quand je mets mon masque, je te prot\u00e8ge, je me prot\u00e8ge. Diffusez autour de vous cette id\u00e9e avec le hashtag ce soir \u00e0 20h ! ","jetpack_publicize_feature_enabled":true,"jetpack_social_post_already_shared":true,"jetpack_social_options":{"image_generator_settings":{"template":"highway","default_image_id":0,"font":"","enabled":false},"version":2}},"categories":[247],"tags":[700,709,701,710],"class_list":["post-3399","post","type-post","status-publish","format-standard","hentry","category-une-idee-de-la-medecine","tag-coronavirus","tag-covid-19","tag-ecrans-anti-postillons","tag-masques"],"jetpack_publicize_connections":[],"jetpack_featured_media_url":"","jetpack_shortlink":"https:\/\/wp.me\/p33dWC-SP","jetpack_sharing_enabled":true,"jetpack-related-posts":[],"_links":{"self":[{"href":"https:\/\/www.mimiryudo.com\/blog\/wp-json\/wp\/v2\/posts\/3399","targetHints":{"allow":["GET"]}}],"collection":[{"href":"https:\/\/www.mimiryudo.com\/blog\/wp-json\/wp\/v2\/posts"}],"about":[{"href":"https:\/\/www.mimiryudo.com\/blog\/wp-json\/wp\/v2\/types\/post"}],"author":[{"embeddable":true,"href":"https:\/\/www.mimiryudo.com\/blog\/wp-json\/wp\/v2\/users\/1"}],"replies":[{"embeddable":true,"href":"https:\/\/www.mimiryudo.com\/blog\/wp-json\/wp\/v2\/comments?post=3399"}],"version-history":[{"count":4,"href":"https:\/\/www.mimiryudo.com\/blog\/wp-json\/wp\/v2\/posts\/3399\/revisions"}],"predecessor-version":[{"id":3405,"href":"https:\/\/www.mimiryudo.com\/blog\/wp-json\/wp\/v2\/posts\/3399\/revisions\/3405"}],"wp:attachment":[{"href":"https:\/\/www.mimiryudo.com\/blog\/wp-json\/wp\/v2\/media?parent=3399"}],"wp:term":[{"taxonomy":"category","embeddable":true,"href":"https:\/\/www.mimiryudo.com\/blog\/wp-json\/wp\/v2\/categories?post=3399"},{"taxonomy":"post_tag","embeddable":true,"href":"https:\/\/www.mimiryudo.com\/blog\/wp-json\/wp\/v2\/tags?post=3399"}],"curies":[{"name":"wp","href":"https:\/\/api.w.org\/{rel}","templated":true}]}}