{"id":3628,"date":"2021-07-18T18:17:01","date_gmt":"2021-07-18T16:17:01","guid":{"rendered":"http:\/\/www.mimiryudo.com\/blog\/?p=3628"},"modified":"2021-08-04T16:17:25","modified_gmt":"2021-08-04T14:17:25","slug":"cassandre-avait-raison","status":"publish","type":"post","link":"https:\/\/www.mimiryudo.com\/blog\/2021\/07\/cassandre-avait-raison\/","title":{"rendered":"Cassandre avait raison"},"content":{"rendered":"\n<p><strong>Cassandre<\/strong> : personne qui pr\u00e9dit une issue d\u00e9favorable aux \u00e9v\u00e9nements, au risque de d\u00e9plaire ou de ne pas \u00eatre crue (<strong><a href=\"https:\/\/www.larousse.fr\/dictionnaires\/francais\/cassandre\/13585\">Larousse<\/a><\/strong>). <\/p>\n\n\n\n<p>Dans la mythologie grecque, Cassandre est la fille de roi de Troie. Elle a re\u00e7u d&rsquo;Apollon le don de dire l&rsquo;avenir&#8230; et la mal\u00e9diction que ses pr\u00e9dictions ne soient jamais crues, y compris de sa famille (parce qu&rsquo;elle n&rsquo;a pas voulu c\u00e9der aux avances du dieu de la beaut\u00e9 masculine). Elle pr\u00e9dit que P\u00e2ris causera la perte de Troie, que le cheval des Grecs est un subterfuge, etc. <a href=\"https:\/\/compediart.com\/index.php\/2018\/07\/03\/loracle-que-personne-ne-voulait-croire-cassandre\/\">Ses pr\u00e9dictions sont syst\u00e9matiquement justes et ignor\u00e9es !<\/a><\/p>\n\n\n\n<p>Pendant la pand\u00e9mie \u00e0 COVID-19, le gouvernement a us\u00e9 et abus\u00e9 de l&rsquo;expression \u00ab\u00a0<a href=\"https:\/\/www.liberation.fr\/france\/2020\/09\/17\/covid-19-la-vraie-strategie-de-macron_1799730\/\">jouer les Cassandre<\/a>\u00a0\u00bb pour discr\u00e9diter les scientifiques&#8230; Sauf que de fa\u00e7on tr\u00e8s ironique, ils l&rsquo;ont utilis\u00e9 pour critiquer ceux qui avaient raison et qu&rsquo;ils n&rsquo;ont pas \u00e9cout\u00e9s. <\/p>\n\n\n\n<p>Une br\u00e8ve requ\u00eate \u00ab\u00a0les Cassandre\u00a0\u00bb sur Google Actualit\u00e9s permet de retrouver quelques sorties. <\/p>\n\n\n\n<p>Je passerai sur <a href=\"https:\/\/www.letelegramme.fr\/debats\/edito-oiseaux-de-mauvais-augure-11-07-2021-12788528.php\">ce billet de tr\u00e8s mauvaise foi dans le T\u00e9l\u00e9gramme en juillet<\/a> qui pr\u00e9tend que \u00ab\u00a0les Cassandre ne proposent jamais rien\u00a0\u00bb (bah si en fait, tout un tas de mesures POUR \u00c9VITER LES CONFINEMENTS, \u00e0 base d&rsquo;\u00e9ducation aux gestes barri\u00e8res, de protocoles d&rsquo;a\u00e9rations &#8211; et un <a href=\"https:\/\/science.sciencemag.org\/content\/372\/6543\/689.full\">appel dans Science<\/a> -, de s\u00e9paration des repas en communs en cantines d&rsquo;\u00e9coles ou d&rsquo;entreprise, avec des <a href=\"https:\/\/www.containcovid-pan.eu\/\">appels scientifiques<\/a> dans le Lancet, des <a href=\"https:\/\/twitter.com\/Ecole_Oubliee\/status\/1376173296857792517?ref_src=twsrc%5Etfw%7Ctwcamp%5Etweetembed%7Ctwterm%5E1376173296857792517%7Ctwgr%5E%7Ctwcon%5Es1_&amp;ref_url=http%3A%2F%2Fwww.mimiryudo.com%2Fblog%2Fwp-admin%2Fpost.php%3Fpost%3D3628action%3Dedit\">protocoles par le collectif citoyen Ecoles et familles oubli\u00e9es relay\u00e9 par La Croix<\/a>&#8230;). Oh et cet article pr\u00e9tend aussi que les Cassandre ne proposent rien pour le climat ! <\/p>\n\n\n\n<p>Je passerai \u00e9galement sur les articles qui parlent de gens \u00ab\u00a0jouant les Cassandre\u00a0\u00bb (<a href=\"https:\/\/www.marianne.net\/politique\/je-felicite-ceux-qui-avaient-prevu-la-pandemie-une-fois-qu-elle-eu-lieu-le-scud-peine\">Agn\u00e8s Buzyn en mai 2020<\/a>, <a href=\"https:\/\/www.lemonde.fr\/politique\/article\/2020\/10\/17\/covid-19-la-semaine-ou-macron-s-est-converti-au-couvre-feu_6056373_823448.html\">Olivier V\u00e9ran en octobre 2020<\/a>, <a href=\"https:\/\/www.liberation.fr\/culture\/musique\/indochine-en-concert-test-et-on-se-prend-pas-la-main-20210429_CAUAC6A4XRGM7K76WO4HDY6IME\/\">Karine Lacombe en avril 2021<\/a>, <a href=\"https:\/\/www.liberation.fr\/culture\/musique\/indochine-en-concert-test-et-on-se-prend-pas-la-main-20210429_CAUAC6A4XRGM7K76WO4HDY6IME\/\">l&rsquo;Institut Pasteur en avril 2021<\/a>) ; concentrons-nous sur les sorties du gouvernement !<\/p>\n\n\n\n<h2 class=\"wp-block-heading\">D\u00e9but janvier, Cassandre a des propos r\u00e9invent\u00e9s<\/h2>\n\n\n\n<p><a href=\"https:\/\/www.europe1.fr\/politique\/covid-19-il-ne-faut-pas-priver-les-enfants-decole-defend-jean-michel-blanquer-4016322\">5 janvier 2021<\/a> : le ministre de l&rsquo;Education Nationale, Jean-Michel Blanquer, dit sur Europe 1 que \u00ab\u00a0Parfois, certains refont les Cassandre \u00e0 chaque retour de vacances\u00a0\u00bb. <\/p>\n\n\n\n<blockquote class=\"wp-block-quote is-layout-flow wp-block-quote-is-layout-flow\"><p>\u00ab\u00a0Je me souviens des observations que j&rsquo;avais avant la rentr\u00e9e scolaire de septembre. Si j&rsquo;avais \u00e9cout\u00e9 certains, on aurait l\u00e0 aussi report\u00e9. La bonne d\u00e9cision a \u00e9t\u00e9 prise, c&rsquo;est-\u00e0-dire faire la rentr\u00e9e \u00e0 l&rsquo;heure. Idem pour le retour des vacances de la Toussaint.\u00a0\u00bb<\/p><cite>Des propos r\u00e9invent\u00e9s, ne faites pas \u00e7a chez vous<\/cite><\/blockquote>\n\n\n\n<p><strong><em>Le contexte \/ la r\u00e9alit\u00e9 : <\/em><\/strong><em>Pendant les vacances 2020, alors que la transmission du SARS-CoV-2 est bien connue depuis juillet (gouttelettes et a\u00e9rosols principalement),<\/em> <em>Jean-Michel Blanquer d\u00e9cide de ne rien pr\u00e9parer de concret pour la rentr\u00e9e car il croit &#8211; <a href=\"https:\/\/ducotedelascience.org\/le-masque-des-6-ans-en-france-une-mesure-indispensable-dans-un-protocole-sanitaire-de-lutte-contre-la-propagation-du-coronavirus-dans-les-ecoles\/\">\u00e0 tort<\/a> &#8211; que les enfants ne sont pas moteurs de l&rsquo;\u00e9pid\u00e9mie. <\/em><br><em>Dans ce contexte, le futur collectif Du C\u00f4t\u00e9 de la Science \u00e9crit une tribune dans le Parisien avec <a href=\"https:\/\/www.leparisien.fr\/societe\/crise-du-covid-quatre-propositions-urgentes-pour-l-ecole-29-08-2020-8375094.php\">4 propositions pour l&rsquo;\u00e9cole<\/a><\/em> : <em>port du masque d\u00e8s 6 ans &#8211; protocole d&rsquo;a\u00e9ration &#8211; limitation des contacts en classe et cantines &#8211; tester et tracer. Aucun report n&rsquo;\u00e9tait demand\u00e9, mais mentir est une deuxi\u00e8me passion pour certains.<\/em> <em>Le ministre r\u00e9pond<\/em> <em>d&rsquo;ailleurs \u00e0 cette tribune<\/em> <em>dans <a href=\"https:\/\/www.lejdd.fr\/Politique\/jean-michel-blanquer-au-jdd-nous-sommes-prepares-a-tout-3988436\">le bulletin paroissial le 29 ao\u00fbt<\/a> : \u00ab\u00a0nous sommes pr\u00e9par\u00e9s \u00e0 tout\u00a0\u00bb. <\/em><br><em>Devant l&rsquo;augmentation incontr\u00f4l\u00e9e du nombre de cas et les <a href=\"https:\/\/stop-postillons.fr\/communique-du-8-octobre\/\">appels incessants<\/a>, le masque est enfin instaur\u00e9 pour les enfants d\u00e8s 6 ans \u00e0 partir de novembre 2020.<\/em> <em>D\u00e9but janvier 2021, le Ministre se vante d&rsquo;avoir impos\u00e9 ce masque \u00e0 l&rsquo;\u00e9cole&#8230;<\/em><\/p>\n\n\n\n<figure class=\"wp-block-embed-twitter wp-block-embed is-type-rich is-provider-twitter\"><div class=\"wp-block-embed__wrapper\">\nhttps:\/\/twitter.com\/mimiryudo\/status\/1346559463071899655?s=20\n<\/div><\/figure>\n\n\n\n<p><em>Si le report des vacances de la Toussaint ou l&rsquo;avanc\u00e9e des vacances de No\u00ebl ont par contre bien \u00e9t\u00e9 r\u00e9clam\u00e9s par certains &#8211; dont je fais partie -, il semble difficile de nier aujourd&rsquo;hui que l&rsquo;impact sur la 2\u00e8me vague aurait \u00e9t\u00e9 bienvenue. Pour en savoir plus, j&rsquo;avais relu cette interview en avril dans ce fil Twitter&#8230;<\/em><\/p>\n\n\n\n<figure class=\"wp-block-embed-twitter wp-block-embed is-type-rich is-provider-twitter\"><div class=\"wp-block-embed__wrapper\">\nhttps:\/\/twitter.com\/mimiryudo\/status\/1380417458746626051?s=20\n<\/div><\/figure>\n\n\n\n<h2 class=\"wp-block-heading\">Fin janvier, Cassandre casse les pieds<\/h2>\n\n\n\n<figure class=\"wp-block-image size-large\"><img loading=\"lazy\" decoding=\"async\" width=\"1024\" height=\"274\" data-attachment-id=\"3632\" data-permalink=\"https:\/\/www.mimiryudo.com\/blog\/2021\/07\/cassandre-avait-raison\/capture-decran-2021-07-18-a-14-40-00\/\" data-orig-file=\"https:\/\/www.mimiryudo.com\/blog\/wp-content\/uploads\/2021\/07\/Capture-d\u2019e\u0301cran-2021-07-18-a\u0300-14.40.00.png\" data-orig-size=\"1440,386\" data-comments-opened=\"1\" data-image-meta=\"{&quot;aperture&quot;:&quot;0&quot;,&quot;credit&quot;:&quot;&quot;,&quot;camera&quot;:&quot;&quot;,&quot;caption&quot;:&quot;&quot;,&quot;created_timestamp&quot;:&quot;0&quot;,&quot;copyright&quot;:&quot;&quot;,&quot;focal_length&quot;:&quot;0&quot;,&quot;iso&quot;:&quot;0&quot;,&quot;shutter_speed&quot;:&quot;0&quot;,&quot;title&quot;:&quot;&quot;,&quot;orientation&quot;:&quot;0&quot;}\" data-image-title=\"Capture-d\u2019e\u0301cran-2021-07-18-a\u0300-14.40.00\" data-image-description=\"\" data-image-caption=\"\" data-large-file=\"https:\/\/www.mimiryudo.com\/blog\/wp-content\/uploads\/2021\/07\/Capture-d\u2019e\u0301cran-2021-07-18-a\u0300-14.40.00-1024x274.png\" src=\"http:\/\/www.mimiryudo.com\/blog\/wp-content\/uploads\/2021\/07\/Capture-d\u2019e\u0301cran-2021-07-18-a\u0300-14.40.00-1024x274.png\" alt=\"\" class=\"wp-image-3632\" srcset=\"https:\/\/www.mimiryudo.com\/blog\/wp-content\/uploads\/2021\/07\/Capture-d\u2019e\u0301cran-2021-07-18-a\u0300-14.40.00-1024x274.png 1024w, https:\/\/www.mimiryudo.com\/blog\/wp-content\/uploads\/2021\/07\/Capture-d\u2019e\u0301cran-2021-07-18-a\u0300-14.40.00-300x80.png 300w, https:\/\/www.mimiryudo.com\/blog\/wp-content\/uploads\/2021\/07\/Capture-d\u2019e\u0301cran-2021-07-18-a\u0300-14.40.00-768x206.png 768w, https:\/\/www.mimiryudo.com\/blog\/wp-content\/uploads\/2021\/07\/Capture-d\u2019e\u0301cran-2021-07-18-a\u0300-14.40.00.png 1440w\" sizes=\"auto, (max-width: 1024px) 100vw, 1024px\" \/><\/figure>\n\n\n\n<p><a href=\"https:\/\/www.sudouest.fr\/politique\/emmanuel-macron\/covid-19-l-elysee-en-colere-contre-les-cassandre-favorables-a-un-reconfinement-1572293.php\">22 janvier 2021<\/a> : L\u2019\u00c9lys\u00e9e en col\u00e8re contre les \u00ab\u00a0Cassandre\u00a0\u00bb favorables \u00e0 un reconfinement. <\/p>\n\n\n\n<p><em><strong>Le contexte \/ la r\u00e9alit\u00e9 : <\/strong>La 2\u00e8me vague d\u00e9but\u00e9e \u00e0 la rentr\u00e9e 2020 ne s&rsquo;est jamais termin\u00e9e au 22 janvier. Le 24 novembre, le Pr\u00e9sident a annonc\u00e9 un seuil de 5 000 cas par jour avant d&rsquo;entamer le d\u00e9confinement le 15 d\u00e9cembre. \u00c0 la date, le nombre de cas quotidiens est de 11 700 cas : qu&rsquo;\u00e0 cela ne tienne, il d\u00e9cide de d\u00e9confiner avec couvre-feu maintenu. <\/em><br><em>Devant une ascension rapide du nombre de cas et un plateau de mortalit\u00e9 inadmissible autour de 400 morts par jour (soit 25 % de la mortalit\u00e9 quotidienne attendue en France hors pand\u00e9mie), plusieurs scientifiques appellent \u00e0 <a href=\"https:\/\/twitter.com\/mimiryudo\/status\/1353766585698312195?s=20\">agr\u00e9ger les vacances scolaires<\/a> et\/ou confiner. Le conseil scientifique rend un avis <a href=\"https:\/\/solidarites-sante.gouv.fr\/IMG\/pdf\/note_eclairage_variants_modelisation_29_janvier_2021.pdf\">le 29 janvier<\/a> (rendu public tardivement) allant dans ce sens. Emmanuel Macron choisit de ne pas suivre cet avis et apparemment de les traiter de \u00ab\u00a0<a href=\"https:\/\/www.gala.fr\/l_actu\/news_de_stars\/connards-du-conseil-scientifique-cette-insulte-entendue-au-sommet-de-letat_463394\">connards du conseil scientifique<\/a>\u00ab\u00a0. <\/em><br><em>Finalement, l&rsquo;Elys\u00e9e reconfinera \u00e0 partir du 2 avril, permettant (avec la vaccination) de contr\u00f4ler la 2\u00e8me vague d\u00e9but\u00e9e en septembre 2020 et d&rsquo;arriver au seuil de 5000 contaminations par jour entre le 11 juin et le 15 juillet 2021.<\/em><\/p>\n\n\n\n<figure class=\"wp-block-image size-large\"><img loading=\"lazy\" decoding=\"async\" width=\"1024\" height=\"709\" data-attachment-id=\"3631\" data-permalink=\"https:\/\/www.mimiryudo.com\/blog\/2021\/07\/cassandre-avait-raison\/capture-decran-2021-07-18-a-14-30-51\/\" data-orig-file=\"https:\/\/www.mimiryudo.com\/blog\/wp-content\/uploads\/2021\/07\/Capture-d\u2019e\u0301cran-2021-07-18-a\u0300-14.30.51.png\" data-orig-size=\"1610,1114\" data-comments-opened=\"1\" data-image-meta=\"{&quot;aperture&quot;:&quot;0&quot;,&quot;credit&quot;:&quot;&quot;,&quot;camera&quot;:&quot;&quot;,&quot;caption&quot;:&quot;&quot;,&quot;created_timestamp&quot;:&quot;0&quot;,&quot;copyright&quot;:&quot;&quot;,&quot;focal_length&quot;:&quot;0&quot;,&quot;iso&quot;:&quot;0&quot;,&quot;shutter_speed&quot;:&quot;0&quot;,&quot;title&quot;:&quot;&quot;,&quot;orientation&quot;:&quot;0&quot;}\" data-image-title=\"Capture-d\u2019e\u0301cran-2021-07-18-a\u0300-14.30.51\" data-image-description=\"\" data-image-caption=\"\" data-large-file=\"https:\/\/www.mimiryudo.com\/blog\/wp-content\/uploads\/2021\/07\/Capture-d\u2019e\u0301cran-2021-07-18-a\u0300-14.30.51-1024x709.png\" src=\"http:\/\/www.mimiryudo.com\/blog\/wp-content\/uploads\/2021\/07\/Capture-d\u2019e\u0301cran-2021-07-18-a\u0300-14.30.51-1024x709.png\" alt=\"\" class=\"wp-image-3631\" srcset=\"https:\/\/www.mimiryudo.com\/blog\/wp-content\/uploads\/2021\/07\/Capture-d\u2019e\u0301cran-2021-07-18-a\u0300-14.30.51-1024x709.png 1024w, https:\/\/www.mimiryudo.com\/blog\/wp-content\/uploads\/2021\/07\/Capture-d\u2019e\u0301cran-2021-07-18-a\u0300-14.30.51-300x208.png 300w, https:\/\/www.mimiryudo.com\/blog\/wp-content\/uploads\/2021\/07\/Capture-d\u2019e\u0301cran-2021-07-18-a\u0300-14.30.51-768x531.png 768w, https:\/\/www.mimiryudo.com\/blog\/wp-content\/uploads\/2021\/07\/Capture-d\u2019e\u0301cran-2021-07-18-a\u0300-14.30.51-1536x1063.png 1536w, https:\/\/www.mimiryudo.com\/blog\/wp-content\/uploads\/2021\/07\/Capture-d\u2019e\u0301cran-2021-07-18-a\u0300-14.30.51.png 1610w\" sizes=\"auto, (max-width: 1024px) 100vw, 1024px\" \/><figcaption>Nombre de cas confirm\u00e9s de COVID-19 en France chaque jour (attention, avant mai\/juin 2020, les donn\u00e9es sont peu fiables en raison du manque de tests)<\/figcaption><\/figure>\n\n\n\n<figure class=\"wp-block-image size-large\"><img loading=\"lazy\" decoding=\"async\" width=\"1024\" height=\"755\" data-attachment-id=\"3630\" data-permalink=\"https:\/\/www.mimiryudo.com\/blog\/2021\/07\/cassandre-avait-raison\/capture-decran-2021-07-18-a-14-27-58\/\" data-orig-file=\"https:\/\/www.mimiryudo.com\/blog\/wp-content\/uploads\/2021\/07\/Capture-d\u2019e\u0301cran-2021-07-18-a\u0300-14.27.58.png\" data-orig-size=\"1606,1184\" data-comments-opened=\"1\" data-image-meta=\"{&quot;aperture&quot;:&quot;0&quot;,&quot;credit&quot;:&quot;&quot;,&quot;camera&quot;:&quot;&quot;,&quot;caption&quot;:&quot;&quot;,&quot;created_timestamp&quot;:&quot;0&quot;,&quot;copyright&quot;:&quot;&quot;,&quot;focal_length&quot;:&quot;0&quot;,&quot;iso&quot;:&quot;0&quot;,&quot;shutter_speed&quot;:&quot;0&quot;,&quot;title&quot;:&quot;&quot;,&quot;orientation&quot;:&quot;0&quot;}\" data-image-title=\"Capture-d\u2019e\u0301cran-2021-07-18-a\u0300-14.27.58\" data-image-description=\"\" data-image-caption=\"\" data-large-file=\"https:\/\/www.mimiryudo.com\/blog\/wp-content\/uploads\/2021\/07\/Capture-d\u2019e\u0301cran-2021-07-18-a\u0300-14.27.58-1024x755.png\" src=\"http:\/\/www.mimiryudo.com\/blog\/wp-content\/uploads\/2021\/07\/Capture-d\u2019e\u0301cran-2021-07-18-a\u0300-14.27.58-1024x755.png\" alt=\"\" class=\"wp-image-3630\" srcset=\"https:\/\/www.mimiryudo.com\/blog\/wp-content\/uploads\/2021\/07\/Capture-d\u2019e\u0301cran-2021-07-18-a\u0300-14.27.58-1024x755.png 1024w, https:\/\/www.mimiryudo.com\/blog\/wp-content\/uploads\/2021\/07\/Capture-d\u2019e\u0301cran-2021-07-18-a\u0300-14.27.58-300x221.png 300w, https:\/\/www.mimiryudo.com\/blog\/wp-content\/uploads\/2021\/07\/Capture-d\u2019e\u0301cran-2021-07-18-a\u0300-14.27.58-768x566.png 768w, https:\/\/www.mimiryudo.com\/blog\/wp-content\/uploads\/2021\/07\/Capture-d\u2019e\u0301cran-2021-07-18-a\u0300-14.27.58-1536x1132.png 1536w, https:\/\/www.mimiryudo.com\/blog\/wp-content\/uploads\/2021\/07\/Capture-d\u2019e\u0301cran-2021-07-18-a\u0300-14.27.58.png 1606w\" sizes=\"auto, (max-width: 1024px) 100vw, 1024px\" \/><figcaption>Nombre de morts confirm\u00e9s du COVID-19 chaque jour en France, illustrant les 2 vagues <\/figcaption><\/figure>\n\n\n\n<figure class=\"wp-block-embed-twitter wp-block-embed is-type-rich is-provider-twitter\"><div class=\"wp-block-embed__wrapper\">\nhttps:\/\/twitter.com\/mimiryudo\/status\/1353766585698312195?s=20\n<\/div><figcaption>(Je suis loin d&rsquo;\u00eatre le seul \u00e0 l&rsquo;avoir r\u00e9clam\u00e9, mais c&rsquo;est juste plus simple de retrouver mes tweets&#8230;)<\/figcaption><\/figure>\n\n\n\n<h2 class=\"wp-block-heading\">En f\u00e9vrier, Cassandre \u00e0 la cour d\u00e9pla\u00eet<\/h2>\n\n\n\n<figure class=\"wp-block-image size-large\"><img loading=\"lazy\" decoding=\"async\" width=\"1024\" height=\"145\" data-attachment-id=\"3633\" data-permalink=\"https:\/\/www.mimiryudo.com\/blog\/2021\/07\/cassandre-avait-raison\/capture-decran-2021-07-18-a-14-41-19\/\" data-orig-file=\"https:\/\/www.mimiryudo.com\/blog\/wp-content\/uploads\/2021\/07\/Capture-d\u2019e\u0301cran-2021-07-18-a\u0300-14.41.19.png\" data-orig-size=\"1944,276\" data-comments-opened=\"1\" data-image-meta=\"{&quot;aperture&quot;:&quot;0&quot;,&quot;credit&quot;:&quot;&quot;,&quot;camera&quot;:&quot;&quot;,&quot;caption&quot;:&quot;&quot;,&quot;created_timestamp&quot;:&quot;0&quot;,&quot;copyright&quot;:&quot;&quot;,&quot;focal_length&quot;:&quot;0&quot;,&quot;iso&quot;:&quot;0&quot;,&quot;shutter_speed&quot;:&quot;0&quot;,&quot;title&quot;:&quot;&quot;,&quot;orientation&quot;:&quot;0&quot;}\" data-image-title=\"Capture-d\u2019e\u0301cran-2021-07-18-a\u0300-14.41.19\" data-image-description=\"\" data-image-caption=\"\" data-large-file=\"https:\/\/www.mimiryudo.com\/blog\/wp-content\/uploads\/2021\/07\/Capture-d\u2019e\u0301cran-2021-07-18-a\u0300-14.41.19-1024x145.png\" src=\"http:\/\/www.mimiryudo.com\/blog\/wp-content\/uploads\/2021\/07\/Capture-d\u2019e\u0301cran-2021-07-18-a\u0300-14.41.19-1024x145.png\" alt=\"\" class=\"wp-image-3633\" srcset=\"https:\/\/www.mimiryudo.com\/blog\/wp-content\/uploads\/2021\/07\/Capture-d\u2019e\u0301cran-2021-07-18-a\u0300-14.41.19-1024x145.png 1024w, https:\/\/www.mimiryudo.com\/blog\/wp-content\/uploads\/2021\/07\/Capture-d\u2019e\u0301cran-2021-07-18-a\u0300-14.41.19-300x43.png 300w, https:\/\/www.mimiryudo.com\/blog\/wp-content\/uploads\/2021\/07\/Capture-d\u2019e\u0301cran-2021-07-18-a\u0300-14.41.19-768x109.png 768w, https:\/\/www.mimiryudo.com\/blog\/wp-content\/uploads\/2021\/07\/Capture-d\u2019e\u0301cran-2021-07-18-a\u0300-14.41.19-1536x218.png 1536w, https:\/\/www.mimiryudo.com\/blog\/wp-content\/uploads\/2021\/07\/Capture-d\u2019e\u0301cran-2021-07-18-a\u0300-14.41.19.png 1944w\" sizes=\"auto, (max-width: 1024px) 100vw, 1024px\" \/><figcaption>Le plus grand article de l\u00e8che-bottisme \u00e9crit en France au XXI\u00e8me si\u00e8cle<\/figcaption><\/figure>\n\n\n\n<p><a href=\"https:\/\/www.franceinter.fr\/il-va-finir-epidemiologiste-l-executif-salue-la-decision-d-emmanuel-macron-de-ne-pas-confiner\">10 f\u00e9vrier 2021<\/a> : des ministres pr\u00e9f\u00e9rant garder l&rsquo;anonymat f\u00e9licitent le Pr\u00e9sident et lui donnent raison de laisser mourir 300 personnes du COVID-19 chaque jour. <\/p>\n\n\n\n<figure class=\"wp-block-embed-twitter wp-block-embed is-type-rich is-provider-twitter\"><div class=\"wp-block-embed__wrapper\">\nhttps:\/\/twitter.com\/mimiryudo\/status\/1359446992573919232?s=20\n<\/div><\/figure>\n\n\n\n<p><em><strong>Le contexte \/ la r\u00e9alit\u00e9 <\/strong>: la m\u00eame chose que ci-dessus en fait&#8230; Toutefois, je ne pouvais pas passer \u00e0 c\u00f4t\u00e9 de cet article m\u00e9morable de ridicule. <\/em><\/p>\n\n\n\n<blockquote class=\"wp-block-quote is-layout-flow wp-block-quote-is-layout-flow\"><p><em>\u00ab\u00a0Il va finir \u00e9pid\u00e9miologiste\u00a0\u00bb,<\/em>&nbsp;s\u2019amuse un ministre. \u00ab\u00a0<em>Les chiffres lui donnent raison. Le confinement, \u00e7\u2019eut \u00e9t\u00e9 la solution de facilit\u00e9, la mesure de confort.\u00a0\u00bb<\/em>&nbsp;Un autre ministre, participant aux Conseils de d\u00e9fense, ajoute&nbsp;:&nbsp;<em>\u00ab\u00a0<strong>Si on avait \u00e9cout\u00e9 tous les &lsquo;Cassandre&rsquo;,<\/strong> on serait en train de travailler avec nos enfants sur les genoux depuis trois semaines.\u00a0\u00bb<\/em><\/p><cite>X, Ministre, pourfendeur des confinements \u00ab\u00a0de confort\u00a0\u00bb et protecteur des genoux de parents devant l&rsquo;Eternel.<\/cite><\/blockquote>\n\n\n\n<p>Si par malheur vous \u00eates pass\u00e9 \u00e0 c\u00f4t\u00e9 de cet article, il faut \u00e0 tout prix vous rattraper. Avec le recul (on n&rsquo;en manque pas), c&rsquo;est absolument incroyable. Et comme il n&rsquo;y a pas de remaniement, ces idiots sont encore en poste. <\/p>\n\n\n\n<blockquote class=\"wp-block-quote is-layout-flow wp-block-quote-is-layout-flow\"><p><em>\u00ab\u00a0Macron s\u2019est tellement int\u00e9ress\u00e9 au Covid\u00a0\u00bb,<\/em>&nbsp;ajoute un conseiller du pouvoir,&nbsp;<em>\u00ab\u00a0qu\u2019il peut challenger les scientifiques, poser la question qui les d\u00e9stabilise\u00a0\u00bb. \u00ab\u00a0De toute fa\u00e7on, si vous ne rentrez pas dans le sujet\u00a0\u00bb,<\/em>&nbsp;explique un ministre,&nbsp;<em>\u00ab\u00a0vous \u00eates infoutu de prendre une d\u00e9cision politique. D\u00e9sormais, le Conseil scientifique n&rsquo;est plus premier dans l&rsquo;arbitrage.\u00a0\u00bb<\/em><\/p><cite>Les conseils du Conseil scientifique ne seront d\u00e9sormais plus utilis\u00e9s, mais ils peuvent continuer leur mission car les \u00e9pluchures de patates m\u00e9ritent le papier de qualit\u00e9 qu&rsquo;ils nous fournissent.<\/cite><\/blockquote>\n\n\n\n<p>Samuel Gontier a d&rsquo;ailleurs fait <a href=\"https:\/\/www.telerama.fr\/ecrans\/le-pari-presque-gagne-demmanuel-macron-6847272.php\">un article dans Telerama<\/a> pour rappeler tous ceux qui ont salu\u00e9 \u00ab\u00a0le pari\u00a0\u00bb d&rsquo;Emmanuel Macron&#8230; Et Emmanuelle Bouland dans <a href=\"https:\/\/www.lejsl.com\/amp\/sante\/2021\/02\/10\/la-route-est-plus-longue-que-large\">le journal de Sa\u00f4ne-et-Loire<\/a> a fait un beau billet aussi sur la strat\u00e9gie de \u00ab\u00a0Cassandrer\u00a0\u00bb les scientifiques \u00e0 des fins b\u00eatement politiques. Et bien s\u00fbr, <a href=\"https:\/\/fr.news.yahoo.com\/macron-lit-tout-scientifiques-exasperes-louanges-president-171709516.html\">c&rsquo;est moyennement bien pass\u00e9 aupr\u00e8s de scientifiques<\/a>&#8230;<\/p>\n\n\n\n<figure class=\"wp-block-image size-large\"><img loading=\"lazy\" decoding=\"async\" width=\"1024\" height=\"229\" data-attachment-id=\"3635\" data-permalink=\"https:\/\/www.mimiryudo.com\/blog\/2021\/07\/cassandre-avait-raison\/capture-decran-2021-07-18-a-15-42-21\/\" data-orig-file=\"https:\/\/www.mimiryudo.com\/blog\/wp-content\/uploads\/2021\/07\/Capture-d\u2019e\u0301cran-2021-07-18-a\u0300-15.42.21.png\" data-orig-size=\"2374,532\" data-comments-opened=\"1\" data-image-meta=\"{&quot;aperture&quot;:&quot;0&quot;,&quot;credit&quot;:&quot;&quot;,&quot;camera&quot;:&quot;&quot;,&quot;caption&quot;:&quot;&quot;,&quot;created_timestamp&quot;:&quot;0&quot;,&quot;copyright&quot;:&quot;&quot;,&quot;focal_length&quot;:&quot;0&quot;,&quot;iso&quot;:&quot;0&quot;,&quot;shutter_speed&quot;:&quot;0&quot;,&quot;title&quot;:&quot;&quot;,&quot;orientation&quot;:&quot;0&quot;}\" data-image-title=\"Capture-d\u2019e\u0301cran-2021-07-18-a\u0300-15.42.21\" data-image-description=\"\" data-image-caption=\"\" data-large-file=\"https:\/\/www.mimiryudo.com\/blog\/wp-content\/uploads\/2021\/07\/Capture-d\u2019e\u0301cran-2021-07-18-a\u0300-15.42.21-1024x229.png\" src=\"http:\/\/www.mimiryudo.com\/blog\/wp-content\/uploads\/2021\/07\/Capture-d\u2019e\u0301cran-2021-07-18-a\u0300-15.42.21-1024x229.png\" alt=\"\" class=\"wp-image-3635\" srcset=\"https:\/\/www.mimiryudo.com\/blog\/wp-content\/uploads\/2021\/07\/Capture-d\u2019e\u0301cran-2021-07-18-a\u0300-15.42.21-1024x229.png 1024w, https:\/\/www.mimiryudo.com\/blog\/wp-content\/uploads\/2021\/07\/Capture-d\u2019e\u0301cran-2021-07-18-a\u0300-15.42.21-300x67.png 300w, https:\/\/www.mimiryudo.com\/blog\/wp-content\/uploads\/2021\/07\/Capture-d\u2019e\u0301cran-2021-07-18-a\u0300-15.42.21-768x172.png 768w, https:\/\/www.mimiryudo.com\/blog\/wp-content\/uploads\/2021\/07\/Capture-d\u2019e\u0301cran-2021-07-18-a\u0300-15.42.21-1536x344.png 1536w, https:\/\/www.mimiryudo.com\/blog\/wp-content\/uploads\/2021\/07\/Capture-d\u2019e\u0301cran-2021-07-18-a\u0300-15.42.21-2048x459.png 2048w\" sizes=\"auto, (max-width: 1024px) 100vw, 1024px\" \/><\/figure>\n\n\n\n<h2 class=\"wp-block-heading\">En mars, Cassandre ne plait pas aux amateurs de farce<\/h2>\n\n\n\n<figure class=\"wp-block-embed-twitter wp-block-embed is-type-rich is-provider-twitter\"><div class=\"wp-block-embed__wrapper\">\nhttps:\/\/twitter.com\/VincentGranier\/status\/1374973094708850694?s=20\n<\/div><\/figure>\n\n\n\n<p>S&rsquo;il y a un truc fantastique avec les soci\u00e9t\u00e9s savantes de p\u00e9diatrie pendant la pand\u00e9mie, \u00e7a a \u00e9t\u00e9 leur fa\u00e7on d&rsquo;\u00eatre toujours \u00e0 contre-pied. Vraiment, si vous vouliez conna\u00eetre la direction du sud en 2020\/2021, il fallait leur demander le nord.<\/p>\n\n\n\n<p><em><strong>Le contexte \/ la r\u00e9alit\u00e9 : <\/strong>Je ne sais m\u00eame pas par o\u00f9 commencer.<\/em> <em>En octobre 2020, <a href=\"https:\/\/twitter.com\/mimiryudo\/status\/1322668284798447617?s=20\">sur la base d&rsquo;analyses scientifiques compl\u00e8tement p\u00e9t\u00e9es<\/a><\/em>, <em>ils \u00e9taient encore contre le port du masque pour les enfants et tentaient de discr\u00e9diter ceux qui le recommandaient en faisant de l&rsquo;argument d&rsquo;autorit\u00e9 digne des ann\u00e9es 1950 dans Ouest France. Lorsque le gouvernement l&rsquo;a recommand\u00e9, <a href=\"https:\/\/twitter.com\/mimiryudo\/status\/1354191847208448007?s=20\">ils ont applaudi<\/a> la mesure comme \u00ab\u00a0la bonne id\u00e9e qui paraissait indispensable\u00a0\u00bb.<\/em>.. <em>avant d&rsquo;\u00e9crire sur leur site <a href=\"https:\/\/twitter.com\/mimiryudo\/status\/1363169296705331206\">en f\u00e9vrier 2021<\/a> (!!) que le port du masque se justifiait \u00ab\u00a0a posteriori\u00a0\u00bb (belle mauvaise foi !)<\/em><\/p>\n\n\n\n<figure class=\"wp-block-embed-twitter wp-block-embed is-type-rich is-provider-twitter\"><div class=\"wp-block-embed__wrapper\">\nhttps:\/\/twitter.com\/mimiryudo\/status\/1322668291781988355?s=20\n<\/div><\/figure>\n\n\n\n<p><em>Et donc cette mesure injustifi\u00e9e mais justifi\u00e9e mais a posteriori qui \u00e9tait une bonne id\u00e9e indispensable, finalement en juin avec l&rsquo;arriv\u00e9e du variant delta, <a href=\"https:\/\/www.sfpediatrie.com\/actualites\/communique-sfp-afpa-cnpp-finir-lannee-scolaire-sourire\">ils en pr\u00f4naient le retrait pour la derni\u00e8re semaine&#8230;<\/a> Une in\u00e9puisable source de d\u00e9sespoir<\/em>&#8230; <em>il y a des fils imbriqu\u00e9s dans le premier fil sur #BlanquerFactChecking.<\/em><\/p>\n\n\n\n<h2 class=\"wp-block-heading\">D\u00e9but mai, Cassandre r\u00e9clame des objectifs chiffr\u00e9s<\/h2>\n\n\n\n<p><a href=\"https:\/\/www.lemonde.fr\/planete\/article\/2021\/05\/03\/emmanuel-macron-assume-le-choix-de-vivre-avec-le-covid-19_6078875_3244.html#:~:text=Il%20y%20a%20toujours%20des,sont%20loin%20d'%C3%AAtre%20laxistes.\">3 mai 2021<\/a> : \u00ab\u00a0Il y a toujours des Cassandre pour pr\u00e9dire le pire, mais&nbsp;il&nbsp;faut aussi faire preuve d&rsquo;optimisme !\u00a0\u00bb abonde un conseiller minist\u00e9riel, dans le Monde, \u00ab\u00a0estimant que les crit\u00e8res&nbsp;de&nbsp;surveillance&nbsp;de&nbsp;l&rsquo;\u00e9pid\u00e9mie sont loin d&rsquo;\u00eatre laxistes\u00a0\u00bb.<\/p>\n\n\n\n<p><em><strong>Le contexte \/ la r\u00e9alit\u00e9 : <\/strong>Aucun \u00ab\u00a0Cassandre\u00a0\u00bb refuse de faire preuve d&rsquo;optimisme. Tous les \u00ab\u00a0Cassandre\u00a0\u00bb appellent justement \u00e0 ce qu&rsquo;on utilise ces crit\u00e8res de surveillance de l&rsquo;\u00e9pid\u00e9mie pour prendre des mesures fermes \u00e0 chaque fois que le taux d&rsquo;incidence d\u00e9colle. Mais devinez quoi&#8230; Emmanuel Macron a dit 1 mois avant qu&rsquo;il ne conditionnait pas les r\u00e9ouvertures aux indicateurs sanitaires&#8230; et <a href=\"https:\/\/www.20minutes.fr\/sante\/3016275-20210407-coronavirus-peut-gerer-crise-sanitaire-objectifs-chiffres\">de fa\u00e7on g\u00e9n\u00e9rale, il n&rsquo;a donn\u00e9 aucun objectif chiffr\u00e9<\/a> !<\/em> <\/p>\n\n\n\n<figure class=\"wp-block-image size-large\"><img loading=\"lazy\" decoding=\"async\" width=\"1024\" height=\"274\" data-attachment-id=\"3634\" data-permalink=\"https:\/\/www.mimiryudo.com\/blog\/2021\/07\/cassandre-avait-raison\/capture-decran-2021-07-18-a-15-39-04\/\" data-orig-file=\"https:\/\/www.mimiryudo.com\/blog\/wp-content\/uploads\/2021\/07\/Capture-d\u2019e\u0301cran-2021-07-18-a\u0300-15.39.04.png\" data-orig-size=\"1590,426\" data-comments-opened=\"1\" data-image-meta=\"{&quot;aperture&quot;:&quot;0&quot;,&quot;credit&quot;:&quot;&quot;,&quot;camera&quot;:&quot;&quot;,&quot;caption&quot;:&quot;&quot;,&quot;created_timestamp&quot;:&quot;0&quot;,&quot;copyright&quot;:&quot;&quot;,&quot;focal_length&quot;:&quot;0&quot;,&quot;iso&quot;:&quot;0&quot;,&quot;shutter_speed&quot;:&quot;0&quot;,&quot;title&quot;:&quot;&quot;,&quot;orientation&quot;:&quot;0&quot;}\" data-image-title=\"Capture-d\u2019e\u0301cran-2021-07-18-a\u0300-15.39.04\" data-image-description=\"\" data-image-caption=\"\" data-large-file=\"https:\/\/www.mimiryudo.com\/blog\/wp-content\/uploads\/2021\/07\/Capture-d\u2019e\u0301cran-2021-07-18-a\u0300-15.39.04-1024x274.png\" src=\"http:\/\/www.mimiryudo.com\/blog\/wp-content\/uploads\/2021\/07\/Capture-d\u2019e\u0301cran-2021-07-18-a\u0300-15.39.04-1024x274.png\" alt=\"\" class=\"wp-image-3634\" srcset=\"https:\/\/www.mimiryudo.com\/blog\/wp-content\/uploads\/2021\/07\/Capture-d\u2019e\u0301cran-2021-07-18-a\u0300-15.39.04-1024x274.png 1024w, https:\/\/www.mimiryudo.com\/blog\/wp-content\/uploads\/2021\/07\/Capture-d\u2019e\u0301cran-2021-07-18-a\u0300-15.39.04-300x80.png 300w, https:\/\/www.mimiryudo.com\/blog\/wp-content\/uploads\/2021\/07\/Capture-d\u2019e\u0301cran-2021-07-18-a\u0300-15.39.04-768x206.png 768w, https:\/\/www.mimiryudo.com\/blog\/wp-content\/uploads\/2021\/07\/Capture-d\u2019e\u0301cran-2021-07-18-a\u0300-15.39.04-1536x412.png 1536w, https:\/\/www.mimiryudo.com\/blog\/wp-content\/uploads\/2021\/07\/Capture-d\u2019e\u0301cran-2021-07-18-a\u0300-15.39.04.png 1590w\" sizes=\"auto, (max-width: 1024px) 100vw, 1024px\" \/><figcaption>Emmanuel Macron, dit Epid\u00e9miologiste 1er, le Pr\u00e9sident qui ne pose aucun objectif et les atteint tous.<\/figcaption><\/figure>\n\n\n\n<p><em>Autre exemple plus r\u00e9cent, dans son allocution du 12 juillet, alors qu&rsquo;il \u00e9voquait un nouveau seuil de 200\/100 000 (avant de ?), rien n&rsquo;a \u00e9t\u00e9 fait les jours suivants pour les EPCI qui d\u00e9passaient ce seuil&#8230;<\/em> <\/p>\n\n\n\n<figure class=\"wp-block-embed-twitter wp-block-embed is-type-rich is-provider-twitter\"><div class=\"wp-block-embed__wrapper\">\nhttps:\/\/twitter.com\/mimiryudo\/status\/1413887460065619980?s=20\n<\/div><\/figure>\n\n\n\n<h2 class=\"wp-block-heading\">Mi-mai, Cassandre ne doit plus \u00eatre \u00e9cout\u00e9e<\/h2>\n\n\n\n<p><a href=\"https:\/\/www.leparisien.fr\/politique\/reouvertures-du-19-mai-macron-a-eu-raison-dans-ce-calendrier-assure-gabriel-attal-17-05-2021-ZJB7IO3SQJFPVNM3C7J5QNMGKQ.php\">17 mai 2021<\/a> : pour Gabriel Attal, Emmanuel Macron a eu raison de choisir un calendrier de d\u00e9confinement sur des dates et pas sur des seuils \u00e9pid\u00e9miques, ce qui \u00ab\u00a0donne tort \u00e0 tous les proph\u00e8tes de malheur\u00a0\u00bb. <a href=\"https:\/\/www.bfmtv.com\/politique\/covid-19-selon-gabriel-attal-11-regions-voient-leur-taux-d-incidence-augmenter_AN-202107070248.html\">Le 7 juillet<\/a>, le m\u00eame \u00ab\u00a0<a href=\"https:\/\/www.francetvinfo.fr\/politique\/jean-castex\/gouvernement-de-jean-castex\/remaniement-jean-castex-laisse-apparaitre-une-note-confidentielle-evoquant-un-os-a-ronger-pour-gabriel-attal_4054009.html\">rongeur d&rsquo;os<\/a>\u00a0\u00bb alerte sur le risque de nouvelle vague sans se rendre compte que le probl\u00e8me est situ\u00e9 entre sa chaise et les micros qu&rsquo;on lui tend.<\/p>\n\n\n\n<figure class=\"wp-block-embed-twitter wp-block-embed is-type-rich is-provider-twitter\"><div class=\"wp-block-embed__wrapper\">\nhttps:\/\/twitter.com\/mimiryudo\/status\/1413162552385753089?s=20\n<\/div><\/figure>\n\n\n\n<p><em><strong>Le contexte \/ la r\u00e9alit\u00e9 : <\/strong>le gouvernement joue \u00e0 alterner les phases \u00ab\u00a0ce sont des Cassandre qu&rsquo;il ne faut pas \u00e9couter\u00a0\u00bb puis \u00ab\u00a0c&rsquo;est la merde, qui aurait pu pr\u00e9dire\u00a0\u00bb puis \u00ab\u00a0on s&rsquo;en sort, c&rsquo;est gr\u00e2ce \u00e0 nous, les Cassandre faut pas les \u00e9couter\u00a0\u00bb.<\/em> <em>Le jeu pourrait amuser si nous n&rsquo;\u00e9tions pas \u00e0 plus de 110 000 morts en France.<\/em>.. <em>dont 80 000 lors de la 2\u00e8me vague, bien plus meurtri\u00e8re que la premi\u00e8re !<\/em><\/p>\n\n\n\n<figure class=\"wp-block-image size-large\"><img loading=\"lazy\" decoding=\"async\" width=\"1024\" height=\"557\" data-attachment-id=\"3636\" data-permalink=\"https:\/\/www.mimiryudo.com\/blog\/2021\/07\/cassandre-avait-raison\/capture-decran-2021-07-18-a-16-13-17\/\" data-orig-file=\"https:\/\/www.mimiryudo.com\/blog\/wp-content\/uploads\/2021\/07\/Capture-d\u2019e\u0301cran-2021-07-18-a\u0300-16.13.17.png\" data-orig-size=\"1846,1004\" data-comments-opened=\"1\" data-image-meta=\"{&quot;aperture&quot;:&quot;0&quot;,&quot;credit&quot;:&quot;&quot;,&quot;camera&quot;:&quot;&quot;,&quot;caption&quot;:&quot;&quot;,&quot;created_timestamp&quot;:&quot;0&quot;,&quot;copyright&quot;:&quot;&quot;,&quot;focal_length&quot;:&quot;0&quot;,&quot;iso&quot;:&quot;0&quot;,&quot;shutter_speed&quot;:&quot;0&quot;,&quot;title&quot;:&quot;&quot;,&quot;orientation&quot;:&quot;0&quot;}\" data-image-title=\"Capture-d\u2019e\u0301cran-2021-07-18-a\u0300-16.13.17\" data-image-description=\"\" data-image-caption=\"\" data-large-file=\"https:\/\/www.mimiryudo.com\/blog\/wp-content\/uploads\/2021\/07\/Capture-d\u2019e\u0301cran-2021-07-18-a\u0300-16.13.17-1024x557.png\" src=\"http:\/\/www.mimiryudo.com\/blog\/wp-content\/uploads\/2021\/07\/Capture-d\u2019e\u0301cran-2021-07-18-a\u0300-16.13.17-1024x557.png\" alt=\"\" class=\"wp-image-3636\" srcset=\"https:\/\/www.mimiryudo.com\/blog\/wp-content\/uploads\/2021\/07\/Capture-d\u2019e\u0301cran-2021-07-18-a\u0300-16.13.17-1024x557.png 1024w, https:\/\/www.mimiryudo.com\/blog\/wp-content\/uploads\/2021\/07\/Capture-d\u2019e\u0301cran-2021-07-18-a\u0300-16.13.17-300x163.png 300w, https:\/\/www.mimiryudo.com\/blog\/wp-content\/uploads\/2021\/07\/Capture-d\u2019e\u0301cran-2021-07-18-a\u0300-16.13.17-768x418.png 768w, https:\/\/www.mimiryudo.com\/blog\/wp-content\/uploads\/2021\/07\/Capture-d\u2019e\u0301cran-2021-07-18-a\u0300-16.13.17-1536x835.png 1536w, https:\/\/www.mimiryudo.com\/blog\/wp-content\/uploads\/2021\/07\/Capture-d\u2019e\u0301cran-2021-07-18-a\u0300-16.13.17.png 1846w\" sizes=\"auto, (max-width: 1024px) 100vw, 1024px\" \/><figcaption>2 vagues de mortalit\u00e9<\/figcaption><\/figure>\n\n\n\n<p><em>La 1\u00e8re vague ne pouvait \u00eatre pr\u00e9venue ais\u00e9ment &#8211; m\u00eame si son ampleur aurait pu \u00eatre limit\u00e9e en imposant des masques partout \u00e0 l&rsquo;\u00e9poque, genre quand on allait faire nos courses en plein confinement sans masque&#8230;<\/em><\/p>\n\n\n\n<figure class=\"wp-block-embed-twitter wp-block-embed is-type-rich is-provider-twitter\"><div class=\"wp-block-embed__wrapper\">\nhttps:\/\/twitter.com\/mimiryudo\/status\/1285106326633426944?s=20\n<\/div><figcaption>Vous pouvez remonter ce thread si vous voulez voir la consid\u00e9ration d&rsquo;Auchan et de Carrefour pour leurs clients.<\/figcaption><\/figure>\n\n\n\n<p><em>Mais si la 1\u00e8re vague pouvait b\u00e9n\u00e9ficier d&rsquo;un \u00ab\u00a0nous n&rsquo;\u00e9tions par pr\u00eat\u00a0\u00bb, il n&rsquo;en est pas de m\u00eame pour la 2\u00e8me. Le gouvernement a clairement une responsabilit\u00e9 \u00e9norme dans le choix de laisser circuler le virus, et des 80 000 morts (0,1 % de la population).<\/em> <\/p>\n\n\n\n<figure class=\"wp-block-embed-twitter wp-block-embed is-type-rich is-provider-twitter\"><div class=\"wp-block-embed__wrapper\">\nhttps:\/\/twitter.com\/mimiryudo\/status\/1406634990671208449?s=20\n<\/div><\/figure>\n\n\n\n<p>Voil\u00e0&#8230; comme vous le voyez, Gabriel Attal n&rsquo;a pas utilis\u00e9 \u00ab\u00a0Cassandre\u00a0\u00bb mais une formule d\u00e9tourn\u00e9e. De ce fait, je ne r\u00e9siste pas \u00e0 vous partager ce tweet qu&rsquo;il faisait en 2018 pour vanter&#8230; Parcours Sup ! <\/p>\n\n\n\n<figure class=\"wp-block-embed-twitter wp-block-embed is-type-rich is-provider-twitter\"><div class=\"wp-block-embed__wrapper\">\nhttps:\/\/twitter.com\/GabrielAttal\/status\/1016738012363927553?s=20\n<\/div><\/figure>\n\n\n\n<h2 class=\"wp-block-heading\">Que pense une Cassandre aujourd&rsquo;hui ? <\/h2>\n\n\n\n<p>Les \u00ab\u00a0Cassandre\u00a0\u00bb ne sont pas un groupe d\u00e9fini bien s\u00fbr &#8211; ce n&rsquo;est pas toujours les m\u00eames personnes qui sont vis\u00e9es. Il y a plein de \u00ab\u00a0Cassandre\u00a0\u00bb telles que d\u00e9finies par le gouvernement. <\/p>\n\n\n\n<p>Globalement, ce que \u00ab\u00a0je\u00a0\u00bb pr\u00e9dis aujourd&rsquo;hui, pour ce que \u00e7a vaut, c&rsquo;est : <\/p>\n\n\n\n<ul class=\"wp-block-list\"><li>une explosion des contaminations via le variant delta &#8211; qui sera difficilement ma\u00eetris\u00e9e par le pass sanitaire \u00e0 partir du 21 juillet (qui est une bonne mesure, mais qui arrive malheureusement \u00e0 plus de 10 000 nouveaux cas par jour, cas qui vont transmettre en intra-familial l\u00e0 o\u00f9 le pass n&rsquo;a pas cours&#8230; et dans les nombreuses exceptions pr\u00e9vues &#8211; restaurant d&rsquo;entreprise, etc. puis par la rentr\u00e9e scolaire d&rsquo;enfants non vaccin\u00e9s) <em>(\u00e0 noter que <a href=\"https:\/\/twitter.com\/nicolasberrod\/status\/1416812516588593155?s=20\">si le pass n&rsquo;arrive pas le 21 juillet mais le 15 septembre<\/a>, \u00e7a serait rapidement une catastrophe vu l&rsquo;exemple du Royaume-Uni \u00e0 notre stade le 9 juin mais avec une meilleure couverture vaccinale&#8230; il est inimaginable que l&rsquo;option puisse m\u00eame \u00eatre \u00e9voqu\u00e9e).<\/em><\/li><li>une augmentation in\u00e9vitable des hospitalisations avec un retard de 10 jours environ et des d\u00e9c\u00e8s avec un retard de 25 jours environ (dans une moindre mesure par rapport aux contaminations, gr\u00e2ce \u00e0 la vaccination prioris\u00e9e pour les plus \u00e0 risque)<\/li><li>donc possiblement 50-60 morts par jour vers le 10 ao\u00fbt (on a 3 fois plus de cas qu&rsquo;il y a 25 jours, et 20 morts par jour actuellement avec le m\u00eame profil de population vaccin\u00e9e&#8230; sans doute que \u00e7a va diminuer et peut-\u00eatre qu&rsquo;on sera \u00e0 40 morts par jour &#8211; doit-on s&rsquo;en r\u00e9jouir ?),<\/li><li>cette mortalit\u00e9 sera trop faible pour envisager de nouvelles mesures, de la part d&rsquo;un gouvernement qui a accept\u00e9 plus de 300 morts par jour pendant de longs mois, <\/li><li>une rentr\u00e9e scolaire de septembre avec des enfants non vaccin\u00e9s qui vont participer \u00e0 propager le virus entre familles, en attendant la vaccination, <\/li><li>probablement des tribunes pendant l&rsquo;\u00e9t\u00e9 de gens qui r\u00e9clameront le retrait du masque \u00ab\u00a0parce que ce sont des pitchounes\u00a0\u00bb,<\/li><li>une augmentation des viroses tout venant lors du retrait du masque annonc\u00e9 par le ministre de la sant\u00e9, rendant illisibles et inutilement complexes toutes les infections respiratoires en ville (PCR pour tous, isolement pour toute fi\u00e8vre en attente de PCR, journ\u00e9es enfant malades, consultations m\u00e9dicales \u00e0 gogo en plus des vaccinations&#8230;)<\/li><li>(avec un peu de chance, un port de masque de fa\u00e7on altruiste par les gens malades m\u00eame quand le masque ne sera plus obligatoire &#8211; un \u00e9l\u00e9ment sur lequel il faudra s\u00fbrement des appels citoyens et scientifiques)<\/li><li>et enfin la fin de la pand\u00e9mie gr\u00e2ce \u00e0 la vaccination &#8211; sauf surprise d&rsquo;un nouveau variant avec \u00e9chappement immunitaire.<\/li><\/ul>\n\n\n\n<p><strong>C&rsquo;est un avis purement personnel, <\/strong>mais je vois difficilement comment on pourrait y \u00e9chapper. Je suis plut\u00f4t \u00ab\u00a0optimiste\u00a0\u00bb sur les hospitalisations \/ d\u00e9c\u00e8s &#8211; d&rsquo;autres n&rsquo;ont pas mon optimisme. Je me dis au moins qu&rsquo;on ne retrouvera plus le plateau de mortalit\u00e9 aussi long \u00e0 80 000 morts.<\/p>\n\n\n\n<p>Est-ce que le pass sanitaire (associ\u00e9 \u00e0 la vaccination) suffira pour freiner assez efficacement ? Peut-\u00eatre car c&rsquo;est vraiment une mesure utile qui a du sens, contrairement au couvre-feu \u00e0 21h ou 23h, ou au masque en ext\u00e9rieur.<\/p>\n\n\n\n<p>Est-ce que le pic sera en ao\u00fbt, ou aux vacances de la Toussaint ? Je n&rsquo;en sais rien et en fait, \u00e7a importe assez peu pour l&rsquo;instant. <strong>Rien n&rsquo;est \u00e9crit. La vague \u00e0 venir n&rsquo;est \u00ab\u00a0\u00e9crite\u00a0\u00bb dans aucun livre<\/strong> &#8211; pas la peine d&rsquo;aller \u00e0 Lourdes. Son ampleur, sa dur\u00e9e, son plateau, sa d\u00e9croissance ne d\u00e9pendront que des d\u00e9cisions qui seront prises.<\/p>\n\n\n\n<p><strong>Ce qui compte, c&rsquo;est la pr\u00e9vention pour limiter le nombre de cas.<\/strong> Parce que de grands nombre de cas, c&rsquo;est plus d&rsquo;hospitalisations, de r\u00e9animations&#8230; mais aussi plus de risque d&rsquo;\u00e9mergence d&rsquo;un nouveau variant plus contagieux ou \u00e9chappant \u00e0 la vaccination&#8230; mais \u00e9galement le risque de d\u00e9couvrir dans x ann\u00e9es que le virus puisse entra\u00eener des effets retard\u00e9s (personnellement je trouve qu&rsquo;on manque de recul sur ce virus).<\/p>\n\n\n\n<p><strong>Ce qui compte, c&rsquo;est prendre des mesures adapt\u00e9es au moment ad\u00e9quat. C&rsquo;est donc se baser sur les indicateurs sanitaires<\/strong> et prendre des mesures fortes pour freiner afin d&rsquo;avoir tous les EPCI (communaut\u00e9s d&rsquo;agglom\u00e9rations) avec un taux d&rsquo;incidence sous le seuil d&rsquo;alerte \u00e0 100\/100 000 par exemple &#8211; seuil \u00e0 d\u00e9finir collectivement sur ce qu&rsquo;on accepte en contaminations, et sans doute \u00e0 affiner par tranche d&rsquo;\u00e2ge et par taux de vaccination ! <strong>Nous avons les moyens d&rsquo;avoir cette finesse !<\/strong> Ou alors il faut avouer publiquement qu&rsquo;on mise sur une immunisation hybride avec contamination des jeunes cet \u00e9t\u00e9 pour \u00e9conomiser des doses de vaccins&#8230;<\/p>\n\n\n\n<p>Pour freiner, \u00e7a n&rsquo;implique ni masque en ext\u00e9rieur ni couvre-feu, comme ce qui a \u00e9t\u00e9 pr\u00e9vu en Pyr\u00e9n\u00e9es, mais \u00e7a implique<strong> dans ces lieux o\u00f9 le virus circule au-del\u00e0 du seuil d&rsquo;alerte <\/strong>de s&rsquo;appuyer sur ce qui fonctionne(ra) :<\/p>\n\n\n\n<ul class=\"wp-block-list\"><li>le masque en int\u00e9rieur (maintenu jusqu&rsquo;\u00e0 ce qu&rsquo;on sorte r\u00e9ellement de cette pand\u00e9mie), <\/li><li>les incitations au t\u00e9l\u00e9travail pour les non-vaccin\u00e9s,<\/li><li>le pass sanitaire d\u00e8s mercredi 21 juillet et sans les exceptions,<\/li><li>les protocoles d&rsquo;a\u00e9ration pour les lieux clos, <\/li><li>des nouvelles re-fermetures temporaires des lieux sans masque (restaurants en int\u00e9rieur &#8211; y compris en entreprise -, salles de sport en int\u00e9rieur, discoth\u00e8que&#8230;)<\/li><li>&#8230; et id\u00e9alement anticiper, pour \u00e9viter de d\u00e9couvrir sur le tard qu&rsquo;il y a une rentr\u00e9e en septembre et un automne en octobre (en pleine vague, avoir des enfants sans masque qui font circuler des tas de virus, ce n&rsquo;est pas raisonnable avec ce que \u00e7a implique en terme de surcharge du syst\u00e8me de sant\u00e9 en ville, d&rsquo;absent\u00e9isme, de tests PCR \u00e0 r\u00e9p\u00e9tition et de risques m\u00e9connus \u00e0 long terme). <\/li><\/ul>\n\n\n\n<p>Mais bon, ce n&rsquo;est qu&rsquo;un avis de Cassandre&#8230;<\/p>\n<!-- templates\/buttons-placeholder.php -->\n<div class=\"da-reactions-outer TpostID3628\">\n\t    <div class=\"da-reactions-data da-reactions-container-async center\"\n         data-type=\"post\"\n         data-id=\"3628\"\n         id=\"da-reactions-slot-post-3628\">\n        <div class=\"da-reactions-exposed\">\n\t\t\t<img src=\"https:\/\/www.mimiryudo.com\/blog\/wp-content\/plugins\/da-reactions\/assets\/dist\/loading.svg\" alt=\"Loading spinner\" width=\"64\" height=\"64\" style=\"width:64px\" \/>\n        <\/div>\n    <\/div>\n<\/div>\n","protected":false},"excerpt":{"rendered":"<p>Cassandre : personne qui pr\u00e9dit une issue d\u00e9favorable aux \u00e9v\u00e9nements, au risque de d\u00e9plaire ou de ne pas \u00eatre crue (Larousse). Dans la mythologie grecque, Cassandre est la fille de roi de Troie. Elle a re\u00e7u d&rsquo;Apollon le don de &hellip; <a href=\"https:\/\/www.mimiryudo.com\/blog\/2021\/07\/cassandre-avait-raison\/\">Continuer la lecture <span class=\"meta-nav\">&rarr;<\/span><\/a><\/p>\n<!-- templates\/buttons-placeholder.php -->\n<div class=\"da-reactions-outer TpostID3628\">\n\t    <div class=\"da-reactions-data da-reactions-container-async center\"\n         data-type=\"post\"\n         data-id=\"3628\"\n         id=\"da-reactions-slot-post-3628\">\n        <div class=\"da-reactions-exposed\">\n\t\t\t<img src=\"https:\/\/www.mimiryudo.com\/blog\/wp-content\/plugins\/da-reactions\/assets\/dist\/loading.svg\" alt=\"Loading spinner\" width=\"64\" height=\"64\" style=\"width:64px\" \/>\n        <\/div>\n    <\/div>\n<\/div>\n","protected":false},"author":1,"featured_media":0,"comment_status":"open","ping_status":"open","sticky":false,"template":"","format":"standard","meta":{"jetpack_post_was_ever_published":false,"_jetpack_newsletter_access":"","_jetpack_dont_email_post_to_subs":false,"_jetpack_newsletter_tier_id":0,"_jetpack_memberships_contains_paywalled_content":false,"_jetpack_memberships_contains_paid_content":false,"footnotes":"","jetpack_publicize_message":"","jetpack_publicize_feature_enabled":true,"jetpack_social_post_already_shared":true,"jetpack_social_options":{"image_generator_settings":{"template":"highway","default_image_id":0,"font":"","enabled":false},"version":2}},"categories":[247],"tags":[],"class_list":["post-3628","post","type-post","status-publish","format-standard","hentry","category-une-idee-de-la-medecine"],"jetpack_publicize_connections":[],"jetpack_featured_media_url":"","jetpack_shortlink":"https:\/\/wp.me\/p33dWC-Ww","jetpack_sharing_enabled":true,"jetpack-related-posts":[],"_links":{"self":[{"href":"https:\/\/www.mimiryudo.com\/blog\/wp-json\/wp\/v2\/posts\/3628","targetHints":{"allow":["GET"]}}],"collection":[{"href":"https:\/\/www.mimiryudo.com\/blog\/wp-json\/wp\/v2\/posts"}],"about":[{"href":"https:\/\/www.mimiryudo.com\/blog\/wp-json\/wp\/v2\/types\/post"}],"author":[{"embeddable":true,"href":"https:\/\/www.mimiryudo.com\/blog\/wp-json\/wp\/v2\/users\/1"}],"replies":[{"embeddable":true,"href":"https:\/\/www.mimiryudo.com\/blog\/wp-json\/wp\/v2\/comments?post=3628"}],"version-history":[{"count":7,"href":"https:\/\/www.mimiryudo.com\/blog\/wp-json\/wp\/v2\/posts\/3628\/revisions"}],"predecessor-version":[{"id":3642,"href":"https:\/\/www.mimiryudo.com\/blog\/wp-json\/wp\/v2\/posts\/3628\/revisions\/3642"}],"wp:attachment":[{"href":"https:\/\/www.mimiryudo.com\/blog\/wp-json\/wp\/v2\/media?parent=3628"}],"wp:term":[{"taxonomy":"category","embeddable":true,"href":"https:\/\/www.mimiryudo.com\/blog\/wp-json\/wp\/v2\/categories?post=3628"},{"taxonomy":"post_tag","embeddable":true,"href":"https:\/\/www.mimiryudo.com\/blog\/wp-json\/wp\/v2\/tags?post=3628"}],"curies":[{"name":"wp","href":"https:\/\/api.w.org\/{rel}","templated":true}]}}