{"id":3649,"date":"2021-08-04T18:46:42","date_gmt":"2021-08-04T16:46:42","guid":{"rendered":"http:\/\/www.mimiryudo.com\/blog\/?p=3649"},"modified":"2021-08-04T18:49:43","modified_gmt":"2021-08-04T16:49:43","slug":"pourquoi-la-cnam-la-cnil-et-le-ministre-se-moquent-ils-des-medecins-avec-la-liste-des-non-vaccines","status":"publish","type":"post","link":"https:\/\/www.mimiryudo.com\/blog\/2021\/08\/pourquoi-la-cnam-la-cnil-et-le-ministre-se-moquent-ils-des-medecins-avec-la-liste-des-non-vaccines\/","title":{"rendered":"Pourquoi la CNAM, la CNIL et le ministre se moquent-ils des m\u00e9decins avec la liste des non-vaccin\u00e9s ?"},"content":{"rendered":"\n<p>Bon, je m&rsquo;avance beaucoup. En r\u00e9alit\u00e9, la CNAM, la CNIL et le ministre ne sont probablement pas de mauvais bougres, souhaitant \u00ab\u00a0se moquer\u00a0\u00bb d\u00e9lib\u00e9r\u00e9ment de m\u00e9decins g\u00e9n\u00e9ralistes. Au fond d&rsquo;eux, ils pensent probablement faire leur maximum pour nous aider. <\/p>\n\n\n\n<p>Ils se trompent.<\/p>\n\n\n\n<p>Sur cette histoire de liste, nous n&rsquo;avons eu droit qu&rsquo;\u00e0 une succession d&rsquo;incomp\u00e9tences, probablement li\u00e9es au fait que personne n&rsquo;a d\u00fb prendre l&rsquo;avis d&rsquo;un seul m\u00e9decin g\u00e9n\u00e9raliste en exercice dans cette histoire. Je doute que le Ministre, que la CNIL ou que la CNAM ait pris le temps (siiiii p\u00e9nible) de discuter avec un g\u00e9n\u00e9raliste en exercice. Ou alors ils ont choisi un type accroc \u00e0 la colle. <\/p>\n\n\n\n<p>Allons-y. Comme d&rsquo;habitude, je vais illustrer avec des tweets &#8211; souvent les miens, parce que c&rsquo;est plus simple de les retrouver&#8230; Je vais tenter de faire bref, et je doute y parvenir. D\u00e9sol\u00e9.<\/p>\n\n\n\n<h2 class=\"wp-block-heading\">Combien de temps a-t-il fallu pour obtenir cette liste ? <\/h2>\n\n\n\n<p>3 mois ! <\/p>\n\n\n\n<p><strong>Depuis mi-avril 2021,<\/strong> plusieurs m\u00e9decins et syndicats r\u00e9clament d&rsquo;avoir leur liste des patients qui sont (1) vaccin\u00e9s, (2) avec quel vaccin \/ combien \/ quelle date, (3) immunis\u00e9s\/contamin\u00e9s. <\/p>\n\n\n\n<figure class=\"wp-block-embed-twitter wp-block-embed is-type-rich is-provider-twitter\"><div class=\"wp-block-embed__wrapper\">\nhttps:\/\/twitter.com\/mimiryudo\/status\/1385680480440393728?s=20\n<\/div><\/figure>\n\n\n\n<p>J&rsquo;ai lanc\u00e9 <a href=\"https:\/\/forum.hackathon-covid.fr\/t\/2d-ouvrir-les-donnees-de-la-cpam-sur-la-vaccination-aux-medecins-traitants\/77\">un d\u00e9fi au Hackathon<\/a> sur ce sujet en avril, ce qui m&rsquo;a permis d&rsquo;obtenir un contact aupr\u00e8s de l&rsquo;Assurance Maladie&#8230; qui m&rsquo;a assur\u00e9 \u00e0 l&rsquo;\u00e9poque que c&rsquo;\u00e9tait un sujet d&rsquo;int\u00e9r\u00eat, d\u00e9fendu par Thomas Fatome lui-m\u00eame (cf. extrait du mail ci-dessous dans le tweet). <\/p>\n\n\n\n<p>Le 29 juin (2 mois plus tard !), Olivier Veran aurait demand\u00e9 leur avis \u00e0 la CNIL. Soit il s&rsquo;agit d&rsquo;un jem&rsquo;enfoutisme royal (2 mois pour demander cette liste ?!), soit il s&rsquo;agit d&rsquo;un peu de comm&rsquo; facile&#8230; <\/p>\n\n\n\n<figure class=\"wp-block-embed-twitter wp-block-embed is-type-rich is-provider-twitter\"><div class=\"wp-block-embed__wrapper\">\nhttps:\/\/twitter.com\/mimiryudo\/status\/1409833566905769985?s=20\n<\/div><\/figure>\n\n\n\n<p>Une dizaine de jours plus tard, le 7 juillet, la CNIL a rendu un avis sur la liste&#8230; En gros, \u00e7a disait : <\/p>\n\n\n\n<ul class=\"wp-block-list\"><li>la CNIL n&rsquo;est pas favorable \u00e0 la constitution de listes de patients non-vaccin\u00e9s pour les m\u00e9decins,<\/li><li>mais le contexte sanitaire peut justifier cette pratique <\/li><li>par contre les m\u00e9decins ne doivent pas utiliser cette liste pour CONVAINCRE leurs patients, mais juste les informer.<\/li><\/ul>\n\n\n\n<p>Plus d\u00e9bile que \u00e7a, ils \u00e9taient oblig\u00e9s de publier leur avis sur le blog d&rsquo;Azalbert.<\/p>\n\n\n\n<figure class=\"wp-block-embed-twitter wp-block-embed is-type-rich is-provider-twitter\"><div class=\"wp-block-embed__wrapper\">\nhttps:\/\/twitter.com\/CNIL\/status\/1412650493709586433?s=20\n<\/div><\/figure>\n\n\n\n<p>Le 7 juillet \u00e0 15h20 (puis le 20 juillet en rappel), Thomas Fatome lui-m\u00eame (directeur g\u00e9n\u00e9ral de la CNAM) signait un mail disant ceci : <\/p>\n\n\n\n<blockquote class=\"wp-block-quote is-layout-flow wp-block-quote-is-layout-flow\"><p>\u00ab\u00a0Pour vous aider, l&rsquo;Assurance Maladie met \u00e0 votre disposition, sur demande, la liste de votre\u00a0patient\u00e8le \u00ab m\u00e9decin traitant \u00bb non vaccin\u00e9e contre le Covid.\u00a0<br><strong>A la fin du mois de juillet, cette demande pourra \u00eatre faite directement dans amelipro.\u00a0<\/strong><br>Dans l&rsquo;attente de cette solution p\u00e9renne, un circuit particulier est mis en place pour vous permettre d&rsquo;obtenir ces informations \u00e0 travers un envoi unique :<strong><br><\/strong>\u00a0\u00a0\u00a0\u00a0 &#8211;\u00a0Vous pourrez adresser un mail \u00e0 l&rsquo;adresse &#8230;\u00a0<br>\u00a0\u00a0\u00a0\u00a0 &#8211;\u00a0Vous recevrez en retour, dans un d\u00e9lai court, un mail indiquant que votre liste est disponible sur amelipro dans l&rsquo;espace d&rsquo;\u00e9change m\u00e9dical s\u00e9curis\u00e9.<\/p><cite>Sign\u00e9 : Fatome-masque (rhooo \u00e7a va)<\/cite><\/blockquote>\n\n\n\n<p>Le vendredi 16 juillet, dans l&rsquo;espace s\u00e9curis\u00e9, voici le mail re\u00e7u.<\/p>\n\n\n\n<blockquote class=\"wp-block-quote is-layout-flow wp-block-quote-is-layout-flow\"><p>Cher confr\u00e8re,<br><br>Vous avez demand\u00e9 votre liste \u00ab patient\u00e8le m\u00e9decin traitant \u00bb non vaccin\u00e9e contre la COVID-19.<br><br>Cette liste, au format \u00ab.csv \u00bb, s\u2019ouvre avec un tableur de type Excel. Elle contient le nom, le pr\u00e9nom, le NIR et la date de naissance (format AAAA\/MM\/JJ) de chaque patient non vaccin\u00e9 vous ayant d\u00e9clar\u00e9 comme m\u00e9decin traitant. La date de la mise \u00e0 jour est indiqu\u00e9e dans le nom du fichier.<br><br>NB : Si jamais, \u00e0 l\u2019ouverture du fichier, les NIR s\u2019affichent sous la forme 1,80xxx E12, il suffit de s\u00e9lectionner la colonne contenant les NIR, choisir \u00ab Format de cellule \u00bb avec un clic droit, puis s\u00e9lectionner \u00ab Nombre \u00bb et cocher \u00ab 0 d\u00e9cimales \u00bb. Vous aurez alors un affichage des NIR sous la forme 180xxxxxxxxxxx<\/p><cite>Non mais&#8230; l&rsquo;accessibilit\u00e9, \u00e7a vous parle ? <\/cite><\/blockquote>\n\n\n\n<p>Depuis quelques jours, on peut effectivement faire la demande directement dans \u00ab\u00a0Patient\u00e8le m\u00e9decin traitant\u00a0\u00bb sur l&rsquo;onglet \u00ab\u00a0Vaccination\u00a0\u00bb. <\/p>\n\n\n\n<figure class=\"wp-block-image size-large\"><img loading=\"lazy\" decoding=\"async\" width=\"1024\" height=\"492\" data-attachment-id=\"3651\" data-permalink=\"https:\/\/www.mimiryudo.com\/blog\/2021\/08\/pourquoi-la-cnam-la-cnil-et-le-ministre-se-moquent-ils-des-medecins-avec-la-liste-des-non-vaccines\/capture-decran-2021-08-04-a-17-12-04\/\" data-orig-file=\"https:\/\/www.mimiryudo.com\/blog\/wp-content\/uploads\/2021\/08\/Capture-d\u2019e\u0301cran-2021-08-04-a\u0300-17.12.04.png\" data-orig-size=\"1626,782\" data-comments-opened=\"1\" data-image-meta=\"{&quot;aperture&quot;:&quot;0&quot;,&quot;credit&quot;:&quot;&quot;,&quot;camera&quot;:&quot;&quot;,&quot;caption&quot;:&quot;&quot;,&quot;created_timestamp&quot;:&quot;0&quot;,&quot;copyright&quot;:&quot;&quot;,&quot;focal_length&quot;:&quot;0&quot;,&quot;iso&quot;:&quot;0&quot;,&quot;shutter_speed&quot;:&quot;0&quot;,&quot;title&quot;:&quot;&quot;,&quot;orientation&quot;:&quot;0&quot;}\" data-image-title=\"Capture-d\u2019e\u0301cran-2021-08-04-a\u0300-17.12.04\" data-image-description=\"\" data-image-caption=\"\" data-large-file=\"https:\/\/www.mimiryudo.com\/blog\/wp-content\/uploads\/2021\/08\/Capture-d\u2019e\u0301cran-2021-08-04-a\u0300-17.12.04-1024x492.png\" src=\"http:\/\/www.mimiryudo.com\/blog\/wp-content\/uploads\/2021\/08\/Capture-d\u2019e\u0301cran-2021-08-04-a\u0300-17.12.04-1024x492.png\" alt=\"\" class=\"wp-image-3651\" srcset=\"https:\/\/www.mimiryudo.com\/blog\/wp-content\/uploads\/2021\/08\/Capture-d\u2019e\u0301cran-2021-08-04-a\u0300-17.12.04-1024x492.png 1024w, https:\/\/www.mimiryudo.com\/blog\/wp-content\/uploads\/2021\/08\/Capture-d\u2019e\u0301cran-2021-08-04-a\u0300-17.12.04-300x144.png 300w, https:\/\/www.mimiryudo.com\/blog\/wp-content\/uploads\/2021\/08\/Capture-d\u2019e\u0301cran-2021-08-04-a\u0300-17.12.04-768x369.png 768w, https:\/\/www.mimiryudo.com\/blog\/wp-content\/uploads\/2021\/08\/Capture-d\u2019e\u0301cran-2021-08-04-a\u0300-17.12.04-1536x739.png 1536w, https:\/\/www.mimiryudo.com\/blog\/wp-content\/uploads\/2021\/08\/Capture-d\u2019e\u0301cran-2021-08-04-a\u0300-17.12.04.png 1626w\" sizes=\"auto, (max-width: 1024px) 100vw, 1024px\" \/><figcaption>48 heures ? Les gars, je vous demande pas de le recopier sur un papyrus hein.<\/figcaption><\/figure>\n\n\n\n<p>Je risque de l&rsquo;apprendre ici \u00e0 quelques confr\u00e8res et consoeurs, parce que la communication dessus est assez d\u00e9sastreuse &#8211; rien que sur Twitter, un certain nombre de m\u00e9decins n&rsquo;ont pas compris qu&rsquo;ils avaient acc\u00e8s \u00e0 cette liste dans l&rsquo;espace s\u00e9curis\u00e9 o\u00f9 nous n&rsquo;allons pas si souvent&#8230;<\/p>\n\n\n\n<figure class=\"wp-block-embed-twitter wp-block-embed is-type-rich is-provider-twitter\"><div class=\"wp-block-embed__wrapper\">\nhttps:\/\/twitter.com\/olivierveran\/status\/1422626913886121984?s=20\n<\/div><figcaption>Marrant, je serais celui qui a mis 2 mois pour rendre accessible la liste, je ne serais pas trop prompt \u00e0 troller sur Twitter \u00e0 son propos en fait.<\/figcaption><\/figure>\n\n\n\n<figure class=\"wp-block-embed-twitter wp-block-embed is-type-rich is-provider-twitter\"><div class=\"wp-block-embed__wrapper\">\nhttps:\/\/twitter.com\/mimiryudo\/status\/1421338615293087745?s=20\n<\/div><\/figure>\n\n\n\n<p>Ca permet d&rsquo;obtenir la liste sous&#8230; 48 heures, au format CSV. Ca ressemble \u00e0 \u00e7a : <\/p>\n\n\n\n<pre class=\"wp-block-preformatted\">NOM;PRENOM;NIR;DATE_NAISSANCE\nCHRIST;JESUS;101129900000100;00011225\n...\nVOLDEMORT;BERNARD;126129900300132;19261231<\/pre>\n\n\n\n<p>Voil\u00e0&#8230; Un CSV absolument d\u00e9gueulasse, avec 4 colonnes s\u00e9par\u00e9es par des point-virgules, avec nom, pr\u00e9nom, date de naissance dans un format improbable et num\u00e9ro de CPAM (qui ne sert \u00e0 rien)&#8230; Je sais remettre \u00e7a en forme, merci. Dedans, il y a des patients non \u00e9ligibles, des patients d\u00e9j\u00e0 vaccin\u00e9s, des patients d\u00e9c\u00e9d\u00e9s&#8230; (et je ne suis pas seul \u00e0 avoir not\u00e9 \u00e7a).<\/p>\n\n\n\n<p>Mais le probl\u00e8me c&rsquo;est surtout&#8230; <strong>QU&rsquo;ILS N&rsquo;ONT PAS COMPRIS LA MOITI\u00c9 DES OBJECTIFS !<\/strong><\/p>\n\n\n\n<p>Ce qui m&rsquo;am\u00e8ne \u00e0 la partie 2.<\/p>\n\n\n\n<h2 class=\"wp-block-heading\">Que voulions-nous ? A quoi devait servir cette liste ? <\/h2>\n\n\n\n<p>L&rsquo;int\u00e9r\u00eat de cette liste est multiple : <\/p>\n\n\n\n<ul class=\"wp-block-list\"><li>avoir un \u00e9tat des lieux dans notre patient\u00e8le (x % des plus de 75 ans vaccin\u00e9s, etc.)<\/li><li>pouvoir prioriser les doses (ce qui est \u00e9videmment moins utile en juillet que \u00e7a l&rsquo;\u00e9tait en avril\/mai&#8230;) <\/li><li>pouvoir \u00ab\u00a0aller vers\u00a0\u00bb les patients qui n&rsquo;ont pas pris de RDV (parce qu&rsquo;ils sont seuls, isol\u00e9s, qu&rsquo;ils n&rsquo;ont pas os\u00e9, qu&rsquo;ils attendent qu&rsquo;on les contacte, qui h\u00e9sitent et n&rsquo;osent pas appeler pour avoir l&rsquo;avis de leur m\u00e9decin, qui veulent \u00eatre vaccin\u00e9s \u00e0 domicile ou au cabinet&#8230;) <\/li><li>pouvoir appeler des patients lorsqu&rsquo;on pr\u00e9voit d&rsquo;ouvrir un flacon de 12 doses de Moderna (ou \u00e0 l&rsquo;\u00e9poque de 12 doses d&rsquo;AstraZeneca ou 6 de Janssen) &#8211; donc une liste accessible en 48 heures, c&rsquo;est pas vraiment \u00e7a<\/li><li>pouvoir appeler en urgence des patients lorsqu&rsquo;il y a un ou des d\u00e9sistements sur une session de vaccination, dans le flot des consultations qui se poursuit \u00e0 c\u00f4t\u00e9&#8230;<\/li><li>se rendre compte d&rsquo;erreurs : patient qui a fait une premi\u00e8re dose mais a rat\u00e9 la 2\u00e8me (nous suivons des patients avec des troubles cognitifs par exemple&#8230;)<\/li><\/ul>\n\n\n\n<p>Ca a(vait) cet int\u00e9r\u00eat \u00ab\u00a0\u00e9galitaire\u00a0\u00bb : aller vers ceux qui n&rsquo;ont pas l&rsquo;app Doctolib sur leur smartphone, voire qui n&rsquo;ont pas de smartphone. Quand il fallait batailler pour se vacciner en avril, il y avait 2 grands choix :<\/p>\n\n\n\n<ul class=\"wp-block-list\"><li>donner cette liste aux g\u00e9n\u00e9ralistes afin de prioriser sur les facteurs de risque et d&rsquo;aider \u00e0 la prise de rendez-vous pour les plus pr\u00e9caires ; <\/li><li>ouvrir des cr\u00e9neaux non pris \u00e0 ceux qui savaient le mieux utiliser internet et diverses applis. <\/li><\/ul>\n\n\n\n<p>C&rsquo;est le 2\u00e8me point qui a \u00e9t\u00e9 choisi &#8211; le 1er appel \u00e0 plus d&rsquo;\u00e9galit\u00e9, il aura fallu attendre 3 mois pour qu&rsquo;il soit entendu.<\/p>\n\n\n\n<figure class=\"wp-block-embed-twitter wp-block-embed is-type-rich is-provider-twitter\"><div class=\"wp-block-embed__wrapper\">\nhttps:\/\/twitter.com\/mimiryudo\/status\/1413213000102817792?s=20\n<\/div><\/figure>\n\n\n\n<p>Le probl\u00e8me du CSV transmis c&rsquo;est que nous ne savons pas : <\/p>\n\n\n\n<ul class=\"wp-block-list\"><li>si les patients sont en cours de vaccination (0 dose ? 1 dose ?)<\/li><li>si les patients ont \u00e9t\u00e9 positifs au COVID et \u00e0 quelle date (quand leur proposer le vaccin dans ce cas)<\/li><li>si des patients ont rat\u00e9 leur date de 2\u00e8me dose<\/li><\/ul>\n\n\n\n<h2 class=\"wp-block-heading\">Quels sont les risques de cette liste ? <\/h2>\n\n\n\n<p>Aucun. Il n&rsquo;y a AUCUN foutu risque \u00e0 ces listes de non-vaccin\u00e9s, c&rsquo;est un fantasme de la CNIL. (Evidemment, attendez 2 secondes avant de bondir avec \u00ab\u00a0les listes, les pires heures de l&rsquo;histoire de France, un scandale\u00a0\u00bb&#8230;)<\/p>\n\n\n\n<p>Explorons un peu.<\/p>\n\n\n\n<p>Admettons qu&rsquo;une personne mal intentionn\u00e9e cambriole un m\u00e9decin et r\u00e9cup\u00e8re ce SUPERBE CSV qui donne une liste de quelques centaines de personnes non vaccin\u00e9es dans sa ville. Bon. Voil\u00e0, il va en savoir \u00e0 peu pr\u00e8s autant que n&rsquo;importe quel vigile de discoth\u00e8que ou bient\u00f4t de restaurant. <\/p>\n\n\n\n<p>Admettons qu&rsquo;un super r\u00e9seau de cambrioleurs parvienne \u00e0 r\u00e9cup\u00e9rer ces MAGNIFIQUES CSV aupr\u00e8s des 50 000 m\u00e9decins g\u00e9n\u00e9ralistes fran\u00e7ais. Bon, voil\u00e0, apr\u00e8s une organisation de 4 mois, 50 000 doubles de cl\u00e9s r\u00e9cup\u00e9r\u00e9s, ce r\u00e9seau de malfaiteurs aura men\u00e9 \u00e0 bien ce larcin, leur permettant de d\u00e9couvrir que Jacqueline Raclette, 63 ans, n&rsquo;est pas vaccin\u00e9e. Dites donc. Ca valait le co\u00fbt d&rsquo;y investir le PIB du Tuvalu.<\/p>\n\n\n\n<p>Mais ce qui est LE PLUS DR\u00d4LE&#8230;<\/p>\n\n\n\n<p>&#8230; c&rsquo;est que cette liste n&rsquo;apprend RIEN aux m\u00e9decins g\u00e9n\u00e9ralistes. <\/p>\n\n\n\n<p><strong>Les m\u00e9decins g\u00e9n\u00e9ralistes ont acc\u00e8s au statut vaccinal de tous les patients dont ils ont le num\u00e9ro de s\u00e9curit\u00e9 sociale <\/strong>depuis le d\u00e9but ! C&rsquo;est la CNIL qui leur a donn\u00e9 cet acc\u00e8s.<\/p>\n\n\n\n<div class=\"wp-block-image\"><figure class=\"aligncenter size-large is-resized\"><img loading=\"lazy\" decoding=\"async\" data-attachment-id=\"3652\" data-permalink=\"https:\/\/www.mimiryudo.com\/blog\/2021\/08\/pourquoi-la-cnam-la-cnil-et-le-ministre-se-moquent-ils-des-medecins-avec-la-liste-des-non-vaccines\/capture-decran-2021-08-04-a-17-35-49\/\" data-orig-file=\"https:\/\/www.mimiryudo.com\/blog\/wp-content\/uploads\/2021\/08\/Capture-d\u2019e\u0301cran-2021-08-04-a\u0300-17.35.49.png\" data-orig-size=\"644,1216\" data-comments-opened=\"1\" data-image-meta=\"{&quot;aperture&quot;:&quot;0&quot;,&quot;credit&quot;:&quot;&quot;,&quot;camera&quot;:&quot;&quot;,&quot;caption&quot;:&quot;&quot;,&quot;created_timestamp&quot;:&quot;0&quot;,&quot;copyright&quot;:&quot;&quot;,&quot;focal_length&quot;:&quot;0&quot;,&quot;iso&quot;:&quot;0&quot;,&quot;shutter_speed&quot;:&quot;0&quot;,&quot;title&quot;:&quot;&quot;,&quot;orientation&quot;:&quot;0&quot;}\" data-image-title=\"Capture-d\u2019e\u0301cran-2021-08-04-a\u0300-17.35.49\" data-image-description=\"\" data-image-caption=\"\" data-large-file=\"https:\/\/www.mimiryudo.com\/blog\/wp-content\/uploads\/2021\/08\/Capture-d\u2019e\u0301cran-2021-08-04-a\u0300-17.35.49-542x1024.png\" src=\"http:\/\/www.mimiryudo.com\/blog\/wp-content\/uploads\/2021\/08\/Capture-d\u2019e\u0301cran-2021-08-04-a\u0300-17.35.49-542x1024.png\" alt=\"\" class=\"wp-image-3652\" width=\"218\" height=\"412\" srcset=\"https:\/\/www.mimiryudo.com\/blog\/wp-content\/uploads\/2021\/08\/Capture-d\u2019e\u0301cran-2021-08-04-a\u0300-17.35.49-542x1024.png 542w, https:\/\/www.mimiryudo.com\/blog\/wp-content\/uploads\/2021\/08\/Capture-d\u2019e\u0301cran-2021-08-04-a\u0300-17.35.49-159x300.png 159w, https:\/\/www.mimiryudo.com\/blog\/wp-content\/uploads\/2021\/08\/Capture-d\u2019e\u0301cran-2021-08-04-a\u0300-17.35.49.png 644w\" sizes=\"auto, (max-width: 218px) 100vw, 218px\" \/><figcaption>On clique sur \u00ab\u00a0Vaccination COVID\u00a0\u00bb<\/figcaption><\/figure><\/div>\n\n\n\n<figure class=\"wp-block-image size-large\"><img loading=\"lazy\" decoding=\"async\" width=\"1024\" height=\"336\" data-attachment-id=\"3653\" data-permalink=\"https:\/\/www.mimiryudo.com\/blog\/2021\/08\/pourquoi-la-cnam-la-cnil-et-le-ministre-se-moquent-ils-des-medecins-avec-la-liste-des-non-vaccines\/capture-decran-2021-08-04-a-17-36-25\/\" data-orig-file=\"https:\/\/www.mimiryudo.com\/blog\/wp-content\/uploads\/2021\/08\/Capture-d\u2019e\u0301cran-2021-08-04-a\u0300-17.36.25.png\" data-orig-size=\"1650,542\" data-comments-opened=\"1\" data-image-meta=\"{&quot;aperture&quot;:&quot;0&quot;,&quot;credit&quot;:&quot;&quot;,&quot;camera&quot;:&quot;&quot;,&quot;caption&quot;:&quot;&quot;,&quot;created_timestamp&quot;:&quot;0&quot;,&quot;copyright&quot;:&quot;&quot;,&quot;focal_length&quot;:&quot;0&quot;,&quot;iso&quot;:&quot;0&quot;,&quot;shutter_speed&quot;:&quot;0&quot;,&quot;title&quot;:&quot;&quot;,&quot;orientation&quot;:&quot;0&quot;}\" data-image-title=\"Capture-d\u2019e\u0301cran-2021-08-04-a\u0300-17.36.25\" data-image-description=\"\" data-image-caption=\"\" data-large-file=\"https:\/\/www.mimiryudo.com\/blog\/wp-content\/uploads\/2021\/08\/Capture-d\u2019e\u0301cran-2021-08-04-a\u0300-17.36.25-1024x336.png\" src=\"http:\/\/www.mimiryudo.com\/blog\/wp-content\/uploads\/2021\/08\/Capture-d\u2019e\u0301cran-2021-08-04-a\u0300-17.36.25-1024x336.png\" alt=\"\" class=\"wp-image-3653\" srcset=\"https:\/\/www.mimiryudo.com\/blog\/wp-content\/uploads\/2021\/08\/Capture-d\u2019e\u0301cran-2021-08-04-a\u0300-17.36.25-1024x336.png 1024w, https:\/\/www.mimiryudo.com\/blog\/wp-content\/uploads\/2021\/08\/Capture-d\u2019e\u0301cran-2021-08-04-a\u0300-17.36.25-300x99.png 300w, https:\/\/www.mimiryudo.com\/blog\/wp-content\/uploads\/2021\/08\/Capture-d\u2019e\u0301cran-2021-08-04-a\u0300-17.36.25-768x252.png 768w, https:\/\/www.mimiryudo.com\/blog\/wp-content\/uploads\/2021\/08\/Capture-d\u2019e\u0301cran-2021-08-04-a\u0300-17.36.25-1536x505.png 1536w, https:\/\/www.mimiryudo.com\/blog\/wp-content\/uploads\/2021\/08\/Capture-d\u2019e\u0301cran-2021-08-04-a\u0300-17.36.25.png 1650w\" sizes=\"auto, (max-width: 1024px) 100vw, 1024px\" \/><figcaption>On rentre son num\u00e9ro de s\u00e9curit\u00e9 sociale<\/figcaption><\/figure>\n\n\n\n<div class=\"wp-block-image\"><figure class=\"aligncenter size-large is-resized\"><img loading=\"lazy\" decoding=\"async\" data-attachment-id=\"3654\" data-permalink=\"https:\/\/www.mimiryudo.com\/blog\/2021\/08\/pourquoi-la-cnam-la-cnil-et-le-ministre-se-moquent-ils-des-medecins-avec-la-liste-des-non-vaccines\/capture-decran-2021-08-04-a-17-37-13\/\" data-orig-file=\"https:\/\/www.mimiryudo.com\/blog\/wp-content\/uploads\/2021\/08\/Capture-d\u2019e\u0301cran-2021-08-04-a\u0300-17.37.13.png\" data-orig-size=\"992,970\" data-comments-opened=\"1\" data-image-meta=\"{&quot;aperture&quot;:&quot;0&quot;,&quot;credit&quot;:&quot;&quot;,&quot;camera&quot;:&quot;&quot;,&quot;caption&quot;:&quot;&quot;,&quot;created_timestamp&quot;:&quot;0&quot;,&quot;copyright&quot;:&quot;&quot;,&quot;focal_length&quot;:&quot;0&quot;,&quot;iso&quot;:&quot;0&quot;,&quot;shutter_speed&quot;:&quot;0&quot;,&quot;title&quot;:&quot;&quot;,&quot;orientation&quot;:&quot;0&quot;}\" data-image-title=\"Capture-d\u2019e\u0301cran-2021-08-04-a\u0300-17.37.13\" data-image-description=\"\" data-image-caption=\"\" data-large-file=\"https:\/\/www.mimiryudo.com\/blog\/wp-content\/uploads\/2021\/08\/Capture-d\u2019e\u0301cran-2021-08-04-a\u0300-17.37.13.png\" src=\"http:\/\/www.mimiryudo.com\/blog\/wp-content\/uploads\/2021\/08\/Capture-d\u2019e\u0301cran-2021-08-04-a\u0300-17.37.13.png\" alt=\"\" class=\"wp-image-3654\" width=\"369\" height=\"361\" srcset=\"https:\/\/www.mimiryudo.com\/blog\/wp-content\/uploads\/2021\/08\/Capture-d\u2019e\u0301cran-2021-08-04-a\u0300-17.37.13.png 992w, https:\/\/www.mimiryudo.com\/blog\/wp-content\/uploads\/2021\/08\/Capture-d\u2019e\u0301cran-2021-08-04-a\u0300-17.37.13-300x293.png 300w, https:\/\/www.mimiryudo.com\/blog\/wp-content\/uploads\/2021\/08\/Capture-d\u2019e\u0301cran-2021-08-04-a\u0300-17.37.13-768x751.png 768w\" sizes=\"auto, (max-width: 369px) 100vw, 369px\" \/><figcaption>Et hop, on a le statut vaccinal (dont on peut avoir le d\u00e9tail en cliquant dessus)<\/figcaption><\/figure><\/div>\n\n\n\n<h2 class=\"wp-block-heading\">Oui mais un patient \u00e0 la fois c&rsquo;est long, donc personne ne le fera&#8230; <\/h2>\n\n\n\n<p>Bah non justement. Cette liste qu&rsquo;on demande pour faire notre travail, c&rsquo;est juste une <strong>simplification d&rsquo;acc\u00e8s. <\/strong>On a d\u00e9j\u00e0 cet acc\u00e8s, rendez-nous plus facile et plus performant notre travail de vaccination. <\/p>\n\n\n\n<p>Les m\u00e9decins ne sont pas des truands qui veulent vendre la liste de leurs patients non vaccin\u00e9s&#8230; d\u00e9j\u00e0, parce que tout le monde s&rsquo;en fiche, et ensuite parce qu&rsquo;on a 2-3 autres choses \u00e0 faire. <\/p>\n\n\n\n<h2 class=\"wp-block-heading\">La CNIL prot\u00e8ge les gens, pour \u00e9viter qu&rsquo;on fasse des choses mauvaises sur les internets, on ne peut pas leur en vouloir d&rsquo;\u00eatre excessif dans cette mission&#8230;<\/h2>\n\n\n\n<p>C&rsquo;est l\u00e0 qu&rsquo;il y a un petit malentendu. <\/p>\n\n\n\n<p><strong>Quand les m\u00e9decins g\u00e9n\u00e9ralistes demandent LEUR liste de LEURS patients, il n&rsquo;y a aucun risque, mais des pr\u00e9cautions \u00e9normes.<\/strong> Des b\u00e2tons dans les roues de la vaccination. Et la CNIL est applaudie &#8211; c&rsquo;est peut-\u00eatre ce qu&rsquo;ils viennent chercher avec leur avis plus ti\u00e8de qu&rsquo;une bouteille d&rsquo;eau rest\u00e9e sur la plage arri\u00e8re de la voiture apr\u00e8s une journ\u00e9e de plage.<\/p>\n\n\n\n<p>D\u00e9j\u00e0, il y a des listes plus sensibles qui existent d\u00e9j\u00e0, avec leur accord, donc c&rsquo;est vraiment une posture. <strong>Les postures c&rsquo;est bien, la comp\u00e9tence c&rsquo;est mieux.<\/strong><\/p>\n\n\n\n<figure class=\"wp-block-image size-large\"><img loading=\"lazy\" decoding=\"async\" width=\"1024\" height=\"686\" data-attachment-id=\"3656\" data-permalink=\"https:\/\/www.mimiryudo.com\/blog\/2021\/08\/pourquoi-la-cnam-la-cnil-et-le-ministre-se-moquent-ils-des-medecins-avec-la-liste-des-non-vaccines\/capture-decran-2021-08-04-a-18-36-23\/\" data-orig-file=\"https:\/\/www.mimiryudo.com\/blog\/wp-content\/uploads\/2021\/08\/Capture-d\u2019e\u0301cran-2021-08-04-a\u0300-18.36.23.png\" data-orig-size=\"1658,1110\" data-comments-opened=\"1\" data-image-meta=\"{&quot;aperture&quot;:&quot;0&quot;,&quot;credit&quot;:&quot;&quot;,&quot;camera&quot;:&quot;&quot;,&quot;caption&quot;:&quot;&quot;,&quot;created_timestamp&quot;:&quot;0&quot;,&quot;copyright&quot;:&quot;&quot;,&quot;focal_length&quot;:&quot;0&quot;,&quot;iso&quot;:&quot;0&quot;,&quot;shutter_speed&quot;:&quot;0&quot;,&quot;title&quot;:&quot;&quot;,&quot;orientation&quot;:&quot;0&quot;}\" data-image-title=\"Capture-d\u2019e\u0301cran-2021-08-04-a\u0300-18.36.23\" data-image-description=\"\" data-image-caption=\"\" data-large-file=\"https:\/\/www.mimiryudo.com\/blog\/wp-content\/uploads\/2021\/08\/Capture-d\u2019e\u0301cran-2021-08-04-a\u0300-18.36.23-1024x686.png\" src=\"http:\/\/www.mimiryudo.com\/blog\/wp-content\/uploads\/2021\/08\/Capture-d\u2019e\u0301cran-2021-08-04-a\u0300-18.36.23-1024x686.png\" alt=\"\" class=\"wp-image-3656\" srcset=\"https:\/\/www.mimiryudo.com\/blog\/wp-content\/uploads\/2021\/08\/Capture-d\u2019e\u0301cran-2021-08-04-a\u0300-18.36.23-1024x686.png 1024w, https:\/\/www.mimiryudo.com\/blog\/wp-content\/uploads\/2021\/08\/Capture-d\u2019e\u0301cran-2021-08-04-a\u0300-18.36.23-300x201.png 300w, https:\/\/www.mimiryudo.com\/blog\/wp-content\/uploads\/2021\/08\/Capture-d\u2019e\u0301cran-2021-08-04-a\u0300-18.36.23-768x514.png 768w, https:\/\/www.mimiryudo.com\/blog\/wp-content\/uploads\/2021\/08\/Capture-d\u2019e\u0301cran-2021-08-04-a\u0300-18.36.23-1536x1028.png 1536w, https:\/\/www.mimiryudo.com\/blog\/wp-content\/uploads\/2021\/08\/Capture-d\u2019e\u0301cran-2021-08-04-a\u0300-18.36.23.png 1658w\" sizes=\"auto, (max-width: 1024px) 100vw, 1024px\" \/><figcaption>Cr\u00e9ation d&rsquo;un PDF, d&rsquo;un XLS (tiens pas un CSV) de la liste compl\u00e8te de ma patient\u00e8le avec une \u00ab\u00a0affection longue dur\u00e9e\u00a0\u00bb. <\/figcaption><\/figure>\n\n\n\n<p>Ensuite &#8211; et surtout &#8211; depuis janvier 2021, la CNIL a autoris\u00e9 : <\/p>\n\n\n\n<ul class=\"wp-block-list\"><li>tous les m\u00e9decins, pharmaciens, infirmiers \u00e0 avoir acc\u00e8s au statut vaccinal d&rsquo;un patient dont ils disposent du num\u00e9ro de s\u00e9curit\u00e9 sociale (comme illustr\u00e9 plus haut avec mon propre num\u00e9ro) ; <\/li><li><strong>tous les \u00e9tablissements de sant\u00e9, auxiliaire m\u00e9dicaux, chirurgiens-dentistes, m\u00e9decins, pharmaciens, sages-femmes et acteurs du m\u00e9dico-social \u00e0 avoir acc\u00e8s au num\u00e9ro de s\u00e9curit\u00e9 sociale de tout patient&#8230;<\/strong> <\/li><\/ul>\n\n\n\n<p>C&rsquo;est le <a href=\"https:\/\/www.sesam-vitale.fr\/insi-ams\">t\u00e9l\u00e9service INSi<\/a> (Identit\u00e9 Nationale de Sant\u00e9, int\u00e9gr\u00e9 sur nos logiciels m\u00e9tiers depuis le 1er janvier). Concr\u00e8tement, il suffit de rentrer nom, pr\u00e9nom, date de naissance et sexe pour obtenir le num\u00e9ro de s\u00e9curit\u00e9 sociale.<\/p>\n\n\n\n<p>Vous voyez o\u00f9 je veux en venir ?<\/p>\n\n\n\n<figure class=\"wp-block-image size-large\"><img loading=\"lazy\" decoding=\"async\" width=\"1024\" height=\"359\" data-attachment-id=\"3655\" data-permalink=\"https:\/\/www.mimiryudo.com\/blog\/2021\/08\/pourquoi-la-cnam-la-cnil-et-le-ministre-se-moquent-ils-des-medecins-avec-la-liste-des-non-vaccines\/capture-decran-2021-08-04-a-17-56-30\/\" data-orig-file=\"https:\/\/www.mimiryudo.com\/blog\/wp-content\/uploads\/2021\/08\/Capture-d\u2019e\u0301cran-2021-08-04-a\u0300-17.56.30.png\" data-orig-size=\"2452,860\" data-comments-opened=\"1\" data-image-meta=\"{&quot;aperture&quot;:&quot;0&quot;,&quot;credit&quot;:&quot;&quot;,&quot;camera&quot;:&quot;&quot;,&quot;caption&quot;:&quot;&quot;,&quot;created_timestamp&quot;:&quot;0&quot;,&quot;copyright&quot;:&quot;&quot;,&quot;focal_length&quot;:&quot;0&quot;,&quot;iso&quot;:&quot;0&quot;,&quot;shutter_speed&quot;:&quot;0&quot;,&quot;title&quot;:&quot;&quot;,&quot;orientation&quot;:&quot;0&quot;}\" data-image-title=\"Capture-d\u2019e\u0301cran-2021-08-04-a\u0300-17.56.30\" data-image-description=\"\" data-image-caption=\"\" data-large-file=\"https:\/\/www.mimiryudo.com\/blog\/wp-content\/uploads\/2021\/08\/Capture-d\u2019e\u0301cran-2021-08-04-a\u0300-17.56.30-1024x359.png\" src=\"http:\/\/www.mimiryudo.com\/blog\/wp-content\/uploads\/2021\/08\/Capture-d\u2019e\u0301cran-2021-08-04-a\u0300-17.56.30-1024x359.png\" alt=\"\" class=\"wp-image-3655\" srcset=\"https:\/\/www.mimiryudo.com\/blog\/wp-content\/uploads\/2021\/08\/Capture-d\u2019e\u0301cran-2021-08-04-a\u0300-17.56.30-1024x359.png 1024w, https:\/\/www.mimiryudo.com\/blog\/wp-content\/uploads\/2021\/08\/Capture-d\u2019e\u0301cran-2021-08-04-a\u0300-17.56.30-300x105.png 300w, https:\/\/www.mimiryudo.com\/blog\/wp-content\/uploads\/2021\/08\/Capture-d\u2019e\u0301cran-2021-08-04-a\u0300-17.56.30-768x269.png 768w, https:\/\/www.mimiryudo.com\/blog\/wp-content\/uploads\/2021\/08\/Capture-d\u2019e\u0301cran-2021-08-04-a\u0300-17.56.30-1536x539.png 1536w, https:\/\/www.mimiryudo.com\/blog\/wp-content\/uploads\/2021\/08\/Capture-d\u2019e\u0301cran-2021-08-04-a\u0300-17.56.30-2048x718.png 2048w\" sizes=\"auto, (max-width: 1024px) 100vw, 1024px\" \/><figcaption>C&rsquo;est prot\u00e9g\u00e9 par la CNIL, donc c&rsquo;est bon.<\/figcaption><\/figure>\n\n\n\n<h2 class=\"wp-block-heading\">Ahahah&#8230; tu d\u00e9connes ?!<\/h2>\n\n\n\n<p>Et non. <\/p>\n\n\n\n<p><strong>La CNIL interdit les g\u00e9n\u00e9ralistes de conna\u00eetre le statut vaccinal de leurs patients de fa\u00e7on simple, mais autorise tous les professionnels de sant\u00e9 du pays \u00e0 conna\u00eetre le statut vaccinal de toute personne dont la date de naissance est connue&#8230; <\/strong><\/p>\n\n\n\n<p>Et on s&rsquo;en fiche en vrai. On n&rsquo;en fera rien. <\/p>\n\n\n\n<p>Mais il faut pr\u00e9senter honn\u00eatement le travail de la CNIL. Quand le Ministre, la CNIL et la CNAM ne nous aident qu&rsquo;avec moult b\u00e2tons dans les roues, quand la CNIL va jusqu&rsquo;\u00e0 expliquer qu&rsquo;il faut \u00ab\u00a0ne pas utiliser la liste pour convaincre\u00a0\u00bb, quand la CNAM nous livre un CSV tout d\u00e9gueulasse pour \u00ab\u00a0oulalala faut pas trop en donner ou trop lisible\u00a0\u00bb, je me dis qu&rsquo;ils ne comprennent pas bien ce qu&rsquo;ils autorisent et ce qu&rsquo;ils n&rsquo;autorisent pas.<\/p>\n\n\n\n<p>Soyons honn\u00eate, la liste des patients non-vaccin\u00e9s du Docteur Grost\u00e9to \u00e0 Tricotis-les-Aigletons, ce n&rsquo;est pas de nature \u00e0 int\u00e9resser la population. <br>Par contre, savoir quel politicien, candidat, quel animateur TV, quel acteur, quelle personnalit\u00e9 publique s&rsquo;est fait vacciner \u00e0 quel date, avec quel vaccin&#8230; \u00e7a peut sans doute trouver un autre int\u00e9r\u00eat de leak sur Reddit et compagnie. <\/p>\n\n\n\n<p>Donc si la CNIL s&rsquo;en fiche de \u00e7a, si elle pense que les donn\u00e9es peuvent \u00eatre accessibles \u00e0 tout professionnel de sant\u00e9, et qu&rsquo;il y a un faible int\u00e9r\u00eat dans le pays pour conna\u00eetre le statut vaccinal d&rsquo;autrui (parce qu&rsquo;il faut bien reconna\u00eetre qu&rsquo;on s&rsquo;en tape),<strong> il serait temps de nous FOURNIR UNE LISTE CORRECTE, DANS UN FORMAT CONVENABLE, AVEC DES INFORMATIONS UTILES ET COMPL\u00c8TES concernant le statut vaccinal de nos patients.  <\/strong> <\/p>\n\n\n\n<p><\/p>\n\n\n\n<p><strong>NB.<\/strong> Pour information, je me suis rendu compte de ces possibilit\u00e9s de l&rsquo;INSi le 16 juillet (je ne suis pas vif). <br>J&rsquo;ai propos\u00e9 \u00e0 la CNIL d&rsquo;en discuter ; j&rsquo;ai contact\u00e9 (pour la 1\u00e8re fois de ma vie \u00e9videmment&#8230;) l&rsquo;accueil de l&rsquo;Elys\u00e9e pour les informer \u00e9galement que n&rsquo;importe quel professionnel de sant\u00e9 en France pouvait r\u00e9cup\u00e9rer le QRCode d&rsquo;absolument n&rsquo;importe qui. Ca n&rsquo;a finalement pas eu l&rsquo;air de les \u00e9mouvoir, ce qui est quand m\u00eame pas mal en faveur de la \u00ab\u00a0posture\u00a0\u00bb &#x1f609;<\/p>\n\n\n\n<figure class=\"wp-block-embed-twitter wp-block-embed is-type-rich is-provider-twitter\"><div class=\"wp-block-embed__wrapper\">\nhttps:\/\/twitter.com\/mimiryudo\/status\/1416092933753868296?s=20\n<\/div><figcaption>D\u00e9sol\u00e9, on est trop occup\u00e9 \u00e0 emp\u00eacher les g\u00e9n\u00e9ralistes de conna\u00eetre le statut vaccinal de leurs patients en France, veuillez nous recontacter plus tard.<\/figcaption><\/figure>\n<!-- templates\/buttons-placeholder.php -->\n<div class=\"da-reactions-outer TpostID3649\">\n\t    <div class=\"da-reactions-data da-reactions-container-async center\"\n         data-type=\"post\"\n         data-id=\"3649\"\n         id=\"da-reactions-slot-post-3649\">\n        <div class=\"da-reactions-exposed\">\n\t\t\t<img src=\"https:\/\/www.mimiryudo.com\/blog\/wp-content\/plugins\/da-reactions\/assets\/dist\/loading.svg\" alt=\"Loading spinner\" width=\"64\" height=\"64\" style=\"width:64px\" \/>\n        <\/div>\n    <\/div>\n<\/div>\n","protected":false},"excerpt":{"rendered":"<p>Bon, je m&rsquo;avance beaucoup. En r\u00e9alit\u00e9, la CNAM, la CNIL et le ministre ne sont probablement pas de mauvais bougres, souhaitant \u00ab\u00a0se moquer\u00a0\u00bb d\u00e9lib\u00e9r\u00e9ment de m\u00e9decins g\u00e9n\u00e9ralistes. Au fond d&rsquo;eux, ils pensent probablement faire leur maximum pour nous aider. Ils &hellip; <a href=\"https:\/\/www.mimiryudo.com\/blog\/2021\/08\/pourquoi-la-cnam-la-cnil-et-le-ministre-se-moquent-ils-des-medecins-avec-la-liste-des-non-vaccines\/\">Continuer la lecture <span class=\"meta-nav\">&rarr;<\/span><\/a><\/p>\n<!-- templates\/buttons-placeholder.php -->\n<div class=\"da-reactions-outer TpostID3649\">\n\t    <div class=\"da-reactions-data da-reactions-container-async center\"\n         data-type=\"post\"\n         data-id=\"3649\"\n         id=\"da-reactions-slot-post-3649\">\n        <div class=\"da-reactions-exposed\">\n\t\t\t<img src=\"https:\/\/www.mimiryudo.com\/blog\/wp-content\/plugins\/da-reactions\/assets\/dist\/loading.svg\" alt=\"Loading spinner\" width=\"64\" height=\"64\" style=\"width:64px\" \/>\n        <\/div>\n    <\/div>\n<\/div>\n","protected":false},"author":1,"featured_media":0,"comment_status":"open","ping_status":"open","sticky":false,"template":"","format":"standard","meta":{"jetpack_post_was_ever_published":false,"_jetpack_newsletter_access":"","_jetpack_dont_email_post_to_subs":false,"_jetpack_newsletter_tier_id":0,"_jetpack_memberships_contains_paywalled_content":false,"_jetpack_memberships_contains_paid_content":false,"footnotes":"","jetpack_publicize_message":"Pourquoi la CNAM, la CNIL et le ministre se moquent-ils des m\u00e9decins avec la liste des non-vaccin\u00e9s ? (poke @ameli_actu @CNIL @olivierveran)\n\n(O\u00f9 on d\u00e9couvre les super-pouvoirs de tout professionnel de sant\u00e9.)","jetpack_publicize_feature_enabled":true,"jetpack_social_post_already_shared":true,"jetpack_social_options":{"image_generator_settings":{"template":"highway","default_image_id":0,"font":"","enabled":false},"version":2}},"categories":[1],"tags":[],"class_list":["post-3649","post","type-post","status-publish","format-standard","hentry","category-non-classe"],"jetpack_publicize_connections":[],"jetpack_featured_media_url":"","jetpack_shortlink":"https:\/\/wp.me\/p33dWC-WR","jetpack_sharing_enabled":true,"jetpack-related-posts":[],"_links":{"self":[{"href":"https:\/\/www.mimiryudo.com\/blog\/wp-json\/wp\/v2\/posts\/3649","targetHints":{"allow":["GET"]}}],"collection":[{"href":"https:\/\/www.mimiryudo.com\/blog\/wp-json\/wp\/v2\/posts"}],"about":[{"href":"https:\/\/www.mimiryudo.com\/blog\/wp-json\/wp\/v2\/types\/post"}],"author":[{"embeddable":true,"href":"https:\/\/www.mimiryudo.com\/blog\/wp-json\/wp\/v2\/users\/1"}],"replies":[{"embeddable":true,"href":"https:\/\/www.mimiryudo.com\/blog\/wp-json\/wp\/v2\/comments?post=3649"}],"version-history":[{"count":2,"href":"https:\/\/www.mimiryudo.com\/blog\/wp-json\/wp\/v2\/posts\/3649\/revisions"}],"predecessor-version":[{"id":3658,"href":"https:\/\/www.mimiryudo.com\/blog\/wp-json\/wp\/v2\/posts\/3649\/revisions\/3658"}],"wp:attachment":[{"href":"https:\/\/www.mimiryudo.com\/blog\/wp-json\/wp\/v2\/media?parent=3649"}],"wp:term":[{"taxonomy":"category","embeddable":true,"href":"https:\/\/www.mimiryudo.com\/blog\/wp-json\/wp\/v2\/categories?post=3649"},{"taxonomy":"post_tag","embeddable":true,"href":"https:\/\/www.mimiryudo.com\/blog\/wp-json\/wp\/v2\/tags?post=3649"}],"curies":[{"name":"wp","href":"https:\/\/api.w.org\/{rel}","templated":true}]}}