{"id":3666,"date":"2021-09-08T17:37:57","date_gmt":"2021-09-08T15:37:57","guid":{"rendered":"http:\/\/www.mimiryudo.com\/blog\/?p=3666"},"modified":"2021-09-08T17:37:58","modified_gmt":"2021-09-08T15:37:58","slug":"recadrages-secrets-qui-est-la-taupe","status":"publish","type":"post","link":"https:\/\/www.mimiryudo.com\/blog\/2021\/09\/recadrages-secrets-qui-est-la-taupe\/","title":{"rendered":"Recadrages secrets : qui est la taupe ?"},"content":{"rendered":"\n<p>C&rsquo;est devenu une ritournelle exasp\u00e9rante. D\u00e9sormais, quand un ministre a fait n&rsquo;importe quoi, on apprend juste apr\u00e8s que le Pr\u00e9sident l&rsquo;a \u00ab\u00a0recadr\u00e9\u00a0\u00bb lors du conseil des ministres. C&rsquo;est une sorte de marque de fabrique de la pr\u00e9sidence actuelle : les bl\u00e2mes se font en priv\u00e9, mais sont relay\u00e9s dans la presse afin de montrer au peuple combien le chef de l&rsquo;Etat est aussi agac\u00e9 que lui, mais doit composer avec les b\u00eatises ou l&rsquo;incomp\u00e9tence de ceux qui l&rsquo;entourent. Et c&rsquo;est de plus en plus fr\u00e9quent au fil des mois&#8230; <\/p>\n\n\n\n<p>En plus de multiplier les bourdes et les incomp\u00e9tences, <strong>il se trouve que ceux qui entourent le Pr\u00e9sident de la R\u00e9publique ne le respectent absolument pas,<\/strong> puisqu&rsquo;ils balancent \u00e0 la presse tout ce qui se dit dans ces conseils priv\u00e9s&#8230;<\/p>\n\n\n\n<p>Devant le d\u00e9sint\u00e9r\u00eat g\u00e9n\u00e9ral des services secrets fran\u00e7ais, j&rsquo;ai d\u00e9cid\u00e9 de mener moi-m\u00eame l&rsquo;enqu\u00eate afin de d\u00e9busquer la taupe ! (Ne me remerciez pas, je suis au service de l&rsquo;Etat). D&rsquo;autant que le Pr\u00e9sident lui-m\u00eame ne <a href=\"https:\/\/www.gala.fr\/l_actu\/news_de_stars\/il-na-pas-supporte-emmanuel-macron-tape-du-poing-sur-la-table_457154\">supporte pas ces fuites<\/a> et insiste pour le respect du <strong>\u00ab\u00a0secret d\u00e9fense\u00a0\u00bb<\/strong> notamment en <a href=\"https:\/\/www.gala.fr\/l_actu\/news_de_stars\/la-peur-de-la-fuite-pourquoi-emmanuel-macron-adore-le-conseil-de-defense_458055\">conseil de d\u00e9fense<\/a> ! On le comprend : si tout ce qui se dit par le chef des arm\u00e9es en priv\u00e9 est d\u00e9voil\u00e9 dans la presse, il devrait rapidement chercher le coupable et l&rsquo;exclure de ces r\u00e9unions&#8230; c&rsquo;est un peu probl\u00e9matique d&rsquo;avoir une \u00ab\u00a0taupe\u00a0\u00bb qui balance tout \u00e0 la presse, ces r\u00e9unions pourraient aussi comprendre des sujets plus sensibles.<\/p>\n\n\n\n<figure class=\"wp-block-image size-large\"><img loading=\"lazy\" decoding=\"async\" width=\"1024\" height=\"270\" data-attachment-id=\"3671\" data-permalink=\"https:\/\/www.mimiryudo.com\/blog\/2021\/09\/recadrages-secrets-qui-est-la-taupe\/capture-decran-2021-09-08-a-16-47-22\/\" data-orig-file=\"https:\/\/www.mimiryudo.com\/blog\/wp-content\/uploads\/2021\/09\/Capture-d\u2019e\u0301cran-2021-09-08-a\u0300-16.47.22.png\" data-orig-size=\"1510,398\" data-comments-opened=\"1\" data-image-meta=\"{&quot;aperture&quot;:&quot;0&quot;,&quot;credit&quot;:&quot;&quot;,&quot;camera&quot;:&quot;&quot;,&quot;caption&quot;:&quot;&quot;,&quot;created_timestamp&quot;:&quot;0&quot;,&quot;copyright&quot;:&quot;&quot;,&quot;focal_length&quot;:&quot;0&quot;,&quot;iso&quot;:&quot;0&quot;,&quot;shutter_speed&quot;:&quot;0&quot;,&quot;title&quot;:&quot;&quot;,&quot;orientation&quot;:&quot;0&quot;}\" data-image-title=\"Capture-d\u2019e\u0301cran-2021-09-08-a\u0300-16.47.22\" data-image-description=\"\" data-image-caption=\"\" data-large-file=\"https:\/\/www.mimiryudo.com\/blog\/wp-content\/uploads\/2021\/09\/Capture-d\u2019e\u0301cran-2021-09-08-a\u0300-16.47.22-1024x270.png\" src=\"http:\/\/www.mimiryudo.com\/blog\/wp-content\/uploads\/2021\/09\/Capture-d\u2019e\u0301cran-2021-09-08-a\u0300-16.47.22-1024x270.png\" alt=\"\" class=\"wp-image-3671\" srcset=\"https:\/\/www.mimiryudo.com\/blog\/wp-content\/uploads\/2021\/09\/Capture-d\u2019e\u0301cran-2021-09-08-a\u0300-16.47.22-1024x270.png 1024w, https:\/\/www.mimiryudo.com\/blog\/wp-content\/uploads\/2021\/09\/Capture-d\u2019e\u0301cran-2021-09-08-a\u0300-16.47.22-300x79.png 300w, https:\/\/www.mimiryudo.com\/blog\/wp-content\/uploads\/2021\/09\/Capture-d\u2019e\u0301cran-2021-09-08-a\u0300-16.47.22-768x202.png 768w, https:\/\/www.mimiryudo.com\/blog\/wp-content\/uploads\/2021\/09\/Capture-d\u2019e\u0301cran-2021-09-08-a\u0300-16.47.22.png 1510w\" sizes=\"auto, (max-width: 1024px) 100vw, 1024px\" \/><figcaption>Ne vous inqui\u00e9tez pas, monsieur le Pr\u00e9sident, je vais vous aider avec une grande enqu\u00eate.<br>(<a href=\"https:\/\/www.gala.fr\/l_actu\/news_de_stars\/il-na-pas-supporte-emmanuel-macron-tape-du-poing-sur-la-table_457154\">Extrait de Gala<\/a>)<\/figcaption><\/figure>\n\n\n\n<p>J&rsquo;ai donc tap\u00e9 \u00ab\u00a0<strong><em>Macron recadre conseil ministres<\/em><\/strong>\u00a0\u00bb sur Google, entre 2018 et ce jour (<a href=\"https:\/\/www.google.com\/search?q=macron+recadre+conseil+ministres&amp;tbs=cdr:1,cd_min:1\/1\/2018,cd_max:1\/1\/2022,sbd:1&amp;tbm=nws&amp;sxsrf=AOaemvICHOYgj2QMMPWJ-YCe6qzLnZKcJA:1631105992780&amp;ei=yLM4YeWGL464lwTh3anIDA&amp;start=210&amp;sa=N&amp;ved=2ahUKEwjliqmqt-_yAhUO3IUKHeFuCsk43AEQ8tMDegQIBxBN&amp;biw=1600&amp;bih=735&amp;dpr=1.8\">requ\u00eate ici<\/a>). Petit floril\u00e8ge (non exhaustif) des 23 pages, en commen\u00e7ant par quelques anciens ministres&#8230;<\/p>\n\n\n\n<h3 class=\"wp-block-heading\"><strong>Christophe Castaner, ancien ministre de l&rsquo;Int\u00e9rieur<\/strong><\/h3>\n\n\n\n<p>En avril 2019, apr\u00e8s une soir\u00e9e arros\u00e9e relay\u00e9e sur les r\u00e9seaux sociaux, le ministre de l&rsquo;Int\u00e9rieur est <a href=\"https:\/\/www.gala.fr\/l_actu\/news_de_stars\/christophe-castaner-reprimande-comme-un-ado-en-plein-conseil-des-ministres_428566\">recadr\u00e9 par Edouard Philippe<\/a> en Conseil des Ministres (\u00ab\u00a0<em><strong>\u00eatre ministre, c&rsquo;est 24 heures sur 24, y compris en termes de comportement<\/strong>\u00ab\u00a0<\/em>). Le Pr\u00e9sident lui \u00ab\u00a0<strong>passe un savon<\/strong>\u00a0\u00bb \u00e9galement, <a href=\"https:\/\/www.midilibre.fr\/2019\/03\/26\/macron-met-un-savon-a-castaner-apres-sa-sortie-en-discotheque,8091621.php\">apparemment en priv\u00e9<\/a> (\u00e7a devrait faciliter la recherche de la \u00ab\u00a0taupe\u00a0\u00bb).<\/p>\n\n\n\n<p>Le mois suivant, il est \u00e0 nouveau recadr\u00e9 par Emmanuel Macron \u2014 comme nous l&rsquo;apprend <a href=\"https:\/\/www.gala.fr\/l_actu\/news_de_stars\/christophe-castaner-a-nouveau-recadre-comme-un-ado-par-emmanuel-macron_429378\">Gala<\/a> \u2014\u00a0apr\u00e8s avoir parl\u00e9 \u00ab\u00a0d&rsquo;attaque\u00a0\u00bb au lieu \u00ab\u00a0d&rsquo;intrusion\u00a0\u00bb par des membres du cort\u00e8ge du 1er mai \u00e0 l&rsquo;h\u00f4pital Salp\u00eatri\u00e8re : \u00ab\u00a0<em><strong>\u00e9vite les micros tendus et tweete un peu moins<\/strong>.<\/em>\u00a0\u00bb Un conseil qu&rsquo;on devrait tous suivre d&rsquo;ailleurs. <\/p>\n\n\n\n<h3 class=\"wp-block-heading\">Muriel P\u00e9nicaud, ancienne ministre du travail<\/h3>\n\n\n\n<p><a href=\"https:\/\/www.lejdd.fr\/Politique\/pourquoi-edouard-philippe-a-sa-ministre-muriel-penicaud-dans-le-viseur-3925054\">En juillet 2019<\/a>, Edouard Philippe aurait recadr\u00e9 Muriel P\u00e9nicaud en conseil des ministres, pour son \u00ab\u00a0affichage trop public des d\u00e9saccords\u00a0\u00bb (notamment sur le risque de coupes dans le financement de l&rsquo;apprentissage)&#8230; et on apprend que c&rsquo;est elle qui se ferait le plus souvent recadrer dans ces conseils.<\/p>\n\n\n\n<p>Le Pr\u00e9sident n&rsquo;aurait pas \u00e9t\u00e9 en reste. Dans Closer, fin 2019, un ministre relate : \u00ab\u00a0j&rsquo;ai vu Macron d\u00e9foncer des ministres en Conseil des ministres. C&rsquo;\u00e9tait chirurgical<em>\u00ab\u00a0<\/em>. Sur la faible communication autour de la relance des emplois francs, le pr\u00e9sident aurait estim\u00e9 que<em> \u00ab\u00a0<strong>c&rsquo;est comme faire une promotion dans un supermarch\u00e9 et l&rsquo;installer au fond du magasin<\/strong>\u00ab\u00a0<\/em>. <\/p>\n\n\n\n<h3 class=\"wp-block-heading\">Edouard Philippe, ancien Premier Ministre<\/h3>\n\n\n\n<p>Apr\u00e8s avoir \u00e9voqu\u00e9 le d\u00e9confinement en avril 2020, le Premier Ministre se voit recadr\u00e9 par \u00ab\u00a0un proche du Pr\u00e9sident\u00a0\u00bb : \u00ab\u00a0<strong><em>Parler quand on ne sait pas, voil\u00e0 une strat\u00e9gie \u00e9trange<\/em><\/strong>,<strong><em> anxiog\u00e8ne.<\/em><\/strong><em>\u00a0\u00bb\u00a0<\/em><\/p>\n\n\n\n<p>A l&rsquo;\u00e9poque du gouvernement Philippe, on note plusieurs recadrages globaux : <a href=\"https:\/\/www.closermag.fr\/people\/enerve-par-ses-ministres-emmanuel-macron-les-recadre-736243\">en juillet 2017<\/a>, il disait <em>\u00ab\u00a0<\/em><strong><em>si on sait donner du sens, on \u00e9vite les petites pol\u00e9miques<\/em>\u00ab\u00a0<\/strong> ; <a href=\"https:\/\/www.closermag.fr\/politique\/c-est-du-pipi-de-chat-quand-emmanuel-macron-recadre-encore-ses-ministres-736574\">le mois suivant<\/a>, il critiquait les notes re\u00e7ues : <strong>\u00ab\u00a0<em>c&rsquo;est du pipi de chat, ce qui me remonte actuellement de certaines de vos notes<\/em> : <em>ne vous laissez pas enfermer dans le confort des documents r\u00e9dig\u00e9s par vos administrations. Certes, cela peut vous para\u00eetre sympathique et confortable de vous placer entre leurs mains. Mais vous verrez, dans six mois, si vous continuez, vous aurez disparu<\/em>\u00ab\u00a0<\/strong>&#8230;<\/p>\n\n\n\n<p>A tel point qu&rsquo;en f\u00e9vrier 2020, les ministres et proches (voire ami du pr\u00e9sident &#8211; toujours sympa) <a href=\"https:\/\/www.femmeactuelle.fr\/actu\/news-actu\/emmanuel-macron-cassant-et-meprisant-ses-ministres-nen-peuvent-plus-2091058\">se l\u00e2chent<\/a> : \u00ab\u00a0il m\u00e9prise les gens, il les toise de son intelligence\u00a0\u00bb ;\u00a0\u00ab\u00a0les ministres disent de lui qu\u2019il se caresse devant les miroirs\u00a0\u00bb ; \u00ab\u00a0c&rsquo;est moi le roi et ce sont mes d\u00e9put\u00e9s, mes gens\u00a0\u00bb ; \u00ab\u00a0personne ne se sent aid\u00e9, soutenu, port\u00e9&#8230; (par le Pr\u00e9sident)\u00a0\u00bb&#8230;<\/p>\n\n\n\n<h3 class=\"wp-block-heading\">G\u00e9rald Darmanin, ministre de l&rsquo;Int\u00e9rieur<\/h3>\n\n\n\n<p>En novembre 2020, Michel, producteur de musique dans le 17\u00e8me arrondissement de Paris, est tabass\u00e9 par des policiers. Le Pr\u00e9sident <a href=\"https:\/\/www.nouvelobs.com\/politique\/20201127.OBS36678\/emmanuel-macron-tres-choque-par-la-video-du-producteur-de-musique-tabasse-par-des-policiers.html?utm_term=Autofeed&amp;utm_medium=Social&amp;utm_source=Twitter#Echobox=1606473098\">aurait appel\u00e9<\/a> son ministre pendant 15 minutes pour \u00ab\u00a0mettre les points sur les i\u00a0\u00bb selon une source proche, et un autre t\u00e9moin a parl\u00e9 de \u00ab\u00a0fermet\u00e9, d&rsquo;apaisement et de sanctions\u00a0\u00bb. Ce qui laisse penser que la taupe suit de tr\u00e8s pr\u00e8s le Pr\u00e9sident \u2014 il appelle en priv\u00e9 \u00e0 proximit\u00e9 imm\u00e9diate, allant jusqu&rsquo;\u00e0  laisser \u00ab\u00a0la taupe\u00a0\u00bb poireauter pendant un appel de 15 minutes (il y a sans doute un jeu de Mikado dans le bureau du Pr\u00e9sident pour ces situations). <\/p>\n\n\n\n<p>S&rsquo;y ajoute une <a href=\"https:\/\/www.bfmtv.com\/politique\/producteur-frappe-par-des-policiers-macron-denonce-des-images-qui-nous-font-honte-et-demande-une-police-exemplaire_AN-202011270329.html\">publication publique<\/a> (facebook, Twitter) que Philippe Moreau Chevrolet estime \u00eatre un <a href=\"https:\/\/www.20minutes.fr\/politique\/2919271-20201128-producteur-tabasse-paris-emmanuel-macron-pleine-crise-politique\">recadrage<\/a> (public cette fois !) du ministre de l&rsquo;Int\u00e9rieur : \u00ab\u00a0<strong><em>je demande au Gouvernement de me faire rapidement des propositions pour r\u00e9affirmer le lien de confiance qui doit naturellement exister entre les Fran\u00e7ais et ceux qui les prot\u00e8gent et pour lutter plus efficacement contre toutes les discriminations.<\/em><\/strong>\u00a0\u00bb Un \u00ab\u00a0recadrage des troupes\u00a0\u00bb <a href=\"https:\/\/lanouvelletribune.info\/2020\/11\/securite-globale-macron-en-colere-contre-ses-ministres\/\">selon la Nouvelle Tribune<\/a>.<\/p>\n\n\n\n<p>Apr\u00e8s avoir critiqu\u00e9 les r\u00e9sultats de son propre camp, voire m\u00eame de sa propre liste (\u00e7a ne s&rsquo;invente pas), G\u00e9rald Darmanin s&rsquo;est aussi fait recadrer par <a href=\"https:\/\/www.lci.fr\/politique\/apres-les-critiques-de-gerald-darmanin-sur-larem-gabriel-attal-le-renvoie-a-l-humilite-2190617.html\">Gabriel Attal<\/a> (qu&rsquo;il avait critiqu\u00e9 en <a href=\"https:\/\/www.gala.fr\/l_actu\/news_de_stars\/tension-entre-ministres-gerald-darmanin-trop-gamin-pointe-du-doigt_465878\">mars<\/a>), par <a href=\"https:\/\/www.closermag.fr\/politique\/ericdupond-morettiet-geralddarmaninseclashentviolemment-en-marge-du-conseil-des-ministres-1342069\">Eric Dupont-Moretti<\/a> en juin 2021.<\/p>\n\n\n\n<h3 class=\"wp-block-heading\">Agn\u00e8s Pannier-Runacher, secr\u00e9taire d&rsquo;\u00e9tat aupr\u00e8s du ministre de l&rsquo;Economie<\/h3>\n\n\n\n<p><a href=\"https:\/\/www.planet.fr\/societe-cest-lamentable-la-colere-demmanuel-macron-en-conseil-des-ministres.1967054.29336.html\">En mars 2020<\/a>, les membres du gouvernement \u00e9changent en priv\u00e9 sur Telegram. Plusieurs ministres y \u00e9voquent la bande passante trop faible, et la secr\u00e9taire d&rsquo;Etat r\u00e9plique : \u00ab\u00a0En fait, si tu &lsquo;youpornes&rsquo;\u00e0 22h30, \u00e7a g\u00eane personne&#8230; Juste une question d&rsquo;organisation\u2026\u00a0\u00bb Ces messages priv\u00e9s se retrouveront&#8230; dans le Canard Encha\u00een\u00e9, indignant le Pr\u00e9sident : \u00ab\u00a0<strong><em>c&rsquo;est lamentable que, en situation de crise comme celle que nous vivons, on retrouve des \u00e9changes comme cela dans la presse<\/em><\/strong>\u00ab\u00a0. La taupe est donc dans ce groupe Telegram, qu&rsquo;on esp\u00e8re limit\u00e9&#8230;<\/p>\n\n\n\n<p>En avril 2021, la secr\u00e9taire d&rsquo;\u00e9tat \u00e9voque l&rsquo;id\u00e9e de ne pas renouveler les commandes d&rsquo;AstraZeneca l&rsquo;ann\u00e9e prochaine (ce qui a effectivement \u00e9t\u00e9 le cas d\u00e8s juin-juillet). Jean Castex <a href=\"https:\/\/www.gala.fr\/l_actu\/news_de_stars\/jean-castex-pris-de-court-son-sms-de-recadrage-a-une-ministre_467351\">l&rsquo;aurait alors recadr\u00e9e<\/a> par SMS (!) en lui demandant d&rsquo;\u00eatre \u00ab\u00a0<strong><em>plus prudente dans ses expressions<\/em><\/strong>\u00ab\u00a0. A propos du m\u00eame vaccin, le Premier Ministre aurait d&rsquo;ailleurs dit <a href=\"https:\/\/www.gala.fr\/l_actu\/news_de_stars\/jean-castex-veut-recruter-sheila-pour-promouvoir-astrazeneca-son-idee-etonnante_467281\">\u00e0 ses \u00e9quipes<\/a> : \u00ab\u00a0<strong><em>il faudrait que Sheila se fasse vacciner<\/em>\u00ab\u00a0<\/strong>&#8230; qui se sont empress\u00e9es de le r\u00e9p\u00e9ter au Canard Encha\u00een\u00e9, parce que &#8211; eh ! &#8211; pourquoi pas se rire un peu des go\u00fbts musicaux de son patron dans la presse, ahahah il ne saura jamais que \u00e7a vient de nous 4 \u00e0 qui il l&rsquo;a dit&#8230; ARE YOU CRAZY, TAUPE ?! <\/p>\n\n\n\n<h3 class=\"wp-block-heading\">Bruno Le Maire, ministre de l&rsquo;Economie<\/h3>\n\n\n\n<p>Lors du conseil des ministres de janvier 2021, le Pr\u00e9sident aurait dit <strong>\u00ab\u00a0<em>je n\u2019aime pas les tireurs couch\u00e9s<\/em>\u00ab\u00a0, <\/strong>visant \u2014<a href=\"https:\/\/www.gala.fr\/l_actu\/news_de_stars\/emmanuel-macron-recadre-certains-ministres-je-naime-pas-les-tireurs-couches_461696\">\u00a0selon la taupe <\/a>\u2014 Bruno Le Maire, qui est parmi ceux qui critiquent la strat\u00e9gie vaccinale, la strat\u00e9gie de confinement ou d\u00e9confinement&#8230; <em>\u00ab\u00a0<strong>Si certains ont des probl\u00e8mes avec la strat\u00e9gie sanitaire telle qu&rsquo;elle est d\u00e9velopp\u00e9e, qu&rsquo;ils viennent m&rsquo;en parler et j&rsquo;attends leur lettre de d\u00e9mission !<\/strong><\/em>\u00a0\u00bb <a href=\"https:\/\/www.programme-tv.net\/news\/societe\/272292-jattends-leur-lettre-de-demission-le-jour-ou-emmanuel-macron-a-fermement-recadre-le-gouvernement\/\">aurait-il ajout\u00e9.<\/a> <\/p>\n\n\n\n<p>L&rsquo;histoire ne dit pas si, apr\u00e8s cette r\u00e9plique cinglante, le Pr\u00e9sident se tut, fixa le <a href=\"https:\/\/www.franceinter.fr\/emissions\/le-billet-de-francois-morel\/le-billet-de-francois-morel-05-fevrier-2021\">ministre de l&rsquo;Economie<\/a> de son regard bleu sur lequel glissaient des \u00e9clats m\u00e9talliques, comme un lac accabl\u00e9 de soleil dont il aurait \u00e9t\u00e9 impossible, sous le scintillement des reflets, de percer la surface. Probablement pas.<\/p>\n\n\n\n<h3 class=\"wp-block-heading\">Jean-Michel Blanquer, ministre des sports et des masques-slip<\/h3>\n\n\n\n<p>De fa\u00e7on cocasse, ce n&rsquo;est pas pour sa gestion approximative de la s\u00e9curisation des \u00e9coles, ses rat\u00e9s dans le t\u00e9l\u00e9-enseignement (accusant des attaques russes) ou sa popularit\u00e9 n\u00e9gative dans le corps enseignant que le ministre en charge de l&rsquo;Education Nationale s&rsquo;est fait recadrer&#8230; mais pour sa <strong>\u00ab\u00a0flagornerie\u00a0\u00bb <\/strong>en <a href=\"https:\/\/www.gala.fr\/politique\/cest-mauvais-pour-le-president-la-boulette-de-jean-michel-blanquer-ne-passe-pas_466074\">mars 2021<\/a>, lorsqu&rsquo;il disait au Monde que \u00ab\u00a0<em>le pr\u00e9sident a acquis une vraie expertise sur les sujets sanitaires, ce n&rsquo;est pas un sujet inaccessible\u00a0pour une intelligence comme la sienne<strong>\u00a0<\/strong>et au regard du temps important qu&rsquo;il y consacre depuis plusieurs mois<\/em>\u00ab\u00a0. <a href=\"https:\/\/fr.news.yahoo.com\/macron-lit-tout-scientifiques-exasperes-louanges-president-171709516.html\">La flagornerie a ses limites.<\/a><\/p>\n\n\n\n<p>Il semblerait aussi que Jean-Michel Blanquer se soit fait recadrer en septembre 2021, selon le Canard Encha\u00een\u00e9 : \u00ab\u00a0il faut parler tout ce qui va bien, je parlerai donc du sanitaire \u00e0 la fin\u00a0\u00bb aurait dit le ministre avant que le Pr\u00e9sident, \u00ab\u00a0<strong><em>exasp\u00e9r\u00e9<\/em><\/strong>\u00ab\u00a0, le reprenne sur le d\u00e9doublement des classes, qui sont en sureffectif.<\/p>\n\n\n\n<h3 class=\"wp-block-heading\">Fr\u00e9d\u00e9rique Vidal, ministre de l&rsquo;Enseignement sup\u00e9rieur et de la recherche (il parait)<\/h3>\n\n\n\n<p>Apr\u00e8s avoir r\u00e9clam\u00e9 une <a href=\"https:\/\/www.sudouest.fr\/politique\/education\/islamo-gauchisme-dans-les-facs-la-polemique-enfle-vidal-recadree-par-macron-1356402.php\">enqu\u00eate du CNRS sur l&rsquo;islamogauchisme qui gangr\u00e8ne l&rsquo;universit\u00e9<\/a>, Fr\u00e9d\u00e9rique Vidal (soutenue par Jean-Michel Blanquer et G\u00e9rard Darmanin) aurait \u00e9t\u00e9 \u00ab\u00a0mollement recadr\u00e9e\u00a0\u00bb (<a href=\"https:\/\/www.lemonde.fr\/idees\/article\/2021\/02\/25\/le-macronisme-en-quete-de-boussole_6071169_3232.html\">selon le Monde<\/a>) en f\u00e9vrier 2021 par le Pr\u00e9sident qui aurait rappel\u00e9 <strong>\u00ab\u00a0<em>son attachement absolu \u00e0 l&rsquo;ind\u00e9pendance des enseignants-chercheurs<\/em>\u00ab\u00a0<\/strong>. <a href=\"https:\/\/www.programme-tv.net\/news\/societe\/271071-une-fois-mais-pas-deux-emmanuel-macron-a-recadre-son-gouvernement-en-conseil-des-ministres\/\">Selon un ministre pr\u00e9sent<\/a>, le Pr\u00e9sident aurait dit \u00ab\u00a0<strong><em>la semaine qui vient de s&rsquo;\u00e9couler a prouv\u00e9 que, malgr\u00e9 le Covid, on pouvait faire exister d&rsquo;autres sujets dans l&rsquo;actualit\u00e9. Mais on gagnerait \u00e0 reproduire la d\u00e9monstration de mani\u00e8re concert\u00e9e et organis\u00e9e<\/em>\u00ab\u00a0<\/strong> sur le mode \u00ab\u00a0il faut arr\u00eater de d\u00e9conner : une fois, mais pas deux\u00a0\u00bb&#8230; Pour un autre \u00ab\u00a0conseiller de l&rsquo;ex\u00e9cutif\u00a0\u00bb, \u00ab\u00a0Vidal est plus pr\u00e8s de la porte que de l&rsquo;augmentation\u00a0\u00bb&#8230;<\/p>\n\n\n\n<h3 class=\"wp-block-heading\">Barbara Pompili, ministre de l&rsquo;\u00e9cologie<\/h3>\n\n\n\n<p>Apr\u00e8s la d\u00e9faite LREM aux r\u00e9gionales en juin 2021, le Pr\u00e9sident <a href=\"https:\/\/www.closermag.fr\/politique\/barbara-pompili-comment-elle-a-ete-violemment-recadree-par-emmanuel-macron-lors-du-conseil-des-ministres-1342701\">a recadr\u00e9 Barbara Pompili<\/a>, cofondatrice du mouvement <em>En commun<\/em>, qui s&rsquo;est f\u00e9licit\u00e9 d&rsquo;une d\u00e9cision du Conseil d&rsquo;Etat de suspendre la r\u00e9forme de l&rsquo;assurance ch\u00f4mage lanc\u00e9e par son gouvernement&#8230; <em>\u00ab\u00a0<strong>Inacceptable et d\u00e9loyal<\/strong>\u00ab\u00a0<\/em>, tout comme l&rsquo;appel du m\u00eame parti \u00e0 soutenir Marie-Guite Dufay, candidate PS en Bourgogne-France-Comt\u00e9 (et r\u00e9\u00e9lue), o\u00f9 LREM maintenait sa liste.<\/p>\n\n\n\n<h3 class=\"wp-block-heading\">Marl\u00e8ne Schiappa, ministre d\u00e9l\u00e9gu\u00e9e aupr\u00e8s du ministre de l&rsquo;Int\u00e9rieur, charg\u00e9e de la citoyennet\u00e9<\/h3>\n\n\n\n<p><a href=\"https:\/\/www.linfo.re\/france\/politique\/emmanuel-macron-ces-ministres-desavoues-par-les-mesures-sociales\">En d\u00e9cembre 2018<\/a>, apr\u00e8s qu&rsquo;elle ait \u00e9voqu\u00e9 le r\u00e9tablissement de l&rsquo;ISF, elle aurait \u00e9t\u00e9 \u00ab\u00a0recadr\u00e9e\u00a0\u00bb par le Pr\u00e9sident en Conseil des Ministres : <strong><em>\u00ab\u00a0nous ne d\u00e9tricoterons rien de ce qui a \u00e9t\u00e9 fait depuis dix-huit mois<\/em><\/strong>\u00ab\u00a0. En f\u00e9vrier 2021, un proche du chef de l&rsquo;Etat <a href=\"https:\/\/www.programme-tv.net\/news\/societe\/269926-emmanuel-macron-ces-ministres-quil-apprecie-et-celle-qui-lenerverait-au-plus-haut-point\/\">fait savoir<\/a> que Marl\u00e8ne Schiappa \u00ab\u00a0\u00e9nerve souverainement le Pr\u00e9sident\u00a0\u00bb.<\/p>\n\n\n\n<p>En <a href=\"https:\/\/www.lejdd.fr\/Politique\/quand-macron-recadre-schiappa-en-conseil-des-ministres-3954081\">mars 2020<\/a>, le Pr\u00e9sident l&rsquo;aurait brutalement coup\u00e9e dans une longue pr\u00e9sentation de son bilan en lui disant de \u00ab\u00a0<strong><em>revenir la semaine prochaine pour une pr\u00e9sentation qui correspond \u00e0 [s]es attentes<\/em><\/strong>\u00ab\u00a0. <\/p>\n\n\n\n<p>En avril 2021, le Pr\u00e9sident <a href=\"https:\/\/www.public.fr\/News\/Marlene-Schiappa-recadree-par-Emmanuel-Macron-en-plein-Conseil-des-ministres-1673039\">recadre Marl\u00e8ne Schiappa<\/a> en conseil des ministres selon BFMTV. Apr\u00e8s avoir annonc\u00e9 la mise en place d\u2019\u00e9tats g\u00e9n\u00e9raux de la la\u00efcit\u00e9 chez Hanouna (sic), elle se serait vu r\u00e9torquer par le Pr\u00e9sident : \u00ab\u00a0<strong><em>les Fran\u00e7ais s\u2019en fichent, et moi aussi : on n\u2019a pas besoin de colloque, de forum, ou de je ne sais quoi. Si c\u2019est pour regarder le film de Caroline Fourest sur Tariq Ramadan, on l\u2019a d\u00e9j\u00e0 vu, on a bien compris <\/em><\/strong>!\u00a0\u00bb Puuuuunchline ? <br>Oui, mais non ! Comme l&rsquo;a synth\u00e9tis\u00e9 <a href=\"https:\/\/www.challenges.fr\/france\/laicite-hanouna-quand-marlene-schiappa-en-fait-vraiment-trop_761945\">Challenges<\/a>, on apprend rapidement dans Marianne que l&rsquo;Elys\u00e9e d\u00e9ment BFM : \u00ab\u00a0il ne s\u2019en serait pris ni \u00e0 Marl\u00e8ne Schiappa ni \u00e0 Caroline Fourest. Il s\u2019agirait en r\u00e9alit\u00e9 de conflits id\u00e9ologiques au sein m\u00eame de la macronie au sujet de la la\u00efcit\u00e9\u00a0\u00bb. Puis le Parisien relate une 3\u00e8me version o\u00f9 le Pr\u00e9sident aurait finalement dit \u00ab\u00a0<strong><em>Ce n\u2019est pas la peine de faire d\u2019\u00e9ni\u00e8mes \u00e9tats g\u00e9n\u00e9raux pour r\u00e9p\u00e9ter ce qu\u2019Aristide Briand a dit, alors que \u00e7a fait 250 fois que je vous dis les choses.<\/em><\/strong>\u00ab\u00a0<\/p>\n\n\n\n<p>Ah oui. Donc la taupe a confondu Caroline Fourest et Aristide Briand. <strong>On dit \u00ab\u00a0aveugle comme une taupe\u00a0\u00bb, mais visiblement la taupe du conseil des ministres semble souffrir davantage de probl\u00e8mes auditifs.<\/strong><\/p>\n\n\n\n<h3 class=\"wp-block-heading\">Jean-Baptiste Djebbari, troll Twitter et ministre des transports<\/h3>\n\n\n\n<p>Sur BFM, le ministre des transports annonce que le gouvernement compte vacciner 26 millions de Fran\u00e7ais d&rsquo;ici l&rsquo;\u00e9t\u00e9 ; sauf que l&rsquo;objectif initial est de 15 millions (<em>en pratique au 21 juin, il y avait 17 millions de sch\u00e9mas complets et 32 millions de primovaccin\u00e9s<\/em>). Lors du <a href=\"https:\/\/www.gala.fr\/l_actu\/news_de_stars\/emmanuel-macron-recadre-certains-ministres-je-naime-pas-les-tireurs-couches_461696\">conseil des ministres de janvier 2021<\/a>, le pr\u00e9sident aurait<strong> \u00ab\u00a0exig\u00e9 que ses collaborateurs se contentent d\u2019\u00e9voquer leur secteur<\/strong>\u00ab\u00a0. <\/p>\n\n\n\n<p>Il s&rsquo;\u00e9tait \u00e9galement <a href=\"https:\/\/www.capital.fr\/economie-politique\/legion-dhonneur-pour-les-patrons-daeroclubs-barbara-pompili-recadre-jean-baptiste-djebbari-1399546\">fait recadrer<\/a> en avril 2021 par Barbara Pompili apr\u00e8s avoir propos\u00e9 la l\u00e9gion d&rsquo;Honneur aux 2 pr\u00e9sidents de l&rsquo;a\u00e9roclub de Poitiers, apr\u00e8s que la maire \u00e9cologiste L\u00e9onore Moncond&rsquo;huy ait assum\u00e9 de ne plus financer des sports bas\u00e9s sur la consommation de ressources \u00e9puisables.<\/p>\n\n\n\n<h3 class=\"wp-block-heading\">Olivier V\u00e9ran, ministre de la Sant\u00e9<\/h3>\n\n\n\n<p>En septembre 2020, le ministre aurait propos\u00e9 des mesures plus restrictives, ce que <a href=\"https:\/\/www.lefigaro.fr\/politique\/face-au-courroux-du-chef-de-l-etat-olivier-veran-sous-pression-20200916\">le Pr\u00e9sident n&rsquo;aurait pas appr\u00e9ci\u00e9<\/a> : \u00ab\u00a0<em><strong>un million de tests par semaine, c\u2019est bien beau, mais\u00a0si les r\u00e9sultats arrivent trop tard, \u00e7a ne sert \u00e0 rien<\/strong>\u00ab\u00a0<\/em>. D&rsquo;ailleurs, sans nous concerter, <a href=\"https:\/\/www.gala.fr\/l_actu\/news_de_stars\/olivier-veran-trahi-par-un-ministre-qui-est-la-taupe-du-conseil-de-defense_457240\">Gala se demandait \u00e0 l&rsquo;\u00e9poque qui \u00e9tait la taupe \u00e9galement<\/a>&#8230;<\/p>\n\n\n\n<p><a href=\"https:\/\/www.lejdd.fr\/Politique\/macron-a-des-proches-sur-la-campagne-de-vaccination-ca-doit-changer-vite-et-fort-4015925\">En janvier 2021<\/a>, le Pr\u00e9sident aurait carr\u00e9ment parl\u00e9 de \u00ab\u00a0<strong><em>fiasco<\/em><\/strong>\u00a0\u00bb : <em>\u00ab\u00a0<strong>Moi, je fais la guerre le matin, le midi, le soir et la nuit. Et j\u2019attends de tous le m\u00eame engagement. Or l\u00e0, \u00e7a ne va pas. La technocratie est tatillonne. \u00c7a doit changer vite et fort et \u00e7a va changer vite et fort<\/strong><\/em>. <strong><em>Nous sommes sur un rythme de promenade en famille, et ce n\u2019est \u00e0 la hauteur ni du moment, ni des Fran\u00e7ais<\/em><\/strong>\u00ab\u00a0, aurait-il lanc\u00e9 au t\u00e9l\u00e9phone \u00e0 divers interlocuteurs, selon la gazette de l&rsquo;Elys\u00e9e \/ le JDD. Ah ! Par t\u00e9l\u00e9phone ! La taupe est plusieurs pour relayer ces propos HAUTEMENT&#8230; flatteurs pour le Pr\u00e9sident en fait ! Ca tombe dr\u00f4lement bien.<\/p>\n\n\n\n<p><a href=\"https:\/\/www.programme-tv.net\/news\/societe\/271112-olivier-veran-un-peu-engueule-par-emmanuel-macron-une-revue-scientifique-a-lorigine-de-sa-colere\/\">En f\u00e9vrier 2021<\/a>, le Pr\u00e9sident aurait \u00ab\u00a0engueul\u00e9\u00a0\u00bb Olivier V\u00e9ran parce qu&rsquo;il ne l&rsquo;a pas averti de l&rsquo;existence des anticorps monoclonaux&#8230; La taupe devait forc\u00e9ment \u00eatre pr\u00e9sente lors de cette \u00ab\u00a0engueulade\u00a0\u00bb&#8230; <\/p>\n\n\n\n<p><a href=\"https:\/\/www.programme-tv.net\/news\/societe\/272435-le-boulot-na-pas-ete-fait-olivier-veran-vivement-recadre-par-emmanuel-macron\/\">En mars 2021<\/a>, le Pr\u00e9sident critiquait encore le fait que \u00ab\u00a0<strong><em>le boulot n&rsquo;a pas \u00e9t\u00e9 fait<\/em><\/strong>\u00ab\u00a0. Visiblement, le Pr\u00e9sident ne souhaitait pas prendre son \u00ab\u00a0pari\u00a0\u00bb de janvier 2021 sans embarquer son ministre \u2014\u00a0oppos\u00e9 \u00e0 ce pari \u2014 avec lui&#8230; <\/p>\n\n\n\n<h3 class=\"wp-block-heading\">&#8230; Emmanuel Macron, Pr\u00e9sident de la R\u00e9publique<\/h3>\n\n\n\n<p>Pour couronner le tout, il semblerait que le Pr\u00e9sident se fasse \u00e9galement <a href=\"https:\/\/www.gala.fr\/l_actu\/news_de_stars\/nicolas-sarkozy-recadre-emmanuel-macron-au-sujet-de-son-manque-dautorite_426128\">recadrer par un narrateur de chez Audible<\/a>, ancien Pr\u00e9sident lui-m\u00eame !<\/p>\n\n\n\n<figure class=\"wp-block-image size-large\"><img loading=\"lazy\" decoding=\"async\" width=\"1024\" height=\"177\" data-attachment-id=\"3667\" data-permalink=\"https:\/\/www.mimiryudo.com\/blog\/2021\/09\/recadrages-secrets-qui-est-la-taupe\/capture-decran-2021-09-08-a-15-53-39\/\" data-orig-file=\"https:\/\/www.mimiryudo.com\/blog\/wp-content\/uploads\/2021\/09\/Capture-d\u2019e\u0301cran-2021-09-08-a\u0300-15.53.39.png\" data-orig-size=\"2122,366\" data-comments-opened=\"1\" data-image-meta=\"{&quot;aperture&quot;:&quot;0&quot;,&quot;credit&quot;:&quot;&quot;,&quot;camera&quot;:&quot;&quot;,&quot;caption&quot;:&quot;&quot;,&quot;created_timestamp&quot;:&quot;0&quot;,&quot;copyright&quot;:&quot;&quot;,&quot;focal_length&quot;:&quot;0&quot;,&quot;iso&quot;:&quot;0&quot;,&quot;shutter_speed&quot;:&quot;0&quot;,&quot;title&quot;:&quot;&quot;,&quot;orientation&quot;:&quot;0&quot;}\" data-image-title=\"Capture-d\u2019e\u0301cran-2021-09-08-a\u0300-15.53.39\" data-image-description=\"\" data-image-caption=\"\" data-large-file=\"https:\/\/www.mimiryudo.com\/blog\/wp-content\/uploads\/2021\/09\/Capture-d\u2019e\u0301cran-2021-09-08-a\u0300-15.53.39-1024x177.png\" src=\"http:\/\/www.mimiryudo.com\/blog\/wp-content\/uploads\/2021\/09\/Capture-d\u2019e\u0301cran-2021-09-08-a\u0300-15.53.39-1024x177.png\" alt=\"\" class=\"wp-image-3667\" srcset=\"https:\/\/www.mimiryudo.com\/blog\/wp-content\/uploads\/2021\/09\/Capture-d\u2019e\u0301cran-2021-09-08-a\u0300-15.53.39-1024x177.png 1024w, https:\/\/www.mimiryudo.com\/blog\/wp-content\/uploads\/2021\/09\/Capture-d\u2019e\u0301cran-2021-09-08-a\u0300-15.53.39-300x52.png 300w, https:\/\/www.mimiryudo.com\/blog\/wp-content\/uploads\/2021\/09\/Capture-d\u2019e\u0301cran-2021-09-08-a\u0300-15.53.39-768x132.png 768w, https:\/\/www.mimiryudo.com\/blog\/wp-content\/uploads\/2021\/09\/Capture-d\u2019e\u0301cran-2021-09-08-a\u0300-15.53.39-1536x265.png 1536w, https:\/\/www.mimiryudo.com\/blog\/wp-content\/uploads\/2021\/09\/Capture-d\u2019e\u0301cran-2021-09-08-a\u0300-15.53.39-2048x353.png 2048w\" sizes=\"auto, (max-width: 1024px) 100vw, 1024px\" \/><figcaption>M\u00e9ta-recadrage<\/figcaption><\/figure>\n\n\n\n<p>Il n&rsquo;est \u00e9videmment pas le seul, puisque des \u00ab\u00a0amis\u00a0\u00bb du Pr\u00e9sident s&rsquo;y mettent aussi. Par exemple, on apprend <a href=\"https:\/\/www.gala.fr\/l_actu\/news_de_stars\/il-pique-des-coleres-denfant-emmanuel-macron-dezingue-par-un-ancien-ami_463390\">mi-f\u00e9vrier 2021<\/a> dans un papier d\u00e9j\u00e0 biiiiien dat\u00e9 qu&rsquo;il \u00ab\u00a0<strong>pique des col\u00e8res d&rsquo;enfant<\/strong>\u00a0\u00bb selon un proche ami (&#8230; bien choisir ses amis quand m\u00eame), et qu&rsquo;il fustige les scientifiques qui \u00ab\u00a0ne r\u00e9pondent \u00e0 ses\u00a0interrogations que par un seul sc\u00e9nario : celui du reconfinement\u00a0\u00bb, ou <a href=\"https:\/\/www.programme-tv.net\/news\/societe\/272052-si-le-ridicule-tuait-il-tuerait-plus-que-le-covid-la-violente-attaque-demmanuel-macron-contre-les-elus-dans-la-gestion-de-la-crise\/\">les \u00e9lus<\/a> qui r\u00e9clamaient en mars 2021 des mesures plus efficaces. <br>L&rsquo;histoire lui aura donn\u00e9 tort <a href=\"https:\/\/www.europe1.fr\/sante\/covid-selon-le-monde-le-gouvernement-aurait-pu-eviter-plus-de-10000-de-morts-4052835\">avec quelque 10 000 d\u00e9c\u00e8s suppl\u00e9mentaires<\/a> dus \u00e0 ces \u00ab\u00a0<strong>col\u00e8res d&rsquo;enfant<\/strong>\u00ab\u00a0. <\/p>\n\n\n\n<figure class=\"wp-block-image size-large\"><img loading=\"lazy\" decoding=\"async\" width=\"1024\" height=\"535\" data-attachment-id=\"3669\" data-permalink=\"https:\/\/www.mimiryudo.com\/blog\/2021\/09\/recadrages-secrets-qui-est-la-taupe\/capture-decran-2021-09-08-a-16-21-07\/\" data-orig-file=\"https:\/\/www.mimiryudo.com\/blog\/wp-content\/uploads\/2021\/09\/Capture-d\u2019e\u0301cran-2021-09-08-a\u0300-16.21.07.png\" data-orig-size=\"1948,1018\" data-comments-opened=\"1\" data-image-meta=\"{&quot;aperture&quot;:&quot;0&quot;,&quot;credit&quot;:&quot;&quot;,&quot;camera&quot;:&quot;&quot;,&quot;caption&quot;:&quot;&quot;,&quot;created_timestamp&quot;:&quot;0&quot;,&quot;copyright&quot;:&quot;&quot;,&quot;focal_length&quot;:&quot;0&quot;,&quot;iso&quot;:&quot;0&quot;,&quot;shutter_speed&quot;:&quot;0&quot;,&quot;title&quot;:&quot;&quot;,&quot;orientation&quot;:&quot;0&quot;}\" data-image-title=\"Capture-d\u2019e\u0301cran-2021-09-08-a\u0300-16.21.07\" data-image-description=\"\" data-image-caption=\"\" data-large-file=\"https:\/\/www.mimiryudo.com\/blog\/wp-content\/uploads\/2021\/09\/Capture-d\u2019e\u0301cran-2021-09-08-a\u0300-16.21.07-1024x535.png\" src=\"http:\/\/www.mimiryudo.com\/blog\/wp-content\/uploads\/2021\/09\/Capture-d\u2019e\u0301cran-2021-09-08-a\u0300-16.21.07-1024x535.png\" alt=\"\" class=\"wp-image-3669\" srcset=\"https:\/\/www.mimiryudo.com\/blog\/wp-content\/uploads\/2021\/09\/Capture-d\u2019e\u0301cran-2021-09-08-a\u0300-16.21.07-1024x535.png 1024w, https:\/\/www.mimiryudo.com\/blog\/wp-content\/uploads\/2021\/09\/Capture-d\u2019e\u0301cran-2021-09-08-a\u0300-16.21.07-300x157.png 300w, https:\/\/www.mimiryudo.com\/blog\/wp-content\/uploads\/2021\/09\/Capture-d\u2019e\u0301cran-2021-09-08-a\u0300-16.21.07-768x401.png 768w, https:\/\/www.mimiryudo.com\/blog\/wp-content\/uploads\/2021\/09\/Capture-d\u2019e\u0301cran-2021-09-08-a\u0300-16.21.07-1536x803.png 1536w, https:\/\/www.mimiryudo.com\/blog\/wp-content\/uploads\/2021\/09\/Capture-d\u2019e\u0301cran-2021-09-08-a\u0300-16.21.07.png 1948w\" sizes=\"auto, (max-width: 1024px) 100vw, 1024px\" \/><figcaption>\u00ab\u00a0Il a eu raison\u00a0\u00bb : bah non. Les limites de la flagornerie.<\/figcaption><\/figure>\n\n\n\n<h3 class=\"wp-block-heading\"><strong>Conclusion<\/strong><\/h3>\n\n\n\n<p>Ces recadrages publics ne m\u00e8nent jamais \u00e0 rien. En d\u00e9cembre 2020, <a href=\"https:\/\/www.midilibre.fr\/2020\/12\/02\/de-benalla-a-darmanin-macron-a-du-mal-a-couper-les-tetes-9232231.php\">le Midi Libre<\/a> s&rsquo;int\u00e9ressait aux difficult\u00e9s du Pr\u00e9sident \u00e0 se s\u00e9parer de ses proches : Richard Ferrand, G\u00e9rard Collomb, Alexandre Benalla, Alexis Kohler, G\u00e9rald Darmanin&#8230; <\/p>\n\n\n\n<p>Le 24 juillet 2018, pour d\u00e9fendre Benalla, il disait d&rsquo;ailleurs \u00ab\u00a0on ne sacrifie pas des t\u00eates de fonctionnaires, de ministres ou de collaborateurs sur l\u2019autel des \u00e9motions populaires. <strong>Le responsable, c\u2019est moi, qu\u2019ils viennent me chercher.<\/strong>\u00a0\u00bb <\/p>\n\n\n\n<p>Il est difficile d&rsquo;identifier formellement la taupe. Emmanuel Macron critiquait d&rsquo;ailleurs ouvertement ces sorties <a href=\"https:\/\/www.programme-tv.net\/news\/societe\/256580-emmanuel-macron-son-coup-de-gueule-en-plein-conseil-des-ministres-jen-ai-marre\/\">en juin 2020<\/a> : <em>\u00ab\u00a0<strong>je continue \u00e0 lire dans les gazettes ce que je pense. J&rsquo;en ai marre de ces pseudos conseillers minist\u00e9riels qui passent leur temps \u00e0 dire ce que je n&rsquo;ai pas dit<\/strong>\u00ab\u00a0.<\/em> Il l&rsquo;a bien r\u00e9p\u00e9t\u00e9 <a href=\"https:\/\/www.programme-tv.net\/news\/societe\/276022-vous-etes-ministres-pas-editorialistes-emmanuel-macron-recadre-fermement-les-membres-du-gouvernement\/\">en mai 2021<\/a> : <strong><em>\u00ab\u00a0Si certains d\u2019entre vous ont des vocations d\u2019\u00e9ditorialistes, il en faut plein dans les cha\u00eenes d\u2019info. Vous \u00eates ministres, pas \u00e9ditorialistes\u00a0\u00bb<\/em><\/strong>. Un recadrage \u00ab\u00a0fr\u00e9quent\u00a0\u00bb, raconte \u00ab\u00a0fataliste et blas\u00e9\u00a0\u00bb, un \u00ab\u00a0ministre de premier plan\u00a0\u00bb <a href=\"https:\/\/www.leparisien.fr\/politique\/moins-de-commentaires-plus-daction-macron-rappelle-ses-ministres-a-lordre-12-05-2021-J3OSV63Y5JCETG4ZD4Y2TUSGJU.php\">le jour m\u00eame au Parisien<\/a>, \u00ab\u00a0confirm\u00e9 par plusieurs des pr\u00e9sents\u00a0\u00bb&#8230; ce qui est quand m\u00eame le comble de l&rsquo;ironie.<\/p>\n\n\n\n<div class=\"wp-block-image\"><figure class=\"aligncenter size-large is-resized\"><img loading=\"lazy\" decoding=\"async\" data-attachment-id=\"3672\" data-permalink=\"https:\/\/www.mimiryudo.com\/blog\/2021\/09\/recadrages-secrets-qui-est-la-taupe\/capture-decran-2021-09-08-a-17-22-36\/\" data-orig-file=\"https:\/\/www.mimiryudo.com\/blog\/wp-content\/uploads\/2021\/09\/Capture-d\u2019e\u0301cran-2021-09-08-a\u0300-17.22.36.png\" data-orig-size=\"1296,1184\" data-comments-opened=\"1\" data-image-meta=\"{&quot;aperture&quot;:&quot;0&quot;,&quot;credit&quot;:&quot;&quot;,&quot;camera&quot;:&quot;&quot;,&quot;caption&quot;:&quot;&quot;,&quot;created_timestamp&quot;:&quot;0&quot;,&quot;copyright&quot;:&quot;&quot;,&quot;focal_length&quot;:&quot;0&quot;,&quot;iso&quot;:&quot;0&quot;,&quot;shutter_speed&quot;:&quot;0&quot;,&quot;title&quot;:&quot;&quot;,&quot;orientation&quot;:&quot;0&quot;}\" data-image-title=\"Capture-d\u2019e\u0301cran-2021-09-08-a\u0300-17.22.36\" data-image-description=\"\" data-image-caption=\"\" data-large-file=\"https:\/\/www.mimiryudo.com\/blog\/wp-content\/uploads\/2021\/09\/Capture-d\u2019e\u0301cran-2021-09-08-a\u0300-17.22.36-1024x936.png\" src=\"http:\/\/www.mimiryudo.com\/blog\/wp-content\/uploads\/2021\/09\/Capture-d\u2019e\u0301cran-2021-09-08-a\u0300-17.22.36-1024x936.png\" alt=\"\" class=\"wp-image-3672\" width=\"457\" height=\"418\" srcset=\"https:\/\/www.mimiryudo.com\/blog\/wp-content\/uploads\/2021\/09\/Capture-d\u2019e\u0301cran-2021-09-08-a\u0300-17.22.36-1024x936.png 1024w, https:\/\/www.mimiryudo.com\/blog\/wp-content\/uploads\/2021\/09\/Capture-d\u2019e\u0301cran-2021-09-08-a\u0300-17.22.36-300x274.png 300w, https:\/\/www.mimiryudo.com\/blog\/wp-content\/uploads\/2021\/09\/Capture-d\u2019e\u0301cran-2021-09-08-a\u0300-17.22.36-768x702.png 768w, https:\/\/www.mimiryudo.com\/blog\/wp-content\/uploads\/2021\/09\/Capture-d\u2019e\u0301cran-2021-09-08-a\u0300-17.22.36.png 1296w\" sizes=\"auto, (max-width: 457px) 100vw, 457px\" \/><figcaption>L&rsquo;ironie en 2 paragraphes.<\/figcaption><\/figure><\/div>\n\n\n\n<p>Il semblerait que ce soit quelqu&rsquo;un syst\u00e9matiquement pr\u00e9sent avec Emmanuel Macron, y compris dans ses appels priv\u00e9s&#8230; <\/p>\n\n\n\n<p>Oh. A moins que tout \u00e7a ne soit que de la communication politique ? Des coups d&rsquo;essais dans la presse de ce qu&rsquo;il veut dire mais pas dire ? Une fa\u00e7on d&rsquo;\u00eatre \u00ab\u00a0responsable mais pas coupable\u00a0\u00bb, histoire qu&rsquo;on ne vienne pas trop le chercher quand m\u00eame ? Je ne sais pas ce que je pr\u00e9f\u00e8re entre un Pr\u00e9sident qui ne sait pas faire respecter le secret d\u00e9fense qu&rsquo;il r\u00e9clame r\u00e9guli\u00e8rement et un Pr\u00e9sident qui manipule l&rsquo;opinion&#8230;<\/p>\n\n\n\n<p>Mais dans ce dernier cas, relayer de la compol organis\u00e9e, visant \u00e0 manipuler l&rsquo;opinion publique quant \u00e0 l&rsquo;image du Pr\u00e9sident, n&rsquo;est-ce pas un peu probl\u00e9matique ?<\/p>\n<!-- templates\/buttons-placeholder.php -->\n<div class=\"da-reactions-outer TpostID3666\">\n\t    <div class=\"da-reactions-data da-reactions-container-async center\"\n         data-type=\"post\"\n         data-id=\"3666\"\n         id=\"da-reactions-slot-post-3666\">\n        <div class=\"da-reactions-exposed\">\n\t\t\t<img src=\"https:\/\/www.mimiryudo.com\/blog\/wp-content\/plugins\/da-reactions\/assets\/dist\/loading.svg\" alt=\"Loading spinner\" width=\"64\" height=\"64\" style=\"width:64px\" \/>\n        <\/div>\n    <\/div>\n<\/div>\n","protected":false},"excerpt":{"rendered":"<p>C&rsquo;est devenu une ritournelle exasp\u00e9rante. D\u00e9sormais, quand un ministre a fait n&rsquo;importe quoi, on apprend juste apr\u00e8s que le Pr\u00e9sident l&rsquo;a \u00ab\u00a0recadr\u00e9\u00a0\u00bb lors du conseil des ministres. C&rsquo;est une sorte de marque de fabrique de la pr\u00e9sidence actuelle : les &hellip; <a href=\"https:\/\/www.mimiryudo.com\/blog\/2021\/09\/recadrages-secrets-qui-est-la-taupe\/\">Continuer la lecture <span class=\"meta-nav\">&rarr;<\/span><\/a><\/p>\n<!-- templates\/buttons-placeholder.php -->\n<div class=\"da-reactions-outer TpostID3666\">\n\t    <div class=\"da-reactions-data da-reactions-container-async center\"\n         data-type=\"post\"\n         data-id=\"3666\"\n         id=\"da-reactions-slot-post-3666\">\n        <div class=\"da-reactions-exposed\">\n\t\t\t<img src=\"https:\/\/www.mimiryudo.com\/blog\/wp-content\/plugins\/da-reactions\/assets\/dist\/loading.svg\" alt=\"Loading spinner\" width=\"64\" height=\"64\" style=\"width:64px\" \/>\n        <\/div>\n    <\/div>\n<\/div>\n","protected":false},"author":1,"featured_media":0,"comment_status":"open","ping_status":"open","sticky":false,"template":"","format":"standard","meta":{"jetpack_post_was_ever_published":false,"_jetpack_newsletter_access":"","_jetpack_dont_email_post_to_subs":false,"_jetpack_newsletter_tier_id":0,"_jetpack_memberships_contains_paywalled_content":false,"_jetpack_memberships_contains_paid_content":false,"footnotes":"","jetpack_publicize_message":"","jetpack_publicize_feature_enabled":true,"jetpack_social_post_already_shared":true,"jetpack_social_options":{"image_generator_settings":{"template":"highway","default_image_id":0,"font":"","enabled":false},"version":2}},"categories":[1],"tags":[],"class_list":["post-3666","post","type-post","status-publish","format-standard","hentry","category-non-classe"],"jetpack_publicize_connections":[],"jetpack_featured_media_url":"","jetpack_shortlink":"https:\/\/wp.me\/p33dWC-X8","jetpack_sharing_enabled":true,"jetpack-related-posts":[],"_links":{"self":[{"href":"https:\/\/www.mimiryudo.com\/blog\/wp-json\/wp\/v2\/posts\/3666","targetHints":{"allow":["GET"]}}],"collection":[{"href":"https:\/\/www.mimiryudo.com\/blog\/wp-json\/wp\/v2\/posts"}],"about":[{"href":"https:\/\/www.mimiryudo.com\/blog\/wp-json\/wp\/v2\/types\/post"}],"author":[{"embeddable":true,"href":"https:\/\/www.mimiryudo.com\/blog\/wp-json\/wp\/v2\/users\/1"}],"replies":[{"embeddable":true,"href":"https:\/\/www.mimiryudo.com\/blog\/wp-json\/wp\/v2\/comments?post=3666"}],"version-history":[{"count":3,"href":"https:\/\/www.mimiryudo.com\/blog\/wp-json\/wp\/v2\/posts\/3666\/revisions"}],"predecessor-version":[{"id":3673,"href":"https:\/\/www.mimiryudo.com\/blog\/wp-json\/wp\/v2\/posts\/3666\/revisions\/3673"}],"wp:attachment":[{"href":"https:\/\/www.mimiryudo.com\/blog\/wp-json\/wp\/v2\/media?parent=3666"}],"wp:term":[{"taxonomy":"category","embeddable":true,"href":"https:\/\/www.mimiryudo.com\/blog\/wp-json\/wp\/v2\/categories?post=3666"},{"taxonomy":"post_tag","embeddable":true,"href":"https:\/\/www.mimiryudo.com\/blog\/wp-json\/wp\/v2\/tags?post=3666"}],"curies":[{"name":"wp","href":"https:\/\/api.w.org\/{rel}","templated":true}]}}