{"id":3826,"date":"2023-02-19T23:12:34","date_gmt":"2023-02-19T21:12:34","guid":{"rendered":"https:\/\/www.mimiryudo.com\/blog\/?p=3826"},"modified":"2023-04-02T12:22:34","modified_gmt":"2023-04-02T10:22:34","slug":"thomas-fatome-et-les-assistants-medicaux-plus-menteur-tu-meurs","status":"publish","type":"post","link":"https:\/\/www.mimiryudo.com\/blog\/2023\/02\/thomas-fatome-et-les-assistants-medicaux-plus-menteur-tu-meurs\/","title":{"rendered":"Thomas Fat\u00f4me et les assistants m\u00e9dicaux : des erreurs d&rsquo;interpr\u00e9tation aux fakenews"},"content":{"rendered":"\n<p>En ce moment, je radote les m\u00eames tweets&#8230; <\/p>\n\n\n\n<p><strong>1 &#8211; Il faut <a rel=\"noreferrer noopener\" href=\"https:\/\/www.mimiryudo.com\/blog\/2023\/02\/greve-du-14-fevrier-mes-motivations\/\" data-type=\"post\" data-id=\"3822\" target=\"_blank\">supprimer du temps administratif<\/a> <\/strong><em>(lien vers le billet de blog)<\/em> <strong>aux m\u00e9decins<\/strong> <strong>et des solutions existent<\/strong>&#8230;<\/p>\n\n\n\n<figure class=\"wp-block-embed is-type-rich is-provider-twitter wp-block-embed-twitter\"><div class=\"wp-block-embed__wrapper\">\nhttps:\/\/twitter.com\/mimiryudo\/status\/1610966948015112192?s=20\n<\/div><\/figure>\n\n\n\n<figure class=\"wp-block-embed is-type-rich is-provider-twitter wp-block-embed-twitter\"><div class=\"wp-block-embed__wrapper\">\nhttps:\/\/twitter.com\/mimiryudo\/status\/1483192918634553350?s=20\n<\/div><\/figure>\n\n\n\n<p><strong>2 &#8211; pourtant, Fran\u00e7ois Braun n&rsquo;a propos\u00e9 que des <a rel=\"noreferrer noopener\" href=\"https:\/\/www.mimiryudo.com\/blog\/2023\/02\/les-pseudo-mesures-de-pseudo-simplification-par-le-ministre\/\" data-type=\"post\" data-id=\"3815\" target=\"_blank\">pseudo-mesures ridicules<\/a><\/strong> <em>(lien vers le billet de blog)<\/em><strong>, qui ne feront pas gagner de temps et qui ne sont que de la communication&#8230; <\/strong><\/p>\n\n\n\n<figure class=\"wp-block-embed is-type-rich is-provider-twitter wp-block-embed-twitter\"><div class=\"wp-block-embed__wrapper\">\nhttps:\/\/twitter.com\/mimiryudo\/status\/1623416367138455552?s=20\n<\/div><\/figure>\n\n\n\n<p><strong>3 &#8211; Parmi les t\u00e2ches, nous devons (via les CPTS) nous d\u00e9clarer m\u00e9decin traitant \u00e0 tous, surtout les <a href=\"https:\/\/www.mimiryudo.com\/blog\/2023\/01\/est-ce-que-les-medecins-laissent-600-000-patients-en-ald-sans-suivi\/\" data-type=\"post\" data-id=\"3774\">fameux 600 000 patients en ALD pr\u00e9tendument sans m\u00e9decin traitant<\/a><\/strong> (d&rsquo;apr\u00e8s des donn\u00e9es nazes de juin 2021, dont on ignore si les patients ne sont pas d\u00e9j\u00e0 suivis avec oubli de d\u00e9claration, ou en EHPAD suivi au quotidien par des \u00e9quipes soignantes, ou juste avec un m\u00e9decin retrait\u00e9 depuis 1-2 mois&#8230;). <strong>Nous devons donc perdre notre temps pour r\u00e9parer les donn\u00e9es nazes de l&rsquo;Assurance Maladie.<\/strong><\/p>\n\n\n\n<figure class=\"wp-block-embed is-type-rich is-provider-twitter wp-block-embed-twitter\"><div class=\"wp-block-embed__wrapper\">\nhttps:\/\/twitter.com\/mimiryudo\/status\/1619330823773368320?s=20\n<\/div><\/figure>\n\n\n\n<p><strong>4 &#8211; Bref : nous avons toujours la m\u00eame charge administrative, mais en plus nous devons r\u00e9parer les donn\u00e9es foireuses de l&rsquo;Assurance Maladie. <\/strong><br><strong>En face, leur seule proposition, l&rsquo;Assurance Maladie ne propose rien d&rsquo;autre que prendre des assistants m\u00e9dicaux&#8230;<\/strong><\/p>\n\n\n\n<figure class=\"wp-block-embed is-type-rich is-provider-twitter wp-block-embed-twitter\"><div class=\"wp-block-embed__wrapper\">\nhttps:\/\/twitter.com\/mimiryudo\/status\/1624906618801364995?s=20\n<\/div><\/figure>\n\n\n\n<p>C&rsquo;est ce dernier fil que je vais d\u00e9tailler ici (les autres ont d\u00e9j\u00e0 leurs billets, ce sont les liens dans les titres).<\/p>\n\n\n\n<h2 class=\"wp-block-heading\">Mes 3 sources<\/h2>\n\n\n\n<p>Les assistants m\u00e9dicaux ont fait l&rsquo;objet de rapports de l&rsquo;Assurance Maladie en juin et octobre 2022. Ils sont accessibles sur Egora ou sur Le Quotidien du m\u00e9decin : <\/p>\n\n\n\n<ul class=\"wp-block-list\">\n<li><a href=\"https:\/\/www.egora.fr\/actus-pro\/conditions-d-exercice\/74679-plus-de-patients-grace-aux-assistants-medicaux-la-secu-devoile\">Egora juin 2022<\/a> : \u00ab\u00a0Plus de patients gr\u00e2ce aux assistants m\u00e9dicaux : la S\u00e9cu d\u00e9voile les premiers r\u00e9sultats\u00a0\u00bb<\/li>\n\n\n\n<li><a href=\"https:\/\/www.lequotidiendumedecin.fr\/liberal\/exercice\/assistants-medicaux-ca-decolle-3-112-contrats-signes-un-demi-million-de-patients-ont-trouve-un\">Le Quotidien du m\u00e9decin juin 2022<\/a> : \u00ab\u00a0Assistants m\u00e9dicaux, \u00e7a d\u00e9colle&nbsp;: 3&nbsp;112 contrats sign\u00e9s, un demi-million de patients ont trouv\u00e9 un m\u00e9decin traitant\u00a0\u00bb<\/li>\n\n\n\n<li><a href=\"https:\/\/www.egora.fr\/actus-pro\/conditions-d-exercice\/76766-assistants-medicaux-jusqu-a-dix-jours-de-travail-gagnes-pour\">Egora octobre 2022<\/a> : \u00ab\u00a0Assistants m\u00e9dicaux : jusqu&rsquo;\u00e0 dix jours de travail gagn\u00e9s pour les m\u00e9decins\u00a0\u00bb<\/li>\n<\/ul>\n\n\n\n<p><strong>Les titres sont amusants : on voit bien ce sur quoi l&rsquo;Assurance Maladie a ax\u00e9 sa communication malhonn\u00eate face aux journalistes pr\u00e9sents. <\/strong>Je vous en propose une lecture critique. <\/p>\n\n\n\n<h2 class=\"wp-block-heading\">Primo, la S\u00e9cu ment si elle pr\u00e9tend qu&rsquo;un demi-million d&rsquo;assur\u00e9s ont trouv\u00e9 un assistant \u00ab\u00a0gr\u00e2ce\u00a0\u00bb aux assistants m\u00e9dicaux<\/h2>\n\n\n\n<p>Voil\u00e0 ce qu&rsquo;on apprend dans ces articles : <\/p>\n\n\n\n<ul class=\"wp-block-list\">\n<li>2439 contrats sign\u00e9s par des MG en juin 2022 <\/li>\n\n\n\n<li>dont 1937 par des \u00ab\u00a0vieux install\u00e9s\u00a0\u00bb et <strong>502 par des MG \u00ab\u00a0nouveaux install\u00e9s\u00a0\u00bb (21 %)<\/strong> <\/li>\n\n\n\n<li>au total, ils suivaient 2 349 681 patients avant et <strong>511 930 en plus apr\u00e8s (soit 18 %)<\/strong>.<\/li>\n<\/ul>\n\n\n\n<figure class=\"wp-block-image size-large\"><a href=\"https:\/\/www.mimiryudo.com\/blog\/wp-content\/uploads\/2023\/02\/image-2.png\"><img loading=\"lazy\" decoding=\"async\" width=\"1024\" height=\"753\" data-attachment-id=\"3831\" data-permalink=\"https:\/\/www.mimiryudo.com\/blog\/2023\/02\/thomas-fatome-et-les-assistants-medicaux-plus-menteur-tu-meurs\/image-2-4\/\" data-orig-file=\"https:\/\/www.mimiryudo.com\/blog\/wp-content\/uploads\/2023\/02\/image-2.png\" data-orig-size=\"1534,1128\" data-comments-opened=\"1\" data-image-meta=\"{&quot;aperture&quot;:&quot;0&quot;,&quot;credit&quot;:&quot;&quot;,&quot;camera&quot;:&quot;&quot;,&quot;caption&quot;:&quot;&quot;,&quot;created_timestamp&quot;:&quot;0&quot;,&quot;copyright&quot;:&quot;&quot;,&quot;focal_length&quot;:&quot;0&quot;,&quot;iso&quot;:&quot;0&quot;,&quot;shutter_speed&quot;:&quot;0&quot;,&quot;title&quot;:&quot;&quot;,&quot;orientation&quot;:&quot;0&quot;}\" data-image-title=\"image-2\" data-image-description=\"\" data-image-caption=\"\" data-large-file=\"https:\/\/www.mimiryudo.com\/blog\/wp-content\/uploads\/2023\/02\/image-2-1024x753.png\" src=\"https:\/\/www.mimiryudo.com\/blog\/wp-content\/uploads\/2023\/02\/image-2-1024x753.png\" alt=\"\" class=\"wp-image-3831\" srcset=\"https:\/\/www.mimiryudo.com\/blog\/wp-content\/uploads\/2023\/02\/image-2-1024x753.png 1024w, https:\/\/www.mimiryudo.com\/blog\/wp-content\/uploads\/2023\/02\/image-2-300x221.png 300w, https:\/\/www.mimiryudo.com\/blog\/wp-content\/uploads\/2023\/02\/image-2-768x565.png 768w, https:\/\/www.mimiryudo.com\/blog\/wp-content\/uploads\/2023\/02\/image-2.png 1534w\" sizes=\"auto, (max-width: 1024px) 100vw, 1024px\" \/><\/a><\/figure>\n\n\n\n<figure class=\"wp-block-image size-large\"><a href=\"https:\/\/www.mimiryudo.com\/blog\/wp-content\/uploads\/2023\/02\/image-3.png\"><img loading=\"lazy\" decoding=\"async\" width=\"1024\" height=\"795\" data-attachment-id=\"3832\" data-permalink=\"https:\/\/www.mimiryudo.com\/blog\/2023\/02\/thomas-fatome-et-les-assistants-medicaux-plus-menteur-tu-meurs\/image-3-3\/\" data-orig-file=\"https:\/\/www.mimiryudo.com\/blog\/wp-content\/uploads\/2023\/02\/image-3.png\" data-orig-size=\"1296,1006\" data-comments-opened=\"1\" data-image-meta=\"{&quot;aperture&quot;:&quot;0&quot;,&quot;credit&quot;:&quot;&quot;,&quot;camera&quot;:&quot;&quot;,&quot;caption&quot;:&quot;&quot;,&quot;created_timestamp&quot;:&quot;0&quot;,&quot;copyright&quot;:&quot;&quot;,&quot;focal_length&quot;:&quot;0&quot;,&quot;iso&quot;:&quot;0&quot;,&quot;shutter_speed&quot;:&quot;0&quot;,&quot;title&quot;:&quot;&quot;,&quot;orientation&quot;:&quot;0&quot;}\" data-image-title=\"image-3\" data-image-description=\"\" data-image-caption=\"\" data-large-file=\"https:\/\/www.mimiryudo.com\/blog\/wp-content\/uploads\/2023\/02\/image-3-1024x795.png\" src=\"https:\/\/www.mimiryudo.com\/blog\/wp-content\/uploads\/2023\/02\/image-3-1024x795.png\" alt=\"\" class=\"wp-image-3832\" srcset=\"https:\/\/www.mimiryudo.com\/blog\/wp-content\/uploads\/2023\/02\/image-3-1024x795.png 1024w, https:\/\/www.mimiryudo.com\/blog\/wp-content\/uploads\/2023\/02\/image-3-300x233.png 300w, https:\/\/www.mimiryudo.com\/blog\/wp-content\/uploads\/2023\/02\/image-3-768x596.png 768w, https:\/\/www.mimiryudo.com\/blog\/wp-content\/uploads\/2023\/02\/image-3.png 1296w\" sizes=\"auto, (max-width: 1024px) 100vw, 1024px\" \/><\/a><\/figure>\n\n\n\n<figure class=\"wp-block-image size-full\"><a href=\"https:\/\/www.mimiryudo.com\/blog\/wp-content\/uploads\/2023\/02\/image-4.png\"><img loading=\"lazy\" decoding=\"async\" width=\"720\" height=\"403\" data-attachment-id=\"3833\" data-permalink=\"https:\/\/www.mimiryudo.com\/blog\/2023\/02\/thomas-fatome-et-les-assistants-medicaux-plus-menteur-tu-meurs\/image-4-3\/\" data-orig-file=\"https:\/\/www.mimiryudo.com\/blog\/wp-content\/uploads\/2023\/02\/image-4.png\" data-orig-size=\"720,403\" data-comments-opened=\"1\" data-image-meta=\"{&quot;aperture&quot;:&quot;0&quot;,&quot;credit&quot;:&quot;&quot;,&quot;camera&quot;:&quot;&quot;,&quot;caption&quot;:&quot;&quot;,&quot;created_timestamp&quot;:&quot;0&quot;,&quot;copyright&quot;:&quot;&quot;,&quot;focal_length&quot;:&quot;0&quot;,&quot;iso&quot;:&quot;0&quot;,&quot;shutter_speed&quot;:&quot;0&quot;,&quot;title&quot;:&quot;&quot;,&quot;orientation&quot;:&quot;0&quot;}\" data-image-title=\"image-4\" data-image-description=\"\" data-image-caption=\"\" data-large-file=\"https:\/\/www.mimiryudo.com\/blog\/wp-content\/uploads\/2023\/02\/image-4.png\" src=\"https:\/\/www.mimiryudo.com\/blog\/wp-content\/uploads\/2023\/02\/image-4.png\" alt=\"\" class=\"wp-image-3833\" srcset=\"https:\/\/www.mimiryudo.com\/blog\/wp-content\/uploads\/2023\/02\/image-4.png 720w, https:\/\/www.mimiryudo.com\/blog\/wp-content\/uploads\/2023\/02\/image-4-300x168.png 300w\" sizes=\"auto, (max-width: 720px) 100vw, 720px\" \/><\/a><\/figure>\n\n\n\n<p class=\"has-vivid-purple-color has-text-color\"><strong>Premi\u00e8re conclusion : en augmentant de 21 % les install\u00e9s, on augmente de 18 % les patients suivis ! Le titre \u00ab\u00a0assistants m\u00e9dicaux : 1\/2 million de patients ont trouv\u00e9 un m\u00e9decin traitant\u00a0\u00bb est donc trompeur.<\/strong><\/p>\n\n\n\n<p>Et donc \u00e7a, les g\u00e9nies l&rsquo;Assurance Maladie disent que c&rsquo;est gr\u00e2ce aux assistants. BAH NON C&rsquo;EST GR\u00c2CE AU FAIT QUE VOUS ANALYSEZ DES NOUVEAUX INSTALL\u00c9S ! <\/p>\n\n\n\n<p>Ces donn\u00e9es auraient d\u00fb \u00eatre pr\u00e9sent\u00e9es avec ces gros drapeaux rouges qu&rsquo;ils ne veulent rien dire. La CNAM a quand m\u00eame analys\u00e9 <strong>un sous-groupe d&rsquo;install\u00e9s avant 2016 (pour analyse en 2019, donc install\u00e9s depuis 3 ans ou plus), et l\u00e0 il n&rsquo;y avait plus que 305 m\u00e9decins<\/strong>&#8230; Ca confirme bien que les chiffres pr\u00e9c\u00e9dents sont juste inutilisables (li\u00e9s au fait qu&rsquo;un MG n\u00e9o-install\u00e9 augmente sa patient\u00e8le, bravo les artistes).<\/p>\n\n\n\n<p>Notons enfin qu&rsquo;un(e) assistant(e) m\u00e9dical(e) peut faire la t\u00e2che&#8230; administrative de v\u00e9rifier les d\u00e9clarations m\u00e9decin traitant et rattraper les oublis. <\/p>\n\n\n\n<h2 class=\"wp-block-heading\">Deuxio, la file active des MG les plus motiv\u00e9s augmente pendant que la d\u00e9mographie m\u00e9dicale diminue<\/h2>\n\n\n\n<p>Et l\u00e0 donc sur 305 m\u00e9decins : <strong>+ 5,3% de file active entre juin 2019 et d\u00e9cembre 2021&#8230; sans comparaison avec un groupe sans assistant <\/strong>! <\/p>\n\n\n\n<p>Sachant qu&rsquo;<a href=\"https:\/\/drees.shinyapps.io\/demographie-ps\/\">entre 2019 (58 748 MG lib\u00e9raux en exercice) et 2022 (57 033)<\/a>,<strong> on a perdu 3 % des MG<\/strong>&#8230; et oui, on voit les patients des MG retrait\u00e9s, quelle surprise ! D&rsquo;ailleurs, \u00ab\u00a0<strong>entre 2017 et 2019, la file active des MG a progress\u00e9 de 2,6 %<\/strong>\u00a0\u00bb par \u00e9volution de la d\u00e9mographie m\u00e9dicale, dixit la CNAM <a href=\"https:\/\/assurance-maladie.ameli.fr\/sites\/default\/files\/2022-04_organisation-territoriale-reforme-financement-soins_extrait-charges-et-produits_assurance-maladie.pdf\">dans un autre document d&rsquo;avril 2022<\/a>. Une information qu&rsquo;ils ont d\u00fb oublier de pr\u00e9senter en juin 2022&#8230; <\/p>\n\n\n\n<figure class=\"wp-block-image size-large\"><a href=\"https:\/\/www.mimiryudo.com\/blog\/wp-content\/uploads\/2023\/02\/image-5.png\"><img loading=\"lazy\" decoding=\"async\" width=\"1024\" height=\"289\" data-attachment-id=\"3834\" data-permalink=\"https:\/\/www.mimiryudo.com\/blog\/2023\/02\/thomas-fatome-et-les-assistants-medicaux-plus-menteur-tu-meurs\/image-5-3\/\" data-orig-file=\"https:\/\/www.mimiryudo.com\/blog\/wp-content\/uploads\/2023\/02\/image-5.png\" data-orig-size=\"1454,410\" data-comments-opened=\"1\" data-image-meta=\"{&quot;aperture&quot;:&quot;0&quot;,&quot;credit&quot;:&quot;&quot;,&quot;camera&quot;:&quot;&quot;,&quot;caption&quot;:&quot;&quot;,&quot;created_timestamp&quot;:&quot;0&quot;,&quot;copyright&quot;:&quot;&quot;,&quot;focal_length&quot;:&quot;0&quot;,&quot;iso&quot;:&quot;0&quot;,&quot;shutter_speed&quot;:&quot;0&quot;,&quot;title&quot;:&quot;&quot;,&quot;orientation&quot;:&quot;0&quot;}\" data-image-title=\"image-5\" data-image-description=\"\" data-image-caption=\"\" data-large-file=\"https:\/\/www.mimiryudo.com\/blog\/wp-content\/uploads\/2023\/02\/image-5-1024x289.png\" src=\"https:\/\/www.mimiryudo.com\/blog\/wp-content\/uploads\/2023\/02\/image-5-1024x289.png\" alt=\"\" class=\"wp-image-3834\" srcset=\"https:\/\/www.mimiryudo.com\/blog\/wp-content\/uploads\/2023\/02\/image-5-1024x289.png 1024w, https:\/\/www.mimiryudo.com\/blog\/wp-content\/uploads\/2023\/02\/image-5-300x85.png 300w, https:\/\/www.mimiryudo.com\/blog\/wp-content\/uploads\/2023\/02\/image-5-768x217.png 768w, https:\/\/www.mimiryudo.com\/blog\/wp-content\/uploads\/2023\/02\/image-5.png 1454w\" sizes=\"auto, (max-width: 1024px) 100vw, 1024px\" \/><\/a><\/figure>\n\n\n\n<p>N\u00e9anmoins, 5,3 % de file active en plus, c&rsquo;est mieux que 2,6 %&#8230; sauf que : <\/p>\n\n\n\n<ul class=\"wp-block-list\">\n<li>le sous-groupe comprend des gens install\u00e9s en 2016 ou 2015 pour une analyse en 2019&#8230; potentiellement, il s&rsquo;agit d&rsquo;une augmentation \u00ab\u00a0naturellement\u00a0\u00bb \u00e9lev\u00e9e (c&rsquo;est un peu mon cas d&rsquo;ailleurs, install\u00e9 fin 2014 ; en 2019, j&rsquo;ai vu 4750 patients contre 4518 en 2018, soit +5,1 % sans assistant !) (Je serais donc curieux de voir ce qu&rsquo;il se passe quand on d\u00e9place un peu le curseur, en ne choisissant pas un seuil \u00e0 2016 mais \u00e0 2015 ou 2014&#8230; <strong>avant de vouloir imposer dans la convention des assistants pour tous, \u00e7a serait bien d&rsquo;avoir des donn\u00e9es ouvertes non ?<\/strong>)<\/li>\n\n\n\n<li>nous sommes dans un groupe \u00ab\u00a0MG avec assistant m\u00e9dical\u00a0\u00bb DONC s&rsquo;\u00e9tant engag\u00e9 \u00e0 augmenter sa file active. Un MG qui va r\u00e9duire pour x raisons (familiales notamment) ne va pas s&rsquo;amuser \u00e0 prendre un assistant m\u00e9dical. <\/li>\n\n\n\n<li>il est probable que les MG avec assistant m\u00e9dical soient plus souvent en MSP (o\u00f9 il y a plus d&rsquo;int\u00e9r\u00eat \u00e0 avoir un assistant m\u00e9dical) et donc une file active volontiers plus importante (parce qu&rsquo;ils voient les patients des coll\u00e8gues de la m\u00eame maison, avec secr\u00e9tariat partag\u00e9). Ca pose d&rsquo;ailleurs la question : est-ce une am\u00e9lioration de la qualit\u00e9 ou l&rsquo;acc\u00e8s des soins d&rsquo;avoir une grosse file active ? <\/li>\n<\/ul>\n\n\n\n<p class=\"has-vivid-purple-color has-text-color\"><strong>Deuxi\u00e8me conclusion : est-ce que l&#8217;embauche d&rsquo;un assistant m\u00e9dical permet d&rsquo;augmenter la file active ? Au maximum de 3 % par rapport \u00e0 l&rsquo;\u00e9volution naturelle MAIS tr\u00e8s probablement juste biais\u00e9 par le fait qu&rsquo;on ait s\u00e9lectionn\u00e9 des MG souhaitant augmenter leur file active.<\/strong><\/p>\n\n\n\n<p>Au passage, voici la r\u00e9ponse de Thomas Fatome <a href=\"https:\/\/www.lequotidiendumedecin.fr\/live-chat\/thomas-fatome-cnam-donner-envie-aux-jeunes-medecins-de-sinstaller-en-liberal-cest-possible\">lors d&rsquo;un tchat organis\u00e9 par le Quotidien du M\u00e9decin en d\u00e9cembre 2022<\/a>. Quels chiffres pr\u00e9sentent-ils \u00e0 votre avis ? Oui, les premiers chiffres sur l&rsquo;ensemble des contrats, compl\u00e8tement bidons puisqu&rsquo;ils ont int\u00e9gr\u00e9 23 % de leur effectif qui concernent des m\u00e9decins qui venaient de s&rsquo;installer et qui \u00ab\u00a0gr\u00e2ce \u00e0 l&rsquo;assistant m\u00e9dical\u00a0\u00bb ont augment\u00e9 depuis 0 patient, de fa\u00e7on totalement inattendue (soit ce sont des politiciens malhonn\u00eates, soit ce sont des clowns &#8211; options non mutuellement exclusives, bien s\u00fbr).<\/p>\n\n\n\n<figure class=\"wp-block-image size-large\"><a href=\"https:\/\/www.mimiryudo.com\/blog\/wp-content\/uploads\/2023\/02\/Capture-decran-2023-02-19-a-18.20.25.png\"><img loading=\"lazy\" decoding=\"async\" width=\"1024\" height=\"250\" data-attachment-id=\"3837\" data-permalink=\"https:\/\/www.mimiryudo.com\/blog\/2023\/02\/thomas-fatome-et-les-assistants-medicaux-plus-menteur-tu-meurs\/capture-decran-2023-02-19-a-18-20-25\/\" data-orig-file=\"https:\/\/www.mimiryudo.com\/blog\/wp-content\/uploads\/2023\/02\/Capture-decran-2023-02-19-a-18.20.25.png\" data-orig-size=\"1420,346\" data-comments-opened=\"1\" data-image-meta=\"{&quot;aperture&quot;:&quot;0&quot;,&quot;credit&quot;:&quot;&quot;,&quot;camera&quot;:&quot;&quot;,&quot;caption&quot;:&quot;&quot;,&quot;created_timestamp&quot;:&quot;0&quot;,&quot;copyright&quot;:&quot;&quot;,&quot;focal_length&quot;:&quot;0&quot;,&quot;iso&quot;:&quot;0&quot;,&quot;shutter_speed&quot;:&quot;0&quot;,&quot;title&quot;:&quot;&quot;,&quot;orientation&quot;:&quot;0&quot;}\" data-image-title=\"Capture-decran-2023-02-19-a-18.20.25\" data-image-description=\"\" data-image-caption=\"\" data-large-file=\"https:\/\/www.mimiryudo.com\/blog\/wp-content\/uploads\/2023\/02\/Capture-decran-2023-02-19-a-18.20.25-1024x250.png\" src=\"https:\/\/www.mimiryudo.com\/blog\/wp-content\/uploads\/2023\/02\/Capture-decran-2023-02-19-a-18.20.25-1024x250.png\" alt=\"\" class=\"wp-image-3837\" srcset=\"https:\/\/www.mimiryudo.com\/blog\/wp-content\/uploads\/2023\/02\/Capture-decran-2023-02-19-a-18.20.25-1024x250.png 1024w, https:\/\/www.mimiryudo.com\/blog\/wp-content\/uploads\/2023\/02\/Capture-decran-2023-02-19-a-18.20.25-300x73.png 300w, https:\/\/www.mimiryudo.com\/blog\/wp-content\/uploads\/2023\/02\/Capture-decran-2023-02-19-a-18.20.25-768x187.png 768w, https:\/\/www.mimiryudo.com\/blog\/wp-content\/uploads\/2023\/02\/Capture-decran-2023-02-19-a-18.20.25.png 1420w\" sizes=\"auto, (max-width: 1024px) 100vw, 1024px\" \/><\/a><\/figure>\n\n\n\n<h2 class=\"wp-block-heading\">Tertio, l&rsquo;assistant m\u00e9dical qui s&rsquo;auto-finance est un mythe et l&rsquo;Assurance Maladie ne peut pas l&rsquo;ignorer.<\/h2>\n\n\n\n<p>Aujourd&rsquo;hui les assistants m\u00e9dicaux sont financ\u00e9s par <a href=\"https:\/\/twitter.com\/Assur_Maladie\">@Assur_Maladie<\/a> pour l&rsquo;instant, mais le projet \u00e9tait (est encore ?) qu&rsquo;ils \u00ab\u00a0s&rsquo;auto-financent\u00a0\u00bb gr\u00e2ce au fait que le MG travaille davantage&#8230; (c&rsquo;est pour \u00e7a que c&rsquo;est une contrepartie \u00e0 l&rsquo;accueil d&rsquo;un assistant). <\/p>\n\n\n\n<p>En gardant un optimiste +3% de file active (de 1700),<strong> \u00e7a fait 51 patients vus sur l&rsquo;ann\u00e9e, soit 4 par mois. <\/strong>Admettons que ces patients soient vus 3 fois chacun dans l&rsquo;ann\u00e9e, \u00e7a ferait 12 par mois. <\/p>\n\n\n\n<figure class=\"wp-block-image size-large\"><a href=\"https:\/\/www.mimiryudo.com\/blog\/wp-content\/uploads\/2023\/02\/image-6.png\"><img loading=\"lazy\" decoding=\"async\" width=\"1024\" height=\"209\" data-attachment-id=\"3835\" data-permalink=\"https:\/\/www.mimiryudo.com\/blog\/2023\/02\/thomas-fatome-et-les-assistants-medicaux-plus-menteur-tu-meurs\/image-6-3\/\" data-orig-file=\"https:\/\/www.mimiryudo.com\/blog\/wp-content\/uploads\/2023\/02\/image-6.png\" data-orig-size=\"1460,298\" data-comments-opened=\"1\" data-image-meta=\"{&quot;aperture&quot;:&quot;0&quot;,&quot;credit&quot;:&quot;&quot;,&quot;camera&quot;:&quot;&quot;,&quot;caption&quot;:&quot;&quot;,&quot;created_timestamp&quot;:&quot;0&quot;,&quot;copyright&quot;:&quot;&quot;,&quot;focal_length&quot;:&quot;0&quot;,&quot;iso&quot;:&quot;0&quot;,&quot;shutter_speed&quot;:&quot;0&quot;,&quot;title&quot;:&quot;&quot;,&quot;orientation&quot;:&quot;0&quot;}\" data-image-title=\"image-6\" data-image-description=\"\" data-image-caption=\"\" data-large-file=\"https:\/\/www.mimiryudo.com\/blog\/wp-content\/uploads\/2023\/02\/image-6-1024x209.png\" src=\"https:\/\/www.mimiryudo.com\/blog\/wp-content\/uploads\/2023\/02\/image-6-1024x209.png\" alt=\"\" class=\"wp-image-3835\" srcset=\"https:\/\/www.mimiryudo.com\/blog\/wp-content\/uploads\/2023\/02\/image-6-1024x209.png 1024w, https:\/\/www.mimiryudo.com\/blog\/wp-content\/uploads\/2023\/02\/image-6-300x61.png 300w, https:\/\/www.mimiryudo.com\/blog\/wp-content\/uploads\/2023\/02\/image-6-768x157.png 768w, https:\/\/www.mimiryudo.com\/blog\/wp-content\/uploads\/2023\/02\/image-6.png 1460w\" sizes=\"auto, (max-width: 1024px) 100vw, 1024px\" \/><\/a><\/figure>\n\n\n\n<p class=\"has-vivid-purple-color has-text-color\"><strong>On nous propose d&#8217;embaucher un assistant \u00e0 mi-temps, qui permettent de voir au mieux 12 patients suppl\u00e9mentaires par mois \u00e0 25\u20ac&nbsp;brut pour le financer&#8230; 400\u20ac de recettes (200\u20ac&nbsp;de b\u00e9n\u00e9fice donc \u00e0 la louche) contre l&#8217;embauche d&rsquo;un assistant \u00e0 temps plein. LES CALCULS SONT PAS BONS KEVIN !<\/strong><\/p>\n\n\n\n<p>C&rsquo;est sans doute pour \u00e7a que maintenant, les aides pour l&#8217;emploi d&rsquo;un assistant m\u00e9dical sont \u00ab\u00a0p\u00e9rennes : pour \u00eatre plus pr\u00e9cis, elles sont major\u00e9es&nbsp;pendant les trois premi\u00e8res ann\u00e9es puis s&rsquo;ajustent mais continuent d&rsquo;\u00eatre vers\u00e9es au&nbsp;m\u00e9decin&nbsp;<strong>d\u00e8s lors que les objectifs en termes de file active et de patient\u00e8le m\u00e9decin traitant sont respect\u00e9s<\/strong>\u00a0\u00bb (<a href=\"https:\/\/www.lequotidiendumedecin.fr\/live-chat\/thomas-fatome-cnam-donner-envie-aux-jeunes-medecins-de-sinstaller-en-liberal-cest-possible\">toujours Thomas Fat\u00f4me dans le tchat<\/a> de d\u00e9cembre 2022).<\/p>\n\n\n\n<figure class=\"wp-block-image size-large\"><a href=\"https:\/\/www.mimiryudo.com\/blog\/wp-content\/uploads\/2023\/02\/Capture-decran-2023-02-19-a-20.22.50.png\"><img loading=\"lazy\" decoding=\"async\" width=\"1024\" height=\"351\" data-attachment-id=\"3838\" data-permalink=\"https:\/\/www.mimiryudo.com\/blog\/2023\/02\/thomas-fatome-et-les-assistants-medicaux-plus-menteur-tu-meurs\/capture-decran-2023-02-19-a-20-22-50\/\" data-orig-file=\"https:\/\/www.mimiryudo.com\/blog\/wp-content\/uploads\/2023\/02\/Capture-decran-2023-02-19-a-20.22.50.png\" data-orig-size=\"1422,488\" data-comments-opened=\"1\" data-image-meta=\"{&quot;aperture&quot;:&quot;0&quot;,&quot;credit&quot;:&quot;&quot;,&quot;camera&quot;:&quot;&quot;,&quot;caption&quot;:&quot;&quot;,&quot;created_timestamp&quot;:&quot;0&quot;,&quot;copyright&quot;:&quot;&quot;,&quot;focal_length&quot;:&quot;0&quot;,&quot;iso&quot;:&quot;0&quot;,&quot;shutter_speed&quot;:&quot;0&quot;,&quot;title&quot;:&quot;&quot;,&quot;orientation&quot;:&quot;0&quot;}\" data-image-title=\"Capture-decran-2023-02-19-a-20.22.50\" data-image-description=\"\" data-image-caption=\"\" data-large-file=\"https:\/\/www.mimiryudo.com\/blog\/wp-content\/uploads\/2023\/02\/Capture-decran-2023-02-19-a-20.22.50-1024x351.png\" src=\"https:\/\/www.mimiryudo.com\/blog\/wp-content\/uploads\/2023\/02\/Capture-decran-2023-02-19-a-20.22.50-1024x351.png\" alt=\"\" class=\"wp-image-3838\" srcset=\"https:\/\/www.mimiryudo.com\/blog\/wp-content\/uploads\/2023\/02\/Capture-decran-2023-02-19-a-20.22.50-1024x351.png 1024w, https:\/\/www.mimiryudo.com\/blog\/wp-content\/uploads\/2023\/02\/Capture-decran-2023-02-19-a-20.22.50-300x103.png 300w, https:\/\/www.mimiryudo.com\/blog\/wp-content\/uploads\/2023\/02\/Capture-decran-2023-02-19-a-20.22.50-768x264.png 768w, https:\/\/www.mimiryudo.com\/blog\/wp-content\/uploads\/2023\/02\/Capture-decran-2023-02-19-a-20.22.50.png 1422w\" sizes=\"auto, (max-width: 1024px) 100vw, 1024px\" \/><\/a><figcaption class=\"wp-element-caption\">P\u00e9renne D\u00c8S LORS QUE LES OBJECTIFS&#8230; Tout \u00e0 fait rassurant. <\/figcaption><\/figure>\n\n\n\n<p>En pratique, \u00ab\u00a0pour \u00eatre plus pr\u00e9cis\u00a0\u00bb comme dirait le Directeur G\u00e9n\u00e9rale de la CNAM, <a href=\"https:\/\/www.ameli.fr\/medecin\/exercice-liberal\/vie-cabinet\/aides-financieres\/aide-embauche-assistants-medicaux\">voici le tableau d&rsquo;Ameli<\/a>. Le \u00ab\u00a0reste \u00e0 charge\u00a0\u00bb pour le MG employant un assistant \u00e0 mi-temps est de 7 500\u20ac par an&#8230; il faut donc voir 300 patients \u00e0 25\u20ac&nbsp;en plus chaque ann\u00e9e (en recettes brutes pour compenser les d\u00e9penses brutes qui sont \u00e9videmment d\u00e9ductibles). Avec une augmentation de file active de 51 patients par an, \u00e7a implique donc soit de voir plus fr\u00e9quemment nos patients habituels (&#8230; un bon moyen de transformer la m\u00e9decine en commerce), soit de voir 6 fois chacun nouveau patient qui se pr\u00e9sente ponctuellement \u00e0 nous. <\/p>\n\n\n\n<figure class=\"wp-block-image size-large\"><a href=\"https:\/\/www.mimiryudo.com\/blog\/wp-content\/uploads\/2023\/02\/Capture-decran-2023-02-19-a-21.38.00.png\"><img loading=\"lazy\" decoding=\"async\" width=\"1024\" height=\"702\" data-attachment-id=\"3846\" data-permalink=\"https:\/\/www.mimiryudo.com\/blog\/2023\/02\/thomas-fatome-et-les-assistants-medicaux-plus-menteur-tu-meurs\/capture-decran-2023-02-19-a-21-38-00\/\" data-orig-file=\"https:\/\/www.mimiryudo.com\/blog\/wp-content\/uploads\/2023\/02\/Capture-decran-2023-02-19-a-21.38.00.png\" data-orig-size=\"1210,830\" data-comments-opened=\"1\" data-image-meta=\"{&quot;aperture&quot;:&quot;0&quot;,&quot;credit&quot;:&quot;&quot;,&quot;camera&quot;:&quot;&quot;,&quot;caption&quot;:&quot;&quot;,&quot;created_timestamp&quot;:&quot;0&quot;,&quot;copyright&quot;:&quot;&quot;,&quot;focal_length&quot;:&quot;0&quot;,&quot;iso&quot;:&quot;0&quot;,&quot;shutter_speed&quot;:&quot;0&quot;,&quot;title&quot;:&quot;&quot;,&quot;orientation&quot;:&quot;0&quot;}\" data-image-title=\"Capture-decran-2023-02-19-a-21.38.00\" data-image-description=\"\" data-image-caption=\"\" data-large-file=\"https:\/\/www.mimiryudo.com\/blog\/wp-content\/uploads\/2023\/02\/Capture-decran-2023-02-19-a-21.38.00-1024x702.png\" src=\"https:\/\/www.mimiryudo.com\/blog\/wp-content\/uploads\/2023\/02\/Capture-decran-2023-02-19-a-21.38.00-1024x702.png\" alt=\"\" class=\"wp-image-3846\" srcset=\"https:\/\/www.mimiryudo.com\/blog\/wp-content\/uploads\/2023\/02\/Capture-decran-2023-02-19-a-21.38.00-1024x702.png 1024w, https:\/\/www.mimiryudo.com\/blog\/wp-content\/uploads\/2023\/02\/Capture-decran-2023-02-19-a-21.38.00-300x206.png 300w, https:\/\/www.mimiryudo.com\/blog\/wp-content\/uploads\/2023\/02\/Capture-decran-2023-02-19-a-21.38.00-768x527.png 768w, https:\/\/www.mimiryudo.com\/blog\/wp-content\/uploads\/2023\/02\/Capture-decran-2023-02-19-a-21.38.00.png 1210w\" sizes=\"auto, (max-width: 1024px) 100vw, 1024px\" \/><\/a><\/figure>\n\n\n\n<p>Dans la nouvelle convention, c&rsquo;est m\u00eame plus clair&#8230; et relisez bien le message \u00ab\u00a0pour \u00eatre bien pr\u00e9cis\u00a0\u00bb de Thomas Fat\u00f4me pour comprendre que la course \u00e0 l&rsquo;\u00e9chalote ne pourra mener qu&rsquo;\u00e0 l&rsquo;arr\u00eat de l&rsquo;aide dans quelques ann\u00e9es avec la r\u00e9augmentation de d\u00e9mographie m\u00e9dicale (pr\u00e9vue vers 2025-2026).<strong> C&rsquo;est d&rsquo;autant plus pervers que la diminution d&rsquo;activit\u00e9 (pour x raisons, personnelles, familiales ou autre) va s&rsquo;accompagner d&rsquo;une perte de la prime d&rsquo;aide \u00e0 l&#8217;emploi de 10 000 \u00e0 20 000\u20ac la m\u00eame ann\u00e9e ! <\/strong><\/p>\n\n\n\n<figure class=\"wp-block-image size-large is-resized\"><a href=\"https:\/\/www.mimiryudo.com\/blog\/wp-content\/uploads\/2023\/02\/Capture-decran-2023-02-20-a-00.15.45.png\"><img loading=\"lazy\" decoding=\"async\" data-attachment-id=\"3856\" data-permalink=\"https:\/\/www.mimiryudo.com\/blog\/2023\/02\/thomas-fatome-et-les-assistants-medicaux-plus-menteur-tu-meurs\/capture-decran-2023-02-20-a-00-15-45\/\" data-orig-file=\"https:\/\/www.mimiryudo.com\/blog\/wp-content\/uploads\/2023\/02\/Capture-decran-2023-02-20-a-00.15.45.png\" data-orig-size=\"2162,1238\" data-comments-opened=\"1\" data-image-meta=\"{&quot;aperture&quot;:&quot;0&quot;,&quot;credit&quot;:&quot;&quot;,&quot;camera&quot;:&quot;&quot;,&quot;caption&quot;:&quot;&quot;,&quot;created_timestamp&quot;:&quot;0&quot;,&quot;copyright&quot;:&quot;&quot;,&quot;focal_length&quot;:&quot;0&quot;,&quot;iso&quot;:&quot;0&quot;,&quot;shutter_speed&quot;:&quot;0&quot;,&quot;title&quot;:&quot;&quot;,&quot;orientation&quot;:&quot;0&quot;}\" data-image-title=\"Capture-decran-2023-02-20-a-00.15.45\" data-image-description=\"\" data-image-caption=\"\" data-large-file=\"https:\/\/www.mimiryudo.com\/blog\/wp-content\/uploads\/2023\/02\/Capture-decran-2023-02-20-a-00.15.45-1024x586.png\" src=\"https:\/\/www.mimiryudo.com\/blog\/wp-content\/uploads\/2023\/02\/Capture-decran-2023-02-20-a-00.15.45-1024x586.png\" alt=\"\" class=\"wp-image-3856\" width=\"356\" height=\"203\" srcset=\"https:\/\/www.mimiryudo.com\/blog\/wp-content\/uploads\/2023\/02\/Capture-decran-2023-02-20-a-00.15.45-1024x586.png 1024w, https:\/\/www.mimiryudo.com\/blog\/wp-content\/uploads\/2023\/02\/Capture-decran-2023-02-20-a-00.15.45-300x172.png 300w, https:\/\/www.mimiryudo.com\/blog\/wp-content\/uploads\/2023\/02\/Capture-decran-2023-02-20-a-00.15.45-768x440.png 768w, https:\/\/www.mimiryudo.com\/blog\/wp-content\/uploads\/2023\/02\/Capture-decran-2023-02-20-a-00.15.45-1536x880.png 1536w, https:\/\/www.mimiryudo.com\/blog\/wp-content\/uploads\/2023\/02\/Capture-decran-2023-02-20-a-00.15.45-2048x1173.png 2048w\" sizes=\"auto, (max-width: 356px) 100vw, 356px\" \/><\/a><figcaption class=\"wp-element-caption\">Vous avez bien augment\u00e9 votre patient\u00e8le de 1831 \u00e0 2009 patients MAIS votre file active est pass\u00e9e de 2587 \u00e0 2500 parce que vous avez eu moins de soins urgents cette ann\u00e9e ? Dommage, vous perdez 20 000\u20ac. <\/figcaption><\/figure>\n\n\n\n<p>Notez que m\u00eame l\u2019augmentation tr\u00e8s optimiste de 5,1 % de file active n\u2019est rien par rapport au + 20% demande avec un assistant \u00e0 temps complet \u00e0 un m\u00e9decin au 50eme percentile (311\/1514). On se demande aussi comment il peut imposer + 19 % en patient\u00e8le m\u00e9decin traitant alors que leurs chiffres donnent +10%. \u00c7a va souvent propratiser\u2026 jusqu\u2019\u00e0 ce que l\u2019un des chiffres atteigne son pic, et couic.<\/p>\n\n\n\n<h2 class=\"wp-block-heading\"><br>Quarto, les assistants ne permettent pas d&rsquo;augmenter la patient\u00e8le de 5 \u00e0 10 %, contrairement \u00e0 ce que raconte Thomas Fat\u00f4me (d\u00e9cid\u00e9ment&#8230;)<\/h2>\n\n\n\n<p>Toujours dans le sous-groupe de 305 MG install\u00e9s depuis plus de 3 ans et avec assistant m\u00e9dical, l&rsquo;Assurance Maladie explique que ce contrat aurait \u00ab\u00a0permis d&rsquo;augmenter de 9,9 % le nombre de patients ayant un m\u00e9decin traitant (entre le 30 juin 2019 et le 31 d\u00e9cembre 2021), mieux que les 7,1 % attendus\u00a0\u00bb. Je comprends (peut-\u00eatre \u00e0 tort) comme : 7,1% pour les MG sans assistant soit finalement +2,8% ?<\/p>\n\n\n\n<figure class=\"wp-block-image size-large\"><a href=\"https:\/\/www.mimiryudo.com\/blog\/wp-content\/uploads\/2023\/02\/image-7.png\"><img loading=\"lazy\" decoding=\"async\" width=\"1024\" height=\"221\" data-attachment-id=\"3839\" data-permalink=\"https:\/\/www.mimiryudo.com\/blog\/2023\/02\/thomas-fatome-et-les-assistants-medicaux-plus-menteur-tu-meurs\/image-7-3\/\" data-orig-file=\"https:\/\/www.mimiryudo.com\/blog\/wp-content\/uploads\/2023\/02\/image-7.png\" data-orig-size=\"1550,334\" data-comments-opened=\"1\" data-image-meta=\"{&quot;aperture&quot;:&quot;0&quot;,&quot;credit&quot;:&quot;&quot;,&quot;camera&quot;:&quot;&quot;,&quot;caption&quot;:&quot;&quot;,&quot;created_timestamp&quot;:&quot;0&quot;,&quot;copyright&quot;:&quot;&quot;,&quot;focal_length&quot;:&quot;0&quot;,&quot;iso&quot;:&quot;0&quot;,&quot;shutter_speed&quot;:&quot;0&quot;,&quot;title&quot;:&quot;&quot;,&quot;orientation&quot;:&quot;0&quot;}\" data-image-title=\"image-7\" data-image-description=\"\" data-image-caption=\"\" data-large-file=\"https:\/\/www.mimiryudo.com\/blog\/wp-content\/uploads\/2023\/02\/image-7-1024x221.png\" src=\"https:\/\/www.mimiryudo.com\/blog\/wp-content\/uploads\/2023\/02\/image-7-1024x221.png\" alt=\"\" class=\"wp-image-3839\" srcset=\"https:\/\/www.mimiryudo.com\/blog\/wp-content\/uploads\/2023\/02\/image-7-1024x221.png 1024w, https:\/\/www.mimiryudo.com\/blog\/wp-content\/uploads\/2023\/02\/image-7-300x65.png 300w, https:\/\/www.mimiryudo.com\/blog\/wp-content\/uploads\/2023\/02\/image-7-768x165.png 768w, https:\/\/www.mimiryudo.com\/blog\/wp-content\/uploads\/2023\/02\/image-7-1536x331.png 1536w, https:\/\/www.mimiryudo.com\/blog\/wp-content\/uploads\/2023\/02\/image-7.png 1550w\" sizes=\"auto, (max-width: 1024px) 100vw, 1024px\" \/><\/a><\/figure>\n\n\n\n<p>L\u00e0 encore, admettons qu&rsquo;on soit \u00e0 un petit + 2,8 %&#8230; DANS UN GROUPE DE GENS QUI SE SONT ENGAG\u00c9S \u00c0 AUGMENTER LEUR PATIENT\u00c8LE (pour respecter le contrat, le fameux \u00ab\u00a0p\u00e9renne d\u00e8s lors que les objectifs&#8230;\u00a0\u00bb), et qui ont une personne d\u00e9di\u00e9 \u00e0 faire de l&rsquo;administratif tel que la d\u00e9claration m\u00e9decin traitant. <\/p>\n\n\n\n<p>Mais m\u00eame ce 2,8 %, j&rsquo;en doute.<\/p>\n\n\n\n<p>Regardons un peu les chiffres pour tout MG confondu en France&#8230; <\/p>\n\n\n\n<figure class=\"wp-block-image size-large\"><a href=\"https:\/\/www.mimiryudo.com\/blog\/wp-content\/uploads\/2023\/02\/image-10.png\"><img loading=\"lazy\" decoding=\"async\" width=\"1024\" height=\"285\" data-attachment-id=\"3842\" data-permalink=\"https:\/\/www.mimiryudo.com\/blog\/2023\/02\/thomas-fatome-et-les-assistants-medicaux-plus-menteur-tu-meurs\/image-10-2\/\" data-orig-file=\"https:\/\/www.mimiryudo.com\/blog\/wp-content\/uploads\/2023\/02\/image-10.png\" data-orig-size=\"1464,408\" data-comments-opened=\"1\" data-image-meta=\"{&quot;aperture&quot;:&quot;0&quot;,&quot;credit&quot;:&quot;&quot;,&quot;camera&quot;:&quot;&quot;,&quot;caption&quot;:&quot;&quot;,&quot;created_timestamp&quot;:&quot;0&quot;,&quot;copyright&quot;:&quot;&quot;,&quot;focal_length&quot;:&quot;0&quot;,&quot;iso&quot;:&quot;0&quot;,&quot;shutter_speed&quot;:&quot;0&quot;,&quot;title&quot;:&quot;&quot;,&quot;orientation&quot;:&quot;0&quot;}\" data-image-title=\"image-10\" data-image-description=\"\" data-image-caption=\"\" data-large-file=\"https:\/\/www.mimiryudo.com\/blog\/wp-content\/uploads\/2023\/02\/image-10-1024x285.png\" src=\"https:\/\/www.mimiryudo.com\/blog\/wp-content\/uploads\/2023\/02\/image-10-1024x285.png\" alt=\"\" class=\"wp-image-3842\" srcset=\"https:\/\/www.mimiryudo.com\/blog\/wp-content\/uploads\/2023\/02\/image-10-1024x285.png 1024w, https:\/\/www.mimiryudo.com\/blog\/wp-content\/uploads\/2023\/02\/image-10-300x84.png 300w, https:\/\/www.mimiryudo.com\/blog\/wp-content\/uploads\/2023\/02\/image-10-768x214.png 768w, https:\/\/www.mimiryudo.com\/blog\/wp-content\/uploads\/2023\/02\/image-10.png 1464w\" sizes=\"auto, (max-width: 1024px) 100vw, 1024px\" \/><\/a><\/figure>\n\n\n\n<figure class=\"wp-block-image size-large\"><a href=\"https:\/\/www.mimiryudo.com\/blog\/wp-content\/uploads\/2023\/02\/image-9.png\"><img loading=\"lazy\" decoding=\"async\" width=\"1024\" height=\"156\" data-attachment-id=\"3841\" data-permalink=\"https:\/\/www.mimiryudo.com\/blog\/2023\/02\/thomas-fatome-et-les-assistants-medicaux-plus-menteur-tu-meurs\/image-9-2\/\" data-orig-file=\"https:\/\/www.mimiryudo.com\/blog\/wp-content\/uploads\/2023\/02\/image-9.png\" data-orig-size=\"1508,230\" data-comments-opened=\"1\" data-image-meta=\"{&quot;aperture&quot;:&quot;0&quot;,&quot;credit&quot;:&quot;&quot;,&quot;camera&quot;:&quot;&quot;,&quot;caption&quot;:&quot;&quot;,&quot;created_timestamp&quot;:&quot;0&quot;,&quot;copyright&quot;:&quot;&quot;,&quot;focal_length&quot;:&quot;0&quot;,&quot;iso&quot;:&quot;0&quot;,&quot;shutter_speed&quot;:&quot;0&quot;,&quot;title&quot;:&quot;&quot;,&quot;orientation&quot;:&quot;0&quot;}\" data-image-title=\"image-9\" data-image-description=\"\" data-image-caption=\"\" data-large-file=\"https:\/\/www.mimiryudo.com\/blog\/wp-content\/uploads\/2023\/02\/image-9-1024x156.png\" src=\"https:\/\/www.mimiryudo.com\/blog\/wp-content\/uploads\/2023\/02\/image-9-1024x156.png\" alt=\"\" class=\"wp-image-3841\" srcset=\"https:\/\/www.mimiryudo.com\/blog\/wp-content\/uploads\/2023\/02\/image-9-1024x156.png 1024w, https:\/\/www.mimiryudo.com\/blog\/wp-content\/uploads\/2023\/02\/image-9-300x46.png 300w, https:\/\/www.mimiryudo.com\/blog\/wp-content\/uploads\/2023\/02\/image-9-768x117.png 768w, https:\/\/www.mimiryudo.com\/blog\/wp-content\/uploads\/2023\/02\/image-9.png 1508w\" sizes=\"auto, (max-width: 1024px) 100vw, 1024px\" \/><\/a><\/figure>\n\n\n\n<ul class=\"wp-block-list\">\n<li><a href=\"https:\/\/assurance-maladie.ameli.fr\/sites\/default\/files\/2022-04_organisation-territoriale-reforme-financement-soins_extrait-charges-et-produits_assurance-maladie.pdf\">en 2019<\/a>, les MG suivaient 960 patients en moyenne (selon l&rsquo;Assurance Maladie) <\/li>\n\n\n\n<li><a href=\"https:\/\/www.egora.fr\/actus-pro\/conditions-d-exercice\/76141-les-medecins-generalistes-ne-suivent-ils-que-1000-patients-en\">en 2021<\/a>, ils en suivent 1060 <\/li>\n<\/ul>\n\n\n\n<p>Soit sur la p\u00e9riode d&rsquo;\u00e9tude&#8230;. + 10,4 %, et non pas \u00ab\u00a07,1 % attendus\u00a0\u00bb. <\/p>\n\n\n\n<p>Ah&#8230;<\/p>\n\n\n\n<p class=\"has-vivid-purple-color has-text-color\"><strong>Donc entre 2019 et 2021, nos patient\u00e8les ont augment\u00e9 de 10,4 % en moyenne (parmi les 50 500 MG en exercice lib\u00e9ral) et de 9,9 % dans le groupe de 305 MG install\u00e9s depuis plus de 3 ans avec assistant m\u00e9dical d&rsquo;apr\u00e8s les donn\u00e9es sourc\u00e9es (CNAM) que je pr\u00e9sente. <\/strong><br><strong>Sans doute que la CNAM n&rsquo;utilise pas ses propres sources<\/strong>,<strong> peut-\u00eatre qu&rsquo;ils incluent les enfants &lt; 16 ans d&rsquo;un c\u00f4t\u00e9 et et pas dans l&rsquo;autre<\/strong> :<strong> c&rsquo;est le probl\u00e8me de n&rsquo;avoir acc\u00e8s qu&rsquo;\u00e0 des rapports parfois impr\u00e9cis. La confiance aveugle, je veux bien&#8230; le jour o\u00f9 \u00e7a sera r\u00e9ciproque. Ca n&rsquo;est clairement pas le cas<\/strong> (<a rel=\"noreferrer noopener\" href=\"https:\/\/www.mimiryudo.com\/blog\/2021\/07\/labsurdite-des-feuilles-de-soins-degrades\/\" data-type=\"post\" data-id=\"3623\" target=\"_blank\">on en a d\u00e9j\u00e0 parl\u00e9&#8230;<\/a>)<\/p>\n\n\n\n<p>Donc dire \u00ab\u00a0un assistant m\u00e9dical permet de faire gagner 5 \u00e0 10 % de patient\u00e8le\u00a0\u00bb est donc une joyeuse fakenews de <a href=\"https:\/\/twitter.com\/ThomasFatome\">@ThomasFatome<\/a> dans <a href=\"https:\/\/www.youtube.com\/watch?v=ZhkykmHNGTo&amp;ab_channel=AssuranceMaladie\">sa vid\u00e9o de f\u00e9vrier 2023<\/a>&#8230; Les patient\u00e8les augmentent \u00e0 cause de la chute de la d\u00e9mographie.   <\/p>\n\n\n\n<figure class=\"wp-block-image size-full\"><a href=\"https:\/\/www.mimiryudo.com\/blog\/wp-content\/uploads\/2023\/02\/image-11.png\"><img loading=\"lazy\" decoding=\"async\" width=\"680\" height=\"393\" data-attachment-id=\"3843\" data-permalink=\"https:\/\/www.mimiryudo.com\/blog\/2023\/02\/thomas-fatome-et-les-assistants-medicaux-plus-menteur-tu-meurs\/image-11\/\" data-orig-file=\"https:\/\/www.mimiryudo.com\/blog\/wp-content\/uploads\/2023\/02\/image-11.png\" data-orig-size=\"680,393\" data-comments-opened=\"1\" data-image-meta=\"{&quot;aperture&quot;:&quot;0&quot;,&quot;credit&quot;:&quot;&quot;,&quot;camera&quot;:&quot;&quot;,&quot;caption&quot;:&quot;&quot;,&quot;created_timestamp&quot;:&quot;0&quot;,&quot;copyright&quot;:&quot;&quot;,&quot;focal_length&quot;:&quot;0&quot;,&quot;iso&quot;:&quot;0&quot;,&quot;shutter_speed&quot;:&quot;0&quot;,&quot;title&quot;:&quot;&quot;,&quot;orientation&quot;:&quot;0&quot;}\" data-image-title=\"image-11\" data-image-description=\"\" data-image-caption=\"\" data-large-file=\"https:\/\/www.mimiryudo.com\/blog\/wp-content\/uploads\/2023\/02\/image-11.png\" src=\"https:\/\/www.mimiryudo.com\/blog\/wp-content\/uploads\/2023\/02\/image-11.png\" alt=\"\" class=\"wp-image-3843\" srcset=\"https:\/\/www.mimiryudo.com\/blog\/wp-content\/uploads\/2023\/02\/image-11.png 680w, https:\/\/www.mimiryudo.com\/blog\/wp-content\/uploads\/2023\/02\/image-11-300x173.png 300w\" sizes=\"auto, (max-width: 680px) 100vw, 680px\" \/><\/a><\/figure>\n\n\n\n<h2 class=\"wp-block-heading\">Quinto, la mauvaise foi n&rsquo;a aucune limite \u00e0 la CNAM<\/h2>\n\n\n\n<p>Bon le dernier point, c&rsquo;est mon pr\u00e9f\u00e9r\u00e9, mon chouchou. <\/p>\n\n\n\n<p>Admettons que vous ayez envie de prendre les gens pour des cons. Vous \u00eates m\u00eame expert en \u00e7a, vous vous appelez Thomas F. par exemple.<\/p>\n\n\n\n<p><a href=\"https:\/\/www.egora.fr\/actus-pro\/conditions-d-exercice\/76766-assistants-medicaux-jusqu-a-dix-jours-de-travail-gagnes-pour\">En d\u00e9cembre 2022<\/a>, vous poursuivrez l&rsquo;essorage des donn\u00e9es (pas du tout aussi flatteuses qu&rsquo;attendu, comme pr\u00e9cis\u00e9 ci-dessus) obtenues aupr\u00e8s des 305 MG install\u00e9s depuis plus de 3 ans, et l\u00e0 vous dites ceci :<strong> \u00ab\u00a0le temps de travail initial des m\u00e9decins signataires s&rsquo;\u00e9levait \u00e0 254 jours par an ; il est aujourd&rsquo;hui de 252<\/strong> (&#8230;) <strong>Le gain est particuli\u00e8rement important chez les m\u00e9decins de plus de 60 ans, qui passent de 257 \u00e0 251 jours de travail (-2.3%) (&#8230;) et chez les m\u00e9decins ayant les patient\u00e8les les plus importantes : ceux qui sont au percentile 90 (soit plus de 1.844 patients MT) gagnent ainsi 10 jours de travail (-3.9%)\u00a0\u00bb <\/strong><\/p>\n\n\n\n<p>Alors, en fait, \u00e7a s&rsquo;appelle la RETRAITE ! Je sais que c&rsquo;est un concept avec lequel ce gouvernement a du mal, mais quand m\u00eame&#8230; <\/p>\n\n\n\n<p>Visiblement, les moyennes \u00e7a leur \u00e9chappe aussi (sur un groupe de 305 MG, vous en mettez 2 \u00e0 la retraite et plouf \u00e7a fait une moyenne \u00e0 252 ; vous en mettez 4 qui se mettent en association et bossent \u00e0 50 %, m\u00eame r\u00e9sultat&#8230;). <\/p>\n\n\n\n<p>Par ailleurs, c&rsquo;est juste normal que le nombre de jours moyen diminue SURTOUT QUAND ON EST \u00c0 254 JOURS PAR AN (ce qui implique 5 jours par semaine x 51 semaines par an &#8211; la 52\u00e8me pouvant correspondre aux jours f\u00e9ri\u00e9s)&#8230; Ca peut aussi \u00eatre li\u00e9 \u00e0 des difficult\u00e9s pour se faire remplacer (\u00e9videmment on n&rsquo;est pas ouvert 254 jours par an, <a href=\"https:\/\/www.fmfpro.org\/17-fevrier-2023-5eme-bilaterale-fmf-cnam\/\">la moyenne est \u00e0 227 jours d&rsquo;apr\u00e8s la CNAM<\/a>, le reste est donc fluctuant selon l&rsquo;offre des rempla\u00e7ants &#8211; d\u00e9j\u00e0 occup\u00e9s vu que la d\u00e9mographie m\u00e9dicale baisse pour rappel). <\/p>\n\n\n\n<p><strong>Mais donc ce qui est magnifique, c&rsquo;est que l&rsquo;Assurance Maladie lie \u00e7a&#8230; aux assistants m\u00e9dicaux !!! <\/strong>J&rsquo;en ai vu des foutages de gueule dans ma vie, mais l\u00e0 on touche au sublime. J&rsquo;imagine que chez les MG qui ont une patient\u00e8le de 1900, c&rsquo;est l&rsquo;assistant m\u00e9dical qui les relaie seul au cabinet 10 jours par an du coup ^^<\/p>\n\n\n\n<p class=\"has-vivid-purple-color has-text-color\"><strong>Est-ce que l&#8217;embauche d&rsquo;un assistant m\u00e9dical permet d&rsquo;augmenter l&rsquo;acc\u00e8s aux soins ? Non, il a m\u00eame \u00e9t\u00e9 associ\u00e9 \u00e0 une r\u00e9duction du nombre de jours d&rsquo;ouverture, en particulier chez les +60 ans&#8230; ce qui n&rsquo;est qu&rsquo;un art\u00e9fact de la moyenne avec quelques pr\u00e9-retraite \/ association \/ retraite \/ difficult\u00e9s de trouver un rempla\u00e7ant. Il faut une malhonn\u00eatet\u00e9 en titane renforc\u00e9 pour pr\u00e9senter \u00e7a comme un \u00ab\u00a0impact positif\u00a0\u00bb des assistants m\u00e9dicaux : cette malhonn\u00eatet\u00e9, Thomas Fat\u00f4me la porte en justaucorps.<\/strong> <\/p>\n\n\n\n<figure class=\"wp-block-image size-large\"><a href=\"https:\/\/www.mimiryudo.com\/blog\/wp-content\/uploads\/2023\/02\/Capture-decran-2023-02-19-a-21.21.25.png\"><img loading=\"lazy\" decoding=\"async\" width=\"1024\" height=\"483\" data-attachment-id=\"3844\" data-permalink=\"https:\/\/www.mimiryudo.com\/blog\/2023\/02\/thomas-fatome-et-les-assistants-medicaux-plus-menteur-tu-meurs\/capture-decran-2023-02-19-a-21-21-25\/\" data-orig-file=\"https:\/\/www.mimiryudo.com\/blog\/wp-content\/uploads\/2023\/02\/Capture-decran-2023-02-19-a-21.21.25.png\" data-orig-size=\"1542,728\" data-comments-opened=\"1\" data-image-meta=\"{&quot;aperture&quot;:&quot;0&quot;,&quot;credit&quot;:&quot;&quot;,&quot;camera&quot;:&quot;&quot;,&quot;caption&quot;:&quot;&quot;,&quot;created_timestamp&quot;:&quot;0&quot;,&quot;copyright&quot;:&quot;&quot;,&quot;focal_length&quot;:&quot;0&quot;,&quot;iso&quot;:&quot;0&quot;,&quot;shutter_speed&quot;:&quot;0&quot;,&quot;title&quot;:&quot;&quot;,&quot;orientation&quot;:&quot;0&quot;}\" data-image-title=\"Capture-decran-2023-02-19-a-21.21.25\" data-image-description=\"\" data-image-caption=\"\" data-large-file=\"https:\/\/www.mimiryudo.com\/blog\/wp-content\/uploads\/2023\/02\/Capture-decran-2023-02-19-a-21.21.25-1024x483.png\" src=\"https:\/\/www.mimiryudo.com\/blog\/wp-content\/uploads\/2023\/02\/Capture-decran-2023-02-19-a-21.21.25-1024x483.png\" alt=\"\" class=\"wp-image-3844\" srcset=\"https:\/\/www.mimiryudo.com\/blog\/wp-content\/uploads\/2023\/02\/Capture-decran-2023-02-19-a-21.21.25-1024x483.png 1024w, https:\/\/www.mimiryudo.com\/blog\/wp-content\/uploads\/2023\/02\/Capture-decran-2023-02-19-a-21.21.25-300x142.png 300w, https:\/\/www.mimiryudo.com\/blog\/wp-content\/uploads\/2023\/02\/Capture-decran-2023-02-19-a-21.21.25-768x363.png 768w, https:\/\/www.mimiryudo.com\/blog\/wp-content\/uploads\/2023\/02\/Capture-decran-2023-02-19-a-21.21.25-1536x725.png 1536w, https:\/\/www.mimiryudo.com\/blog\/wp-content\/uploads\/2023\/02\/Capture-decran-2023-02-19-a-21.21.25.png 1542w\" sizes=\"auto, (max-width: 1024px) 100vw, 1024px\" \/><\/a><\/figure>\n\n\n\n<p>Quand l&rsquo;Assurance Maladie pr\u00e9sente une diminution de nombre de jours d&rsquo;ouverture des cabinets m\u00e9dicaux comme un progr\u00e8s pour l&rsquo;acc\u00e8s aux soins qu&rsquo;on doit aux assistants m\u00e9dicaux, c&rsquo;est que la conclusion est \u00e9crite avant les r\u00e9sultats, pour r\u00e9pondre \u00e0 l&rsquo;id\u00e9ologie macroniste \u00ab\u00a0un assistant pour chaque MG\u00a0\u00bb. <\/p>\n\n\n\n<p><strong>Les vrais r\u00e9sultats de cette exp\u00e9rimentation sur 305 MG sont les suivants : <\/strong><\/p>\n\n\n\n<ul class=\"wp-block-list\">\n<li>la CNAM a d\u00e9pens\u00e9 environ 20 000\u20ac par assistant par an et sign\u00e9 4000 contrats, soit 80 millions d&rsquo;euros par an <\/li>\n\n\n\n<li>au mieux, en faisant abstraction des biais (les MG concern\u00e9s sont ceux qui se sont engag\u00e9s &#8211; parce qu&rsquo;ils le pouvaient &#8211; \u00e0 augmenter leur file active ou leur patient\u00e8le), \u00e7a a permis d&rsquo;augmenter la file active de 51 patients par an, soit 4 par mois. <\/li>\n\n\n\n<li>ce qui prouve bien que les MG sont d\u00e9j\u00e0 tr\u00e8s efficients. <\/li>\n<\/ul>\n\n\n\n<p><strong>Si demain, d&rsquo;un coup de baguette magique l\u00e9gislative on rempla\u00e7ait les arr\u00eats de travail &lt; 3 jours par des auto-d\u00e9clarations sur le mod\u00e8le v\u00e9cu pendant la COVID<\/strong> : <\/p>\n\n\n\n<ul class=\"wp-block-list\">\n<li>la CNAM gagnerait \u00e0 la louche (car les donn\u00e9es n&rsquo;existent pas) 1 consultation par jour par MG, soit en comptant tr\u00e8s bas 200 millions d&rsquo;euros par an <\/li>\n\n\n\n<li>cela lib\u00e9rerait 250 cr\u00e9neaux par an par m\u00e9decin ; et \u00e7a ne toucherait pas que ceux qui s&rsquo;engagent \u00e0 augmenter leur file active mais bien tous les MG, y compris ceux qui sont sous l&rsquo;eau<\/li>\n\n\n\n<li>ce qui prouve bien que la CNAM n&rsquo;est vraiment pas efficiente, que le MEDEF a bien trop d&rsquo;importance dans les d\u00e9cisions politiques, et qu&rsquo;aucun \u00e9lu dans ce pays &#8211; de quelque parti que ce soit &#8211; ne fait suffisamment confiance dans les salari\u00e9s pour soutenir ce projet pourtant \u00e9vident&#8230;<\/li>\n<\/ul>\n\n\n\n<p><strong>N\u00e9anmoins, pour conclure ce (long) billet par une note positive<\/strong> : les assistants m\u00e9dicaux peuvent \u00eatre utiles aux MG pour r\u00e9duire leur temps de travail invisible (comptabilit\u00e9, gestion du cabinet&#8230;). Je sais un peu de quoi je parle quant aux attentes des MG, <a href=\"https:\/\/www.em-consulte.com\/article\/1208698\/preferences-des-medecins-generalistes-liberaux-en-\">j&rsquo;ai publi\u00e9 un article sur leurs pr\u00e9f\u00e9rences quant \u00e0 la d\u00e9l\u00e9gation de t\u00e2ches aux assistants m\u00e9dicaux en 2018<\/a> (avant l&rsquo;av\u00e8nement de Doctolib et consorts avec le COVID, qui a simplifi\u00e9 les t\u00e2ches de prises de RDV). <strong>Plut\u00f4t que bidonner et survendre des chiffres comme l&rsquo;a fait Thomas Fat\u00f4me, il aurait \u00e9t\u00e9 plus malin d&rsquo;interroger m\u00e9decins et patients sur l&rsquo;apport concret des assistants m\u00e9dicaux \u00e0 leur fonctionnement. <\/strong><br>Pour l&rsquo;heure, c&rsquo;est surtout une fa\u00e7on d&rsquo;avoir un secr\u00e9tariat financ\u00e9 en partie par la CNAM.<br>Les assistants m\u00e9dicaux pourraient \u00e9ventuellement am\u00e9liorer la qualit\u00e9 des soins, par exemple en augmentant le taux de r\u00e9alisation de quelques actes techniques tels que les ECG, IPS, spirom\u00e9tries&#8230; mais je doute que \u00e7a soit fr\u00e9quemment fait. C&rsquo;est aussi une fa\u00e7on de les \u00ab\u00a0rendre rentable\u00a0\u00bb et diminuer notre efficience pour gagner plus (exemple : consultation J0, ECG J1 par l&rsquo;assistant, interpr\u00e9tation et explications J2 par le m\u00e9decin&#8230; \u00e7a \u00e9vite de faire consult avec ECG \u00e0 J0 comme c&rsquo;est le cas actuellement, beaucoup trop efficient !)<\/p>\n\n\n\n<p><strong>Enfin, rappelons que quand on projette de financer \u00e0 hauteur de 15 000\u20ac\u00a0avec l&rsquo;argent des assur\u00e9s des assistants m\u00e9dicaux dans tout le pays, le minimum serait de rendre mieux accessibles les donn\u00e9es (anonymis\u00e9es) concernant les 305 MG&#8230;  <\/strong><\/p>\n\n\n\n<p>(EDIT du 2 avril : j&rsquo;ai modifi\u00e9 le titre \u00ab\u00a0plus menteur, tu meurs\u00a0\u00bb en \u00ab\u00a0des erreurs d&rsquo;interpr\u00e9tation aux fakenews\u00a0\u00bb parce que lors que je lui ai \u00e9voqu\u00e9 ces probl\u00e8mes au CMGF, il semblait d\u00e9couvrir de bonne foi que c&rsquo;est faux. Il ne semblait pas ouvert \u00e0 modifier son propos \u2014 qui deviendra alors un mensonge volontaire ou une absence de remise en question&#8230;)<\/p>\n<!-- templates\/buttons-placeholder.php -->\n<div class=\"da-reactions-outer TpostID3826\">\n\t    <div class=\"da-reactions-data da-reactions-container-async center\"\n         data-type=\"post\"\n         data-id=\"3826\"\n         id=\"da-reactions-slot-post-3826\">\n        <div class=\"da-reactions-exposed\">\n\t\t\t<img src=\"https:\/\/www.mimiryudo.com\/blog\/wp-content\/plugins\/da-reactions\/assets\/dist\/loading.svg\" alt=\"Loading spinner\" width=\"64\" height=\"64\" style=\"width:64px\" \/>\n        <\/div>\n    <\/div>\n<\/div>\n","protected":false},"excerpt":{"rendered":"<p>En ce moment, je radote les m\u00eames tweets&#8230; 1 &#8211; Il faut supprimer du temps administratif (lien vers le billet de blog) aux m\u00e9decins et des solutions existent&#8230; 2 &#8211; pourtant, Fran\u00e7ois Braun n&rsquo;a propos\u00e9 que des pseudo-mesures ridicules (lien &hellip; <a href=\"https:\/\/www.mimiryudo.com\/blog\/2023\/02\/thomas-fatome-et-les-assistants-medicaux-plus-menteur-tu-meurs\/\">Continuer la lecture <span class=\"meta-nav\">&rarr;<\/span><\/a><\/p>\n<!-- templates\/buttons-placeholder.php -->\n<div class=\"da-reactions-outer TpostID3826\">\n\t    <div class=\"da-reactions-data da-reactions-container-async center\"\n         data-type=\"post\"\n         data-id=\"3826\"\n         id=\"da-reactions-slot-post-3826\">\n        <div class=\"da-reactions-exposed\">\n\t\t\t<img src=\"https:\/\/www.mimiryudo.com\/blog\/wp-content\/plugins\/da-reactions\/assets\/dist\/loading.svg\" alt=\"Loading spinner\" width=\"64\" height=\"64\" style=\"width:64px\" \/>\n        <\/div>\n    <\/div>\n<\/div>\n","protected":false},"author":1,"featured_media":0,"comment_status":"open","ping_status":"open","sticky":false,"template":"","format":"standard","meta":{"jetpack_post_was_ever_published":false,"_jetpack_newsletter_access":"","_jetpack_dont_email_post_to_subs":false,"_jetpack_newsletter_tier_id":0,"_jetpack_memberships_contains_paywalled_content":false,"_jetpack_memberships_contains_paid_content":false,"footnotes":"","jetpack_publicize_message":"","jetpack_publicize_feature_enabled":true,"jetpack_social_post_already_shared":true,"jetpack_social_options":{"image_generator_settings":{"template":"highway","default_image_id":0,"font":"","enabled":false},"version":2}},"categories":[247],"tags":[],"class_list":["post-3826","post","type-post","status-publish","format-standard","hentry","category-une-idee-de-la-medecine"],"jetpack_publicize_connections":[],"jetpack_featured_media_url":"","jetpack_shortlink":"https:\/\/wp.me\/p33dWC-ZI","jetpack_sharing_enabled":true,"jetpack-related-posts":[],"_links":{"self":[{"href":"https:\/\/www.mimiryudo.com\/blog\/wp-json\/wp\/v2\/posts\/3826","targetHints":{"allow":["GET"]}}],"collection":[{"href":"https:\/\/www.mimiryudo.com\/blog\/wp-json\/wp\/v2\/posts"}],"about":[{"href":"https:\/\/www.mimiryudo.com\/blog\/wp-json\/wp\/v2\/types\/post"}],"author":[{"embeddable":true,"href":"https:\/\/www.mimiryudo.com\/blog\/wp-json\/wp\/v2\/users\/1"}],"replies":[{"embeddable":true,"href":"https:\/\/www.mimiryudo.com\/blog\/wp-json\/wp\/v2\/comments?post=3826"}],"version-history":[{"count":7,"href":"https:\/\/www.mimiryudo.com\/blog\/wp-json\/wp\/v2\/posts\/3826\/revisions"}],"predecessor-version":[{"id":3914,"href":"https:\/\/www.mimiryudo.com\/blog\/wp-json\/wp\/v2\/posts\/3826\/revisions\/3914"}],"wp:attachment":[{"href":"https:\/\/www.mimiryudo.com\/blog\/wp-json\/wp\/v2\/media?parent=3826"}],"wp:term":[{"taxonomy":"category","embeddable":true,"href":"https:\/\/www.mimiryudo.com\/blog\/wp-json\/wp\/v2\/categories?post=3826"},{"taxonomy":"post_tag","embeddable":true,"href":"https:\/\/www.mimiryudo.com\/blog\/wp-json\/wp\/v2\/tags?post=3826"}],"curies":[{"name":"wp","href":"https:\/\/api.w.org\/{rel}","templated":true}]}}