{"id":939,"date":"2012-11-14T17:54:56","date_gmt":"2012-11-14T16:54:56","guid":{"rendered":"http:\/\/mimiryudo.free.fr\/blog\/?p=939"},"modified":"2013-10-14T15:32:45","modified_gmt":"2013-10-14T14:32:45","slug":"bobologue","status":"publish","type":"post","link":"https:\/\/www.mimiryudo.com\/blog\/2012\/11\/bobologue\/","title":{"rendered":"Bobologue"},"content":{"rendered":"<p>\u00ab\u00a0Et vous faites une sp\u00e9cialit\u00e9 ?\u00a0\u00bb me demande-t-on souvent, au cabinet o\u00f9 j&rsquo;effectue mon stage en ambulatoire, ou plus simplement dans la vie extra-professionnelle.<br \/>\nJe pourrais r\u00e9pondre que oui, puisque la m\u00e9decine g\u00e9n\u00e9rale est une sp\u00e9cialit\u00e9 (avec ses comp\u00e9tences particuli\u00e8res, etc.), mais je pr\u00e9f\u00e8re dire non. Je ne suis pas un sp\u00e9cialiste (mais vous pourrez venir me voir quand m\u00eame).<br \/>\nEn fait, je ne tiens pas \u00e0 ce titre de \u00ab\u00a0sp\u00e9cialiste en m\u00e9decine g\u00e9n\u00e9rale\u00a0\u00bb, sens\u00e9 mettre sur le m\u00eame niveau tous les m\u00e9decins. C&rsquo;est la m\u00e9thode Jacques Martin que de dire \u00ab\u00a0vous \u00eates tous des sp\u00e9cialistes, m\u00eame vous qui \u00eates g\u00e9n\u00e9ralistes (et o\u00f9 sont tes parents ?)\u00a0\u00bb<\/p>\n<p>Cette appellation me pla\u00eet d&rsquo;autant moins qu&rsquo;elle renforce l&rsquo;id\u00e9e que les g\u00e9n\u00e9ralistes seraient des bobologues. Apr\u00e8s tout, s&rsquo;ils sont sp\u00e9cialistes dans un truc qui n&rsquo;est ni la cardio, ni la pneumo, ni la neuro, ni l&rsquo;ORL&#8230; bah en quoi sont-ils sp\u00e9cialistes ? En rhume ? (savent m\u00eame pas le traiter). En rhino ? (me donnent de l&rsquo;eau de mer d\u00e9gueu dans le pif). En gastro ? (me disent que \u00e7a va passer en mangeant du riz et des carottes).<br \/>\nAlors l\u00e0 je sais qu&rsquo;on va me r\u00e9torquer : \u00ab\u00a0ouiiii mais non, les g\u00e9n\u00e9ralistes ont des comp\u00e9tences sp\u00e9cifiques dans le soin, le suivi, la communication, la coordination, le d\u00e9pistage&#8230;\u00a0\u00bb<\/p>\n<p>Super.<\/p>\n<p><!--more--><\/p>\n<p>Je vois \u00e9norm\u00e9ment de patients venir pour dire \u00ab\u00a0\u00e9coutez j&rsquo;ai un probl\u00e8me de d\u00e9pistage, j&rsquo;ai besoin de votre comp\u00e9tence de sp\u00e9cialiste en la mati\u00e8re. Et aussi si vous pouviez jeter un \u0153il sur ma coordination, j&rsquo;ai une petite g\u00eane au niveau de ma date de rendez-vous\u00a0\u00bb. Neuf ans d&rsquo;\u00e9tude pour tenir un agenda de vaccinations, prendre des rendez-vous avec les AUTRES sp\u00e9cialistes (qui s&rsquo;occupent des vrais probl\u00e8mes m\u00e9dicaux).<\/p>\n<p>Je ne nie pas qu&rsquo;on a des \u00e9tudes sp\u00e9cialis\u00e9es dans le domaine de la m\u00e9decine g\u00e9n\u00e9rale au troisi\u00e8me cycle. Mais les \u00e9tudes de m\u00e9decine ne commencent pas en 7\u00e8me ann\u00e9e.<\/p>\n<p>Dans l&rsquo;id\u00e9e des patients (et la mienne), un g\u00e9n\u00e9raliste fait de tout, un sp\u00e9cialiste est pointu sur un seul domaine (et connait des trucs g\u00e9n\u00e9raux bien s\u00fbr). Commencer \u00e0 dire que les g\u00e9n\u00e9ralistes sont des sp\u00e9cialistes de la g\u00e9n\u00e9ralit\u00e9, c&rsquo;est juste avoir envie de tirer une balle dans le pied de la comp\u00e9tence \u00ab\u00a0communication claire\u00a0\u00bb.<\/p>\n<p>\u00c0 c\u00f4t\u00e9 de cette erreur de longueur d&rsquo;onde, il y a aussi le fait que le terme \u00ab\u00a0g\u00e9n\u00e9raliste\u00a0\u00bb est ce pourquoi j&rsquo;ai choisi la m\u00e9decine \u00ab\u00a0g\u00e9n\u00e9rale\u00a0\u00bb \u00e0 la fin de la sixi\u00e8me ann\u00e9e.<br \/>\nEn fait, soyons plus juste : je n&rsquo;ai pas choisi m\u00e9decine g\u00e9n\u00e9rale, j&rsquo;ai choisi de ne pas faire de sp\u00e9cialit\u00e9 d&rsquo;organe et de travailler en lib\u00e9ral (\u00e7a ne laisse pas beaucoup de choix). Et donc si j&rsquo;ai d\u00e9cid\u00e9 de ne pas \u00eatre un sp\u00e9cialiste pour pouvoir voir \/ faire de tout, \u00e7a m&rsquo;ennuie qu&rsquo;on se revendique des sp\u00e9cialistes, au risque de devenir dans un avenir proche des \u00ab\u00a0sp\u00e9cialistes des petits bobos et de l&rsquo;organisation des soins des grosses maladies avec les autres sp\u00e9cialistes\u00a0\u00bb (sauf ceux qui vont dans les d\u00e9serts m\u00e9dicaux qui redeviendront des g\u00e9n\u00e9ralistes ? Des m\u00e9decins de famille ?)&#8230; Je veux prendre en charge des psoriasis sans avoir \u00e0 appeler l&rsquo;autre sp\u00e9cialiste qu&rsquo;est le dermatologue. Je laisserai la main sur les didymoses aplastico-psilorilariques sans souci.<\/p>\n<p>Pour conclure, sur 5 jours de stage en cabinet, j&rsquo;ai vu une trentaine de rhinopharyngite, une angine virale, une trentaine de renouvellements d&rsquo;ordonnances avec du suivi de diab\u00e8te, d&rsquo;insuffisance r\u00e9nale ou d&rsquo;hypertension art\u00e9rielle et autres pathologies intercurrentes (polyarthrite rhumato\u00efde, pseudo-polyarthrite rhizom\u00e9lique), trois ecz\u00e9mas, deux lombalgies, une papulo-pustulose c\u00e9phalique, du suivi de nouveau-n\u00e9, un diagnostic de pityriasis versicolor, de rub\u00e9ole, de possible maladie de Horton, une coqueluche possible, et des requ\u00eates aussi vari\u00e9es que le flou visuel brutal ou le d\u00e9pistage de gale post-contage, sans parler des motifs multiples de consultation.<br \/>\nEt il y a aussi \u00e0 c\u00f4t\u00e9 le suivi avec les sp\u00e9cialistes, l&rsquo;\u00e9ducation, les conseils sur le tabac, la gestion du dossier m\u00e9dical&#8230; Mais c&rsquo;est moins int\u00e9ressant que l&rsquo;\u00e9tape de diagnostic \u00ab\u00a0syst\u00e9mique\u00a0\u00bb, non limit\u00e9 \u00e0 un organe ou une fonction.<\/p>\n<p>Donc, non je ne fais pas de sp\u00e9cialit\u00e9, je suis g\u00e9n\u00e9raliste. Je fais un peu de tout ce que font les autres m\u00e9decins sp\u00e9cialistes s\u00e9par\u00e9ment&#8230; Enfin j&rsquo;essaie.<\/p>\n<!-- templates\/buttons-placeholder.php -->\n<div class=\"da-reactions-outer TpostID939\">\n\t    <div class=\"da-reactions-data da-reactions-container-async center\"\n         data-type=\"post\"\n         data-id=\"939\"\n         id=\"da-reactions-slot-post-939\">\n        <div class=\"da-reactions-exposed\">\n\t\t\t<img src=\"https:\/\/www.mimiryudo.com\/blog\/wp-content\/plugins\/da-reactions\/assets\/dist\/loading.svg\" alt=\"Loading spinner\" width=\"64\" height=\"64\" style=\"width:64px\" \/>\n        <\/div>\n    <\/div>\n<\/div>\n","protected":false},"excerpt":{"rendered":"<p>\u00ab\u00a0Et vous faites une sp\u00e9cialit\u00e9 ?\u00a0\u00bb me demande-t-on souvent, au cabinet o\u00f9 j&rsquo;effectue mon stage en ambulatoire, ou plus simplement dans la vie extra-professionnelle. Je pourrais r\u00e9pondre que oui, puisque la m\u00e9decine g\u00e9n\u00e9rale est une sp\u00e9cialit\u00e9 (avec ses comp\u00e9tences particuli\u00e8res, &hellip; <a href=\"https:\/\/www.mimiryudo.com\/blog\/2012\/11\/bobologue\/\">Continuer la lecture <span class=\"meta-nav\">&rarr;<\/span><\/a><\/p>\n<!-- templates\/buttons-placeholder.php -->\n<div class=\"da-reactions-outer TpostID939\">\n\t    <div class=\"da-reactions-data da-reactions-container-async center\"\n         data-type=\"post\"\n         data-id=\"939\"\n         id=\"da-reactions-slot-post-939\">\n        <div class=\"da-reactions-exposed\">\n\t\t\t<img src=\"https:\/\/www.mimiryudo.com\/blog\/wp-content\/plugins\/da-reactions\/assets\/dist\/loading.svg\" alt=\"Loading spinner\" width=\"64\" height=\"64\" style=\"width:64px\" \/>\n        <\/div>\n    <\/div>\n<\/div>\n","protected":false},"author":1,"featured_media":0,"comment_status":"open","ping_status":"open","sticky":false,"template":"","format":"standard","meta":{"jetpack_post_was_ever_published":false,"_jetpack_newsletter_access":"","_jetpack_dont_email_post_to_subs":false,"_jetpack_newsletter_tier_id":0,"_jetpack_memberships_contains_paywalled_content":false,"_jetpack_memberships_contains_paid_content":false,"footnotes":"","jetpack_publicize_message":"","jetpack_publicize_feature_enabled":true,"jetpack_social_post_already_shared":false,"jetpack_social_options":{"image_generator_settings":{"template":"highway","default_image_id":0,"font":"","enabled":false},"version":2}},"categories":[15],"tags":[35,61,125],"class_list":["post-939","post","type-post","status-publish","format-standard","hentry","category-faites-medecine-quils-disaient","tag-bobologie","tag-diagnostic","tag-medecine-generale"],"jetpack_publicize_connections":[],"jetpack_featured_media_url":"","jetpack_shortlink":"https:\/\/wp.me\/p33dWC-f9","jetpack_sharing_enabled":true,"jetpack-related-posts":[],"_links":{"self":[{"href":"https:\/\/www.mimiryudo.com\/blog\/wp-json\/wp\/v2\/posts\/939","targetHints":{"allow":["GET"]}}],"collection":[{"href":"https:\/\/www.mimiryudo.com\/blog\/wp-json\/wp\/v2\/posts"}],"about":[{"href":"https:\/\/www.mimiryudo.com\/blog\/wp-json\/wp\/v2\/types\/post"}],"author":[{"embeddable":true,"href":"https:\/\/www.mimiryudo.com\/blog\/wp-json\/wp\/v2\/users\/1"}],"replies":[{"embeddable":true,"href":"https:\/\/www.mimiryudo.com\/blog\/wp-json\/wp\/v2\/comments?post=939"}],"version-history":[{"count":1,"href":"https:\/\/www.mimiryudo.com\/blog\/wp-json\/wp\/v2\/posts\/939\/revisions"}],"predecessor-version":[{"id":1739,"href":"https:\/\/www.mimiryudo.com\/blog\/wp-json\/wp\/v2\/posts\/939\/revisions\/1739"}],"wp:attachment":[{"href":"https:\/\/www.mimiryudo.com\/blog\/wp-json\/wp\/v2\/media?parent=939"}],"wp:term":[{"taxonomy":"category","embeddable":true,"href":"https:\/\/www.mimiryudo.com\/blog\/wp-json\/wp\/v2\/categories?post=939"},{"taxonomy":"post_tag","embeddable":true,"href":"https:\/\/www.mimiryudo.com\/blog\/wp-json\/wp\/v2\/tags?post=939"}],"curies":[{"name":"wp","href":"https:\/\/api.w.org\/{rel}","templated":true}]}}